{"id":49455,"date":"2026-05-01T08:15:52","date_gmt":"2026-05-01T11:15:52","guid":{"rendered":"https:\/\/novasdodia.com.br\/index.php\/2026\/05\/01\/interdicoes-temporarias-ocorrem-em-duas-regioes-nesta-sexta-feira-1-cgnoticias\/"},"modified":"2026-05-01T08:15:52","modified_gmt":"2026-05-01T11:15:52","slug":"interdicoes-temporarias-ocorrem-em-duas-regioes-nesta-sexta-feira-1-cgnoticias","status":"publish","type":"post","link":"https:\/\/novasdodia.com.br\/index.php\/2026\/05\/01\/interdicoes-temporarias-ocorrem-em-duas-regioes-nesta-sexta-feira-1-cgnoticias\/","title":{"rendered":"Interdi\u00e7\u00f5es tempor\u00e1rias ocorrem em duas regi\u00f5es nesta sexta-feira (1\u00b0) \u2013 CGNot\u00edcias"},"content":{"rendered":"<p><\/p>\n<div>\n<p>A Prefeitura de Campo Grande informa a realiza\u00e7\u00e3o de eventos sociais que ir\u00e3o impactar temporariamente o tr\u00e2nsito em diferentes regi\u00f5es da cidade neste fim de semana. As interdi\u00e7\u00f5es visam garantir a seguran\u00e7a dos participantes e a organiza\u00e7\u00e3o das atividades.<\/p>\n<p>No dia 1\u00ba de maio (sexta-feira), haver\u00e1 evento social na Rua Indian\u00e1polis, entre as ruas Nazar\u00e9 e Barbacena, no per\u00edodo das 15h \u00e0s 23h. Durante esse hor\u00e1rio, o trecho ser\u00e1 interditado para a realiza\u00e7\u00e3o da programa\u00e7\u00e3o.<\/p>\n<p>J\u00e1 entre os dias 1\u00ba e 2 de maio (sexta e s\u00e1bado), outro evento social acontece na Rua Marechal C\u00e2mara, entre as ruas S\u00e3o Bas\u00edlio e Santo Aleixo, com interdi\u00e7\u00e3o prevista das 12h \u00e0s 20h em ambos os dias.<\/p>\n<p>A orienta\u00e7\u00e3o \u00e9 para que os condutores busquem rotas alternativas e redobrem a aten\u00e7\u00e3o ao trafegar nas imedia\u00e7\u00f5es. A Prefeitura refor\u00e7a que as a\u00e7\u00f5es t\u00eam como objetivo promover a conviv\u00eancia comunit\u00e1ria, garantindo seguran\u00e7a e organiza\u00e7\u00e3o para todos os participantes.<\/p>\n<\/div>\n<p><script async defer async defer src=\"https:\/\/connect.facebook.net\/en_US\/sdk.js?ver=1#xfbml=1&amp;version=v3.2\" id=\"prefeitura-campogrande-script-facebook-sdk-js\"><\/script><\/p>\n","protected":false},"excerpt":{"rendered":"<p>A Prefeitura de Campo Grande informa a realiza\u00e7\u00e3o de eventos sociais que ir\u00e3o impactar temporariamente o tr\u00e2nsito em diferentes regi\u00f5es da cidade neste fim de semana. As interdi\u00e7\u00f5es visam garantir a seguran\u00e7a dos participantes e a organiza\u00e7\u00e3o das atividades. No dia 1\u00ba de maio (sexta-feira), haver\u00e1 evento social na Rua Indian\u00e1polis, entre as ruas Nazar\u00e9 [&hellip;]<\/p>\n","protected":false},"author":1,"featured_media":0,"comment_status":"","ping_status":"","sticky":false,"template":"","format":"standard","meta":{"footnotes":""},"categories":[],"tags":[],"class_list":["post-49455","post","type-post","status-publish","format-standard","hentry"],"amp_enabled":true,"_links":{"self":[{"href":"https:\/\/novasdodia.com.br\/index.php\/wp-json\/wp\/v2\/posts\/49455","targetHints":{"allow":["GET"]}}],"collection":[{"href":"https:\/\/novasdodia.com.br\/index.php\/wp-json\/wp\/v2\/posts"}],"about":[{"href":"https:\/\/novasdodia.com.br\/index.php\/wp-json\/wp\/v2\/types\/post"}],"author":[{"embeddable":true,"href":"https:\/\/novasdodia.com.br\/index.php\/wp-json\/wp\/v2\/users\/1"}],"replies":[{"embeddable":true,"href":"https:\/\/novasdodia.com.br\/index.php\/wp-json\/wp\/v2\/comments?post=49455"}],"version-history":[{"count":0,"href":"https:\/\/novasdodia.com.br\/index.php\/wp-json\/wp\/v2\/posts\/49455\/revisions"}],"wp:attachment":[{"href":"https:\/\/novasdodia.com.br\/index.php\/wp-json\/wp\/v2\/media?parent=49455"}],"wp:term":[{"taxonomy":"category","embeddable":true,"href":"https:\/\/novasdodia.com.br\/index.php\/wp-json\/wp\/v2\/categories?post=49455"},{"taxonomy":"post_tag","embeddable":true,"href":"https:\/\/novasdodia.com.br\/index.php\/wp-json\/wp\/v2\/tags?post=49455"}],"curies":[{"name":"wp","href":"https:\/\/api.w.org\/{rel}","templated":true}]}}