{"id":49456,"date":"2026-05-01T08:57:51","date_gmt":"2026-05-01T11:57:51","guid":{"rendered":"https:\/\/novasdodia.com.br\/index.php\/2026\/05\/01\/o-trabalho-que-transforma-sementes-em-vida-em-campo-grande-cgnoticias\/"},"modified":"2026-05-01T08:57:51","modified_gmt":"2026-05-01T11:57:51","slug":"o-trabalho-que-transforma-sementes-em-vida-em-campo-grande-cgnoticias","status":"publish","type":"post","link":"https:\/\/novasdodia.com.br\/index.php\/2026\/05\/01\/o-trabalho-que-transforma-sementes-em-vida-em-campo-grande-cgnoticias\/","title":{"rendered":"o trabalho que transforma sementes em vida em Campo Grande \u2013 CGNot\u00edcias"},"content":{"rendered":"<p><\/p>\n<div>\n<p>No Dia do Trabalhador, hist\u00f3rias que ajudam a construir a cidade ganham ainda mais significado. Em Campo Grande, tamb\u00e9m merece destaque o trabalho de quem dedica a rotina ao cultivo de \u00e1rvores respons\u00e1veis por transformar a paisagem, garantir sombra nas ruas, oferecer abrigo \u00e0 fauna e melhorar a qualidade de vida da popula\u00e7\u00e3o.<\/p>\n<p>Desde 2011, ano de inaugura\u00e7\u00e3o do Viveiro Municipal Flora do Cerrado, o viveirista Ant\u00f4nio Andrade, de 66 anos, acompanha de perto o crescimento de milhares de mudas que hoje fazem parte da paisagem urbana da Capital.<\/p>\n<p>\u201cEstou aqui no viveiro da Prefeitura h\u00e1 quase 15 anos, desde o in\u00edcio. Fa\u00e7o o que gosto e gosto do que fa\u00e7o. N\u00e3o me vejo trabalhando com outra coisa\u201d, resume, com simplicidade, a rela\u00e7\u00e3o constru\u00edda com o trabalho ao longo da vida.<\/p>\n<h3 class=\"wp-block-heading\">Da semente ao plantio: cuidado e conhecimento<\/h3>\n<p>No viveiro municipal, o trabalho vai muito al\u00e9m do plantio. Cada muda passa por um processo cuidadoso, que exige conhecimento t\u00e9cnico, aten\u00e7\u00e3o e dedica\u00e7\u00e3o di\u00e1ria.<\/p>\n<p>\u201cTudo come\u00e7a na prepara\u00e7\u00e3o do substrato, para depois semear. Em seguida vem a manuten\u00e7\u00e3o, como as podas, que s\u00e3o fundamentais para n\u00e3o perder a muda e alcan\u00e7ar o desenvolvimento ideal\u201d, explica.<\/p>\n<p>Ao longo dos anos, o resultado desse trabalho impressiona. \u201cAcredito que, nesse tempo todo, desde a semente at\u00e9 a estaca, j\u00e1 produzi pelo menos um milh\u00e3o de mudas\u201d, estima.<\/p>\n<figure class=\"wp-block-image size-large\"><\/figure>\n<h3 class=\"wp-block-heading\">Um trabalho que floresce pela cidade<\/h3>\n<p>Mais do que n\u00fameros, Ant\u00f4nio construiu uma rela\u00e7\u00e3o afetiva com o que faz. Para ele, cada planta carrega parte da sua pr\u00f3pria hist\u00f3ria.<\/p>\n<p>\u201cFico muito feliz e grato, ainda mais quando saio daqui e vejo as mudas sendo plantadas. Como as figueiras da Avenida Mato Grosso s\u00e3o praticamente oito anos da minha vida dedicados a elas\u201d, conta, emocionado.<\/p>\n<p>Esse cuidado se reflete diretamente na cidade, contribuindo para a arboriza\u00e7\u00e3o urbana e o equil\u00edbrio ambiental.<\/p>\n<p>\u201cConsidero esse trabalho um dos mais importantes para a cidade, porque ajuda na qualidade de vida e no bem-estar da popula\u00e7\u00e3o\u201d, afirma.<\/p>\n<p>Ele tamb\u00e9m destaca o impacto na fauna urbana. \u201cCampo Grande tem muitas aves, como beija-flores e araras, justamente porque temos \u00e1rvores, sementes e alimento. As \u00e1rvores contribuem para tudo isso.\u201d<\/p>\n<p>Al\u00e9m de cultivar plantas, Ant\u00f4nio faz quest\u00e3o de compartilhar conhecimento com a popula\u00e7\u00e3o.<\/p>\n<p>\u201cGostaria que as pessoas entendessem a import\u00e2ncia dessas mudas quando levam para plantar em casa. N\u00e3o \u00e9 s\u00f3 plantar \u00e9 preciso preparar o solo e cuidar, sen\u00e3o n\u00e3o adianta.\u201d<\/p>\n<figure class=\"wp-block-image size-large\"><\/figure>\n<p>No Dia do Trabalhador, a mensagem que ele deixa reflete sua trajet\u00f3ria: \u201cSiga em frente, estude aquilo que voc\u00ea quer fazer e trabalhe com prazer.\u201d<\/p>\n<p>Para o secret\u00e1rio municipal de Meio Ambiente, Gest\u00e3o Urbana e Desenvolvimento Econ\u00f4mico, Tur\u00edstico e Sustent\u00e1vel, Ademar Silva Junior, o trabalho desenvolvido no viveiro representa o compromisso da gest\u00e3o com a sustentabilidade e a qualidade de vida.<\/p>\n<p>\u201cA produ\u00e7\u00e3o de mudas e o incentivo \u00e0 arboriza\u00e7\u00e3o urbana s\u00e3o fundamentais para o desenvolvimento sustent\u00e1vel de Campo Grande, promovendo bem-estar e equil\u00edbrio ambiental. O comprometimento de servidores como o seu Ant\u00f4nio refor\u00e7a o orgulho da gest\u00e3o em contar com profissionais que dedicam suas trajet\u00f3rias ao cuidado com a cidade.\u201d<\/p>\n<p>Hist\u00f3rias como a de Ant\u00f4nio Andrade mostram que o trabalho vai al\u00e9m da rotina: \u00e9 dedica\u00e7\u00e3o, conhecimento e compromisso com o futuro. Em cada \u00e1rvore plantada na cidade, h\u00e1 tamb\u00e9m o cuidado de quem transforma, todos os dias, sementes em vida.<\/p>\n<figure class=\"wp-block-gallery has-nested-images columns-default is-cropped wp-block-gallery-2 is-layout-flex wp-block-gallery-is-layout-flex\">\n<figure class=\"wp-block-image size-large\"><\/figure>\n<figure class=\"wp-block-image size-large\"><\/figure>\n<\/figure>\n<\/div>\n<p><script async defer async defer src=\"https:\/\/connect.facebook.net\/en_US\/sdk.js?ver=1#xfbml=1&amp;version=v3.2\" id=\"prefeitura-campogrande-script-facebook-sdk-js\"><\/script><\/p>\n","protected":false},"excerpt":{"rendered":"<p>No Dia do Trabalhador, hist\u00f3rias que ajudam a construir a cidade ganham ainda mais significado. Em Campo Grande, tamb\u00e9m merece destaque o trabalho de quem dedica a rotina ao cultivo de \u00e1rvores respons\u00e1veis por transformar a paisagem, garantir sombra nas ruas, oferecer abrigo \u00e0 fauna e melhorar a qualidade de vida da popula\u00e7\u00e3o. Desde 2011, [&hellip;]<\/p>\n","protected":false},"author":1,"featured_media":0,"comment_status":"","ping_status":"","sticky":false,"template":"","format":"standard","meta":{"footnotes":""},"categories":[],"tags":[],"class_list":["post-49456","post","type-post","status-publish","format-standard","hentry"],"amp_enabled":true,"_links":{"self":[{"href":"https:\/\/novasdodia.com.br\/index.php\/wp-json\/wp\/v2\/posts\/49456","targetHints":{"allow":["GET"]}}],"collection":[{"href":"https:\/\/novasdodia.com.br\/index.php\/wp-json\/wp\/v2\/posts"}],"about":[{"href":"https:\/\/novasdodia.com.br\/index.php\/wp-json\/wp\/v2\/types\/post"}],"author":[{"embeddable":true,"href":"https:\/\/novasdodia.com.br\/index.php\/wp-json\/wp\/v2\/users\/1"}],"replies":[{"embeddable":true,"href":"https:\/\/novasdodia.com.br\/index.php\/wp-json\/wp\/v2\/comments?post=49456"}],"version-history":[{"count":0,"href":"https:\/\/novasdodia.com.br\/index.php\/wp-json\/wp\/v2\/posts\/49456\/revisions"}],"wp:attachment":[{"href":"https:\/\/novasdodia.com.br\/index.php\/wp-json\/wp\/v2\/media?parent=49456"}],"wp:term":[{"taxonomy":"category","embeddable":true,"href":"https:\/\/novasdodia.com.br\/index.php\/wp-json\/wp\/v2\/categories?post=49456"},{"taxonomy":"post_tag","embeddable":true,"href":"https:\/\/novasdodia.com.br\/index.php\/wp-json\/wp\/v2\/tags?post=49456"}],"curies":[{"name":"wp","href":"https:\/\/api.w.org\/{rel}","templated":true}]}}