{"id":49457,"date":"2026-05-01T09:01:38","date_gmt":"2026-05-01T12:01:38","guid":{"rendered":"https:\/\/novasdodia.com.br\/index.php\/2026\/05\/01\/prefeitura-promove-mes-do-trabalhador-com-acoes-de-empregabilidade-qualificacao-e-dialogo-com-a-sociedade-agencia-de-noticias\/"},"modified":"2026-05-01T09:01:38","modified_gmt":"2026-05-01T12:01:38","slug":"prefeitura-promove-mes-do-trabalhador-com-acoes-de-empregabilidade-qualificacao-e-dialogo-com-a-sociedade-agencia-de-noticias","status":"publish","type":"post","link":"https:\/\/novasdodia.com.br\/index.php\/2026\/05\/01\/prefeitura-promove-mes-do-trabalhador-com-acoes-de-empregabilidade-qualificacao-e-dialogo-com-a-sociedade-agencia-de-noticias\/","title":{"rendered":"Prefeitura promove \u201cM\u00eas do Trabalhador\u201d com a\u00e7\u00f5es de empregabilidade, qualifica\u00e7\u00e3o e di\u00e1logo com a sociedade \u2013 Ag\u00eancia de Not\u00edcias"},"content":{"rendered":"<p><\/p>\n<div>\n<div class=\"col\">\n<p class=\"mt-0\">\n                        <strong><br \/>\n                            <span class=\"far fa-calendar mr-1 mt-2\"\/><br \/>\n                            30 de abril de 2026<br \/>\n                            <span class=\"far fa-clock ml-3 mt-2\"\/><br \/>\n                            17:25<br \/>\n                        <\/strong>\n                    <\/p>\n<p class=\"mb-0\">Por: <strong>Secom<\/strong><\/p>\n<\/p><\/div>\n<\/p><\/div>\n<div>\n<p>A Prefeitura de Sorocaba, por meio da Secretaria de Rela\u00e7\u00f5es do Trabalho e Qualifica\u00e7\u00e3o Profissional (Sert), realizar\u00e1, ao longo do m\u00eas de maio, uma s\u00e9rie de a\u00e7\u00f5es em alus\u00e3o ao M\u00eas do Trabalhador, per\u00edodo que rememora a luta hist\u00f3rica por melhores condi\u00e7\u00f5es de trabalho e valoriza\u00e7\u00e3o da classe trabalhadora.<\/p>\n<p>A programa\u00e7\u00e3o foi estruturada de forma a reunir atividades voltadas tanto aos trabalhadores quanto \u00e0s empresas. \u201cCom o M\u00eas do Trabalhador, a Prefeitura refor\u00e7a seu compromisso com a valoriza\u00e7\u00e3o do trabalhador, a amplia\u00e7\u00e3o de oportunidades e o fortalecimento de pol\u00edticas p\u00fablicas que promovam o acesso ao emprego e \u00e0 qualifica\u00e7\u00e3o profissional\u201d, ressalta o prefeito Rodrigo Manga.<\/p>\n<p>Entre os destaques est\u00e1 a Semana do Trabalhador, que ocorrer\u00e1 de 4 a 8 de maio, na Casa do Trabalhador (Rua Coronel Cavalheiros, 353, Centro). Durante esse per\u00edodo, os trabalhadores atendidos no local contar\u00e3o com uma programa\u00e7\u00e3o especial, incluindo a\u00e7\u00f5es de empregabilidade, coffee break, servi\u00e7os de acolhimento e palestras.<\/p>\n<p>A semana tamb\u00e9m marcar\u00e1 o lan\u00e7amento da segunda fase do programa Tempo de Cuidar, com o grupo \u201cPrepara\u00e7\u00e3o para a Entrevista de Emprego: Conectando Experi\u00eancias e Oportunidades\u201d, que acontecer\u00e1 \u00e0s ter\u00e7as-feiras, \u00e0s 10h.<\/p>\n<p>No dia 9 de maio (s\u00e1bado), ser\u00e1 realizado o evento de encerramento, das 9h \u00e0s 15h, na Pra\u00e7a Coronel Fernando Prestes, no Centro. Trata-se de uma a\u00e7\u00e3o externa, em parceria com a 5\u00aa edi\u00e7\u00e3o da Expo Mulheres Empreendedoras, iniciativa promovida pela Secretaria da Mulher (Semul) e pelo Fundo Social de Solidariedade (FSS). A proposta \u00e9 ampliar o alcance das a\u00e7\u00f5es, promovendo um ambiente acolhedor, informativo e integrado para os trabalhadores.<\/p>\n<p>Dando sequ\u00eancia \u00e0 programa\u00e7\u00e3o, nos dias 12 e 13 de maio, a Secretaria em parceria com o Servi\u00e7o Nacional de Aprendizagem Industrial (Senac), promover\u00e1 um Encontro com Empresas, com foco na divulga\u00e7\u00e3o e fortalecimento de programas de aprendizagem, incentivando a inser\u00e7\u00e3o de jovens no mercado de trabalho.<\/p>\n<p>Encerrando o m\u00eas, no dia 27 de maio, ser\u00e1 realizado o F\u00f3rum do Trabalho, que ter\u00e1 como eixo central a responsabilidade social no contexto do trabalho, reunindo representantes do poder p\u00fablico, iniciativa privada e sociedade civil para discutir caminhos e solu\u00e7\u00f5es voltados \u00e0 inclus\u00e3o produtiva e ao desenvolvimento econ\u00f4mico com responsabilidade social.<\/p>\n<p>Para o secret\u00e1rio de Rela\u00e7\u00f5es do Trabalho e Qualifica\u00e7\u00e3o Profissional, P\u00e9ricles R\u00e9gis, a iniciativa refor\u00e7a o compromisso da Prefeitura com a popula\u00e7\u00e3o. \u201cO trabalho da Secretaria acontece o ano inteiro, construindo pol\u00edticas p\u00fablicas, tirando ideias do papel e fazendo chegar at\u00e9 as pessoas. O M\u00eas do Trabalhador vem como um marco para refor\u00e7ar esse olhar, dar visibilidade \u00e0s a\u00e7\u00f5es e lembrar a import\u00e2ncia de tratar o trabalho como uma pauta permanente na cidade.\u201d, destaca.<\/p>\n<\/p><\/div>\n","protected":false},"excerpt":{"rendered":"<p>30 de abril de 2026 17:25 Por: Secom A Prefeitura de Sorocaba, por meio da Secretaria de Rela\u00e7\u00f5es do Trabalho e Qualifica\u00e7\u00e3o Profissional (Sert), realizar\u00e1, ao longo do m\u00eas de maio, uma s\u00e9rie de a\u00e7\u00f5es em alus\u00e3o ao M\u00eas do Trabalhador, per\u00edodo que rememora a luta hist\u00f3rica por melhores condi\u00e7\u00f5es de trabalho e valoriza\u00e7\u00e3o da [&hellip;]<\/p>\n","protected":false},"author":1,"featured_media":0,"comment_status":"","ping_status":"","sticky":false,"template":"","format":"standard","meta":{"footnotes":""},"categories":[1],"tags":[],"class_list":["post-49457","post","type-post","status-publish","format-standard","hentry","category-noticias"],"amp_enabled":true,"_links":{"self":[{"href":"https:\/\/novasdodia.com.br\/index.php\/wp-json\/wp\/v2\/posts\/49457","targetHints":{"allow":["GET"]}}],"collection":[{"href":"https:\/\/novasdodia.com.br\/index.php\/wp-json\/wp\/v2\/posts"}],"about":[{"href":"https:\/\/novasdodia.com.br\/index.php\/wp-json\/wp\/v2\/types\/post"}],"author":[{"embeddable":true,"href":"https:\/\/novasdodia.com.br\/index.php\/wp-json\/wp\/v2\/users\/1"}],"replies":[{"embeddable":true,"href":"https:\/\/novasdodia.com.br\/index.php\/wp-json\/wp\/v2\/comments?post=49457"}],"version-history":[{"count":0,"href":"https:\/\/novasdodia.com.br\/index.php\/wp-json\/wp\/v2\/posts\/49457\/revisions"}],"wp:attachment":[{"href":"https:\/\/novasdodia.com.br\/index.php\/wp-json\/wp\/v2\/media?parent=49457"}],"wp:term":[{"taxonomy":"category","embeddable":true,"href":"https:\/\/novasdodia.com.br\/index.php\/wp-json\/wp\/v2\/categories?post=49457"},{"taxonomy":"post_tag","embeddable":true,"href":"https:\/\/novasdodia.com.br\/index.php\/wp-json\/wp\/v2\/tags?post=49457"}],"curies":[{"name":"wp","href":"https:\/\/api.w.org\/{rel}","templated":true}]}}