{"id":49462,"date":"2026-05-01T10:25:37","date_gmt":"2026-05-01T13:25:37","guid":{"rendered":"https:\/\/novasdodia.com.br\/index.php\/2026\/05\/01\/agencia-minas-gerais-trabalho-que-transforma-programas-do-governo-de-minas-ampliam-oportunidades-e-impulsionam-empregabilidade\/"},"modified":"2026-05-01T10:25:37","modified_gmt":"2026-05-01T13:25:37","slug":"agencia-minas-gerais-trabalho-que-transforma-programas-do-governo-de-minas-ampliam-oportunidades-e-impulsionam-empregabilidade","status":"publish","type":"post","link":"https:\/\/novasdodia.com.br\/index.php\/2026\/05\/01\/agencia-minas-gerais-trabalho-que-transforma-programas-do-governo-de-minas-ampliam-oportunidades-e-impulsionam-empregabilidade\/","title":{"rendered":"Ag\u00eancia Minas Gerais | Trabalho que transforma: programas do Governo de Minas ampliam oportunidades e impulsionam empregabilidade"},"content":{"rendered":"<p><\/p>\n<div>\n<p>Conseguir o primeiro emprego pode ser um desafio &#8211; e, para muitos jovens, tamb\u00e9m um ponto de virada. Foi assim para Davi Lucas Medeiros da Silva, de 17 anos, que encontrou no Mutir\u00e3o Jovem Aprendiz a chance de entrar no mercado de trabalho.<\/p>\n<p>\u201cO mutir\u00e3o foi pr\u00e1tico e f\u00e1cil. E foi algo muito bonito. As vagas de jovem aprendiz est\u00e3o muito disputadas, e esse tipo de iniciativa coloca o candidato direto em contato com as empresas contratantes. E eu sou um desses jovens que foram contratados\u201d, conta.<\/p>\n<figure class=\"image\" style=\"float:left\">&#13;<figcaption><em><sup>Davi Lucas conseguiu ingressar no mercado de trabalho por meio do Mutir\u00e3o Jovem Aprendiz \/ Foto: Sedese-Divulga\u00e7\u00e3o<\/sup><\/em><\/figcaption>&#13;<br \/>\n<\/figure>\n<p>Hist\u00f3rias como a de Davi ajudam a explicar o momento positivo vivido por Minas Gerais na gera\u00e7\u00e3o de empregos. Dados do Cadastro Geral de Empregados e Desempregados (Caged) mostram que o estado j\u00e1 acumula mais de 1 milh\u00e3o de empregos criados nos \u00faltimos anos. Em 2026, j\u00e1 s\u00e3o 70.625 novas carteiras de trabalho assinadas, consolidando Minas como um dos estados que mais geram oportunidades no pa\u00eds.<\/p>\n<p>O governador de Minas Gerais, Mateus Sim\u00f5es, destaca que o ambiente favor\u00e1vel aos neg\u00f3cios tem sido decisivo para esse resultado.<\/p>\n<p>\u201cBatemos a marca de 1 milh\u00e3o de empregos criados porque o Governo de Minas \u00e9 parceiro de quem quer empreender e de quem quer trabalhar. Aliamos o apoio ao setor produtivo e qualifica\u00e7\u00e3o profissional para garantir que as oportunidades cheguem a quem mais precisa&#8221;, afirma.<\/p>\n<p>Para o secret\u00e1rio de Estado interino de Desenvolvimento Social, Ricardo Alves, o avan\u00e7o est\u00e1 diretamente ligado \u00e0 combina\u00e7\u00e3o entre pol\u00edticas p\u00fablicas e inclus\u00e3o produtiva.<\/p>\n<p>\u201cEstamos falando de iniciativas que aproximam as pessoas das oportunidades reais de trabalho. A Sedese atua desde a forma\u00e7\u00e3o profissional at\u00e9 a conex\u00e3o com o mercado, garantindo que mais mineiros tenham condi\u00e7\u00f5es de conquistar autonomia e construir seus pr\u00f3prios caminhos\u201d, explica.<\/p>\n<p>Al\u00e9m da gera\u00e7\u00e3o de empregos, Minas tamb\u00e9m alcan\u00e7ou a menor taxa de desemprego da sua hist\u00f3ria: 3,8% no quarto trimestre de 2025, abaixo da m\u00e9dia nacional, de 5,1%.<\/p>\n<p><strong>Da qualifica\u00e7\u00e3o \u00e0 contrata\u00e7\u00e3o<\/strong><\/p>\n<p>Por tr\u00e1s dos n\u00fameros, h\u00e1 uma estrat\u00e9gia que conecta forma\u00e7\u00e3o e acesso ao trabalho. O Mutir\u00e3o Jovem Aprendiz, por exemplo, j\u00e1 ofertou mais de 10 mil vagas em duas edi\u00e7\u00f5es, aproximando jovens das empresas de forma direta.<\/p>\n<p>Outro destaque \u00e9 o Evolu\u00e7\u00e3o Jovem, desenvolvido em parceria com a Secretaria de Estado de Educa\u00e7\u00e3o (SEE), que permite que estudantes da rede p\u00fablica ingressem no mercado com carteira assinada, sal\u00e1rio e direitos trabalhistas. Ao todo, ser\u00e3o 10 mil vagas distribu\u00eddas em 70 munic\u00edpios.<\/p>\n<p>J\u00e1 o Minas Forma amplia as possibilidades para jovens e adultos em situa\u00e7\u00e3o de vulnerabilidade social, especialmente mulheres, com mais de 16 mil vagas em cursos gratuitos em mais de 100 munic\u00edpios. As forma\u00e7\u00f5es s\u00e3o voltadas para \u00e1reas com demanda real de mercado, como turismo, servi\u00e7os e setor industrial.<\/p>\n<p><strong>Mais acesso, menos barreiras<\/strong><\/p>\n<p>Al\u00e9m da capacita\u00e7\u00e3o, o acesso \u00e0s oportunidades tamb\u00e9m tem sido facilitado. Entre janeiro e mar\u00e7o deste ano, o Sine-MG disponibilizou mais de 40 mil vagas em todo o estado. Desde 2019, foram mais de 7 milh\u00f5es de atendimentos e quase 2 milh\u00f5es de trabalhadores encaminhados ao mercado formal.<\/p>\n<p>J\u00e1 a plataforma Contrata MG re\u00fane vagas em um \u00fanico ambiente digital, conectando empresas e candidatos de forma r\u00e1pida e simples. Apenas entre fevereiro e mar\u00e7o, foram ofertadas quase 4 mil oportunidades, incluindo mais de 400 vagas destinadas a pessoas com defici\u00eancia.<\/p>\n<p>Ao celebrar o Dia do Trabalhador, o Governo de Minas, por meio da Secretaria de Estado de Desenvolvimento Social (Sedese), reafirma o compromisso de seguir ampliando oportunidades, fortalecendo a qualifica\u00e7\u00e3o profissional e mantendo o mercado de trabalho em movimento, com impacto direto na vida das fam\u00edlias mineiras.<\/p>\n<\/p><\/div>\n","protected":false},"excerpt":{"rendered":"<p>Conseguir o primeiro emprego pode ser um desafio &#8211; e, para muitos jovens, tamb\u00e9m um ponto de virada. Foi assim para Davi Lucas Medeiros da Silva, de 17 anos, que encontrou no Mutir\u00e3o Jovem Aprendiz a chance de entrar no mercado de trabalho. \u201cO mutir\u00e3o foi pr\u00e1tico e f\u00e1cil. E foi algo muito bonito. As [&hellip;]<\/p>\n","protected":false},"author":1,"featured_media":0,"comment_status":"","ping_status":"","sticky":false,"template":"","format":"standard","meta":{"footnotes":""},"categories":[1],"tags":[],"class_list":["post-49462","post","type-post","status-publish","format-standard","hentry","category-noticias"],"amp_enabled":true,"_links":{"self":[{"href":"https:\/\/novasdodia.com.br\/index.php\/wp-json\/wp\/v2\/posts\/49462","targetHints":{"allow":["GET"]}}],"collection":[{"href":"https:\/\/novasdodia.com.br\/index.php\/wp-json\/wp\/v2\/posts"}],"about":[{"href":"https:\/\/novasdodia.com.br\/index.php\/wp-json\/wp\/v2\/types\/post"}],"author":[{"embeddable":true,"href":"https:\/\/novasdodia.com.br\/index.php\/wp-json\/wp\/v2\/users\/1"}],"replies":[{"embeddable":true,"href":"https:\/\/novasdodia.com.br\/index.php\/wp-json\/wp\/v2\/comments?post=49462"}],"version-history":[{"count":0,"href":"https:\/\/novasdodia.com.br\/index.php\/wp-json\/wp\/v2\/posts\/49462\/revisions"}],"wp:attachment":[{"href":"https:\/\/novasdodia.com.br\/index.php\/wp-json\/wp\/v2\/media?parent=49462"}],"wp:term":[{"taxonomy":"category","embeddable":true,"href":"https:\/\/novasdodia.com.br\/index.php\/wp-json\/wp\/v2\/categories?post=49462"},{"taxonomy":"post_tag","embeddable":true,"href":"https:\/\/novasdodia.com.br\/index.php\/wp-json\/wp\/v2\/tags?post=49462"}],"curies":[{"name":"wp","href":"https:\/\/api.w.org\/{rel}","templated":true}]}}