{"id":49478,"date":"2026-05-02T00:25:39","date_gmt":"2026-05-02T03:25:39","guid":{"rendered":"https:\/\/novasdodia.com.br\/index.php\/2026\/05\/02\/energia-solar-supera-r-300-bilhoes-em-investimentos\/"},"modified":"2026-05-02T00:25:39","modified_gmt":"2026-05-02T03:25:39","slug":"energia-solar-supera-r-300-bilhoes-em-investimentos","status":"publish","type":"post","link":"https:\/\/novasdodia.com.br\/index.php\/2026\/05\/02\/energia-solar-supera-r-300-bilhoes-em-investimentos\/","title":{"rendered":"Energia solar supera R$ 300 bilh\u00f5es em investimentos"},"content":{"rendered":"<p> Por MRNews<br \/>\n<\/p>\n<div wp_automatic_readability=\"88.964748418198\">\n<p><strong>Os investimentos acumulados em energia solar no Brasil ultrapassaram a marca de R$ 300 bilh\u00f5es, considerando tanto grandes usinas quanto sistemas de gera\u00e7\u00e3o pr\u00f3pria. Os dados s\u00e3o da Associa\u00e7\u00e3o Brasileira de Energia Solar Fotovoltaica (Absolar).\u00a0<\/strong><\/p>\n<p>Apesar do avan\u00e7o hist\u00f3rico, o setor enfrenta um cen\u00e1rio recente de desacelera\u00e7\u00e3o, com queda no ritmo de novos projetos ao longo do \u00faltimo ano.<\/p>\n<p>Entre os principais fatores para a desacelera\u00e7\u00e3o est\u00e3o cortes na gera\u00e7\u00e3o de usinas renov\u00e1veis que produzem energia excedente, sem compensa\u00e7\u00e3o financeira aos empreendedores, e dificuldades de conex\u00e3o para pequenos sistemas, relacionadas \u00e0 capacidade das redes el\u00e9tricas.<\/p>\n<p><strong><a href=\"https:\/\/mrnews.com.br\/index.php\/2026\/05\/01\/sindicatos-realizam-ato-pelo-direito-ao-descanso-e-fim-da-escala-6x1\/\">Sindicatos realizam ato pelo direito ao descanso e fim da escala 6\u00d71<\/a><\/strong><\/p>\n<p><strong><a href=\"https:\/\/mrnews.com.br\/index.php\/2026\/05\/01\/chuvas-governo-envia-defesa-civil-para-pernambuco-e-paraiba\/\">Chuvas: Governo envia Defesa Civil para Pernambuco e Para\u00edba<\/a><\/strong><\/p>\n<h2>Principais n\u00fameros do setor:<\/h2>\n<p>\u2022 Investimentos acumulados: mais de R$ 300 bilh\u00f5es;<\/p>\n<p>\u2022 Empregos gerados: mais de 2 milh\u00f5es na \u00faltima d\u00e9cada;<\/p>\n<p>\u2022 Capacidade instalada: 68,6 gigawatts (GW) em opera\u00e7\u00e3o;<\/p>\n<p>\u2022 Arrecada\u00e7\u00e3o p\u00fablica: R$ 95,9 bilh\u00f5es;<\/p>\n<p><strong><a href=\"https:\/\/mrnews.com.br\/index.php\/2026\/05\/01\/petrobras-inicia-p-79-e-reforca-producao-de-petroleo-e-gas-no-pais\/\">Petrobras inicia P-79 e refor\u00e7a produ\u00e7\u00e3o de petr\u00f3leo e g\u00e1s no pa\u00eds<\/a><\/strong><\/p>\n<p><strong><a href=\"https:\/\/mrnews.com.br\/index.php\/2026\/05\/01\/ato-em-sao-bernardo-mobiliza-sindicatos-e-pede-fim-da-escala-6x1\/\">Ato em S\u00e3o Bernardo mobiliza sindicatos e pede fim da escala 6\u00d71<\/a><\/strong><\/p>\n<p>\u2022 Participa\u00e7\u00e3o na matriz el\u00e9trica: 25,3% (segunda maior fonte do pa\u00eds).<\/p>\n<p>O crescimento ocorre mesmo diante de uma retra\u00e7\u00e3o significativa em 2025. <strong>Segundo o levantamento, a pot\u00eancia adicionada \u00e0 matriz energ\u00e9tica caiu 25,6%, passando de 15,6 GW em 2024 para 11,6 GW no ano seguinte.<\/strong><\/p>\n<p><strong>A presen\u00e7a da energia solar se espalha por todo o territ\u00f3rio nacional, com usinas de grande porte em diversas regi\u00f5es e sistemas de gera\u00e7\u00e3o distribu\u00edda instalados em mais de 5 mil munic\u00edpios.<\/strong><\/p>\n<h2>Ranking por estados:<\/h2>\n<p><strong>Gera\u00e7\u00e3o centralizada (grandes usinas solares):<\/strong><\/p>\n<p>\u2022 Minas Gerais: 8,6 GW;<\/p>\n<p>\u2022 Bahia: 2,9 GW;<\/p>\n<p>\u2022 Piau\u00ed: 2,4 GW.<\/p>\n<p><strong>Gera\u00e7\u00e3o distribu\u00edda (pequenas usinas e telhados):<\/strong><\/p>\n<p>\u2022\u00a0 S\u00e3o Paulo: 6,5 GW;<\/p>\n<p>\u2022\u00a0 Minas Gerais: 5,8 GW;<\/p>\n<p>\u2022\u00a0 Paran\u00e1: 4,2 GW.<\/p>\n<p>Na avalia\u00e7\u00e3o da Absolar, os entraves recentes limitaram o potencial de crescimento do setor, resultando em fechamento de empresas, cancelamento de investimentos e redu\u00e7\u00e3o de empregos. <strong>Segundo a presidente eleita do conselho da entidade para o per\u00edodo 2026\u20132030, Barbara Rubim, a prioridade ser\u00e1 promover uma expans\u00e3o sustent\u00e1vel da fonte solar, com foco em melhorias regulat\u00f3rias, fortalecimento do mercado livre de energia e incentivo a tecnologias complementares, como armazenamento e hidrog\u00eanio verde.<\/strong><\/p>\n<p>Entre os principais pontos defendidos pela entidade, est\u00e3o a regulamenta\u00e7\u00e3o do armazenamento de energia el\u00e9trica junto ao Regime Especial de Incentivos para o Desenvolvimento da Infraestrutura (Reidi). Conforme a associa\u00e7\u00e3o, as medidas podem ser feitas de forma infralegal, por meio de decretos presidenciais ou portarias de minist\u00e9rios, sem a necessidade de aprova\u00e7\u00e3o de projetos de lei ou de medidas provis\u00f3rias no Congresso.<\/p>\n<p>A entidade tamb\u00e9m defende altera\u00e7\u00f5es para estimular projetos de armazenamento de energia solar no regime especial a setores da economia inclu\u00eddos na reforma tribut\u00e1ria.\u00a0<\/p>\n<p>Fundada em 2013, a Absolar re\u00fane empresas e institui\u00e7\u00f5es de toda a cadeia da energia fotovoltaica e atua na articula\u00e7\u00e3o do setor em prol da transi\u00e7\u00e3o energ\u00e9tica no Brasil.<\/p>\n<p>\u00a0<\/p>\n<\/div>\n","protected":false},"excerpt":{"rendered":"<p>Por MRNews Os investimentos acumulados em energia solar no Brasil ultrapassaram a marca de R$ 300 bilh\u00f5es, considerando tanto grandes usinas quanto sistemas de gera\u00e7\u00e3o pr\u00f3pria. Os dados s\u00e3o da Associa\u00e7\u00e3o Brasileira de Energia Solar Fotovoltaica (Absolar).\u00a0 Apesar do avan\u00e7o hist\u00f3rico, o setor enfrenta um cen\u00e1rio recente de desacelera\u00e7\u00e3o, com queda no ritmo de novos [&hellip;]<\/p>\n","protected":false},"author":3,"featured_media":0,"comment_status":"","ping_status":"","sticky":false,"template":"","format":"standard","meta":{"footnotes":""},"categories":[1],"tags":[],"class_list":["post-49478","post","type-post","status-publish","format-standard","hentry","category-noticias"],"amp_enabled":true,"_links":{"self":[{"href":"https:\/\/novasdodia.com.br\/index.php\/wp-json\/wp\/v2\/posts\/49478","targetHints":{"allow":["GET"]}}],"collection":[{"href":"https:\/\/novasdodia.com.br\/index.php\/wp-json\/wp\/v2\/posts"}],"about":[{"href":"https:\/\/novasdodia.com.br\/index.php\/wp-json\/wp\/v2\/types\/post"}],"author":[{"embeddable":true,"href":"https:\/\/novasdodia.com.br\/index.php\/wp-json\/wp\/v2\/users\/3"}],"replies":[{"embeddable":true,"href":"https:\/\/novasdodia.com.br\/index.php\/wp-json\/wp\/v2\/comments?post=49478"}],"version-history":[{"count":0,"href":"https:\/\/novasdodia.com.br\/index.php\/wp-json\/wp\/v2\/posts\/49478\/revisions"}],"wp:attachment":[{"href":"https:\/\/novasdodia.com.br\/index.php\/wp-json\/wp\/v2\/media?parent=49478"}],"wp:term":[{"taxonomy":"category","embeddable":true,"href":"https:\/\/novasdodia.com.br\/index.php\/wp-json\/wp\/v2\/categories?post=49478"},{"taxonomy":"post_tag","embeddable":true,"href":"https:\/\/novasdodia.com.br\/index.php\/wp-json\/wp\/v2\/tags?post=49478"}],"curies":[{"name":"wp","href":"https:\/\/api.w.org\/{rel}","templated":true}]}}