{"id":49479,"date":"2026-05-02T01:06:41","date_gmt":"2026-05-02T04:06:41","guid":{"rendered":"https:\/\/novasdodia.com.br\/index.php\/2026\/05\/02\/funjope-abre-programacao-especial-com-exibicao-do-filme-super-xuxa-em-versao-4k\/"},"modified":"2026-05-02T01:06:41","modified_gmt":"2026-05-02T04:06:41","slug":"funjope-abre-programacao-especial-com-exibicao-do-filme-super-xuxa-em-versao-4k","status":"publish","type":"post","link":"https:\/\/novasdodia.com.br\/index.php\/2026\/05\/02\/funjope-abre-programacao-especial-com-exibicao-do-filme-super-xuxa-em-versao-4k\/","title":{"rendered":"Funjope abre programa\u00e7\u00e3o especial com exibi\u00e7\u00e3o do filme \u2018Super Xuxa\u2019 em vers\u00e3o 4K"},"content":{"rendered":"<p><\/p>\n<div>\n<p>Os alunos da Rede Municipal de Ensino, as crian\u00e7as em situa\u00e7\u00e3o de vulnerabilidade social assistidas pela Secretaria de Habita\u00e7\u00e3o (Semhab), assim como para o p\u00fablico em geral, est\u00e3o tendo acesso a cinema de gra\u00e7a todos os fins de semana do m\u00eas de maio, na Capital. A Funda\u00e7\u00e3o Cultural de Jo\u00e3o Pessoa (Funjope) est\u00e1 realizando sess\u00f5es especiais gratuitas no Espa\u00e7o Cinema Passeio, no bairro da Torre. A primeira exibi\u00e7\u00e3o foi nesta sexta-feira (1\u00ba) com o filme \u2018Super Xuxa Contra Baixo Astral\u2019.<\/p>\n<figure class=\"wp-block-gallery has-nested-images columns-default is-cropped wp-block-gallery-1 is-layout-flex wp-block-gallery-is-layout-flex\">\n<figure class=\"wp-block-image size-large\"><\/figure>\n<figure class=\"wp-block-image size-large\"><\/figure>\n<\/figure>\n<p>O longa, lan\u00e7ado em 1988, foi restaurado e apresentado numa vers\u00e3o in\u00e9dita em 4K, o que deixou o p\u00fablico animado. Manuel de Freitas Crispim, de 43 anos, lembra que foi baixinho da Xuxa e agora veio reviver a inf\u00e2ncia. \u201cEstou amando porque \u00e9 uma possibilidade de a gente reviver aquela mem\u00f3ria afetiva da inf\u00e2ncia que a gente teve l\u00e1 atr\u00e1s. E agora com a qualidade digital \u00e9 outra coisa. Quem n\u00e3o tem a oportunidade de ir ao cinema pago, essa \u00e9 oportunidade das pessoas poderem aproveitar esse momento incr\u00edvel\u201d, falou.<\/p>\n<p>D\u00e9bora de Castro Castanheira tamb\u00e9m foi baixinha da Xuxa e hoje estava acompanhada do filho Pedro, de 7 anos. \u201cEu at\u00e9 falei com outra pessoa que vou chorar, porque eu fui baixinha da Xuxa e, na \u00e9poca, marcou muito a minha vida. Agora vem com tudo isso junto. Vai ser um saudosismo, uma emo\u00e7\u00e3o estar com ele tamb\u00e9m. Ele est\u00e1 bem empolgado para assistir\u201d, contou sendo seguida pelo garoto que estava adorando a sess\u00e3o. \u201cEstou achando tudo muito legal\u201d, completou.<\/p>\n<figure class=\"wp-block-gallery has-nested-images columns-default is-cropped wp-block-gallery-2 is-layout-flex wp-block-gallery-is-layout-flex\">\n<figure class=\"wp-block-image size-large\"><\/figure>\n<figure class=\"wp-block-image size-large\"><\/figure>\n<\/figure>\n<p>E quem foi ao Cinema Passeio tamb\u00e9m pode ver, no hall de entrada, uma exposi\u00e7\u00e3o com disco e DVD da Xuxa, al\u00e9m dos bonecos usados no filme, a exemplo do c\u00e3o Xuxo. E antes da sess\u00e3o come\u00e7ar receberam um recado da diretora Anna Penido, que gravou um v\u00eddeo. \u201cEstou muito feliz das crian\u00e7as estarem na plateia de novo, os pais, os amigos, as pessoas que amavam Super Xuxa naquela \u00e9poca e agora est\u00e3o voltando para ver. Todos s\u00e3o bem-vindos nessa hist\u00f3ria que vai acompanhar voc\u00eas para o resto da suas vidas\u201d, disse.<\/p>\n<p><strong>Restaura\u00e7\u00e3o<\/strong> \u2013 Durante d\u00e9cadas, os f\u00e3s conviveram com a aus\u00eancia de c\u00f3pias em alta qualidade, j\u00e1 que parte do material original chegou a ser considerada perdida. Ap\u00f3s anos foi encontrada uma rara c\u00f3pia em 35mm que passou por um minucioso processo de restaura\u00e7\u00e3o quadro a quadro, preservando as cores originais e entregando ao p\u00fablico uma experi\u00eancia visual in\u00e9dita. O cl\u00e1ssico tem dire\u00e7\u00e3o de Anna Penido e roteiro assinado por ela, em parceria com Ant\u00f4nio Calmon.<\/p>\n<figure class=\"wp-block-gallery has-nested-images columns-default is-cropped wp-block-gallery-3 is-layout-flex wp-block-gallery-is-layout-flex\">\n<figure class=\"wp-block-image size-large\"><\/figure>\n<figure class=\"wp-block-image size-large\"><\/figure>\n<figure class=\"wp-block-image size-large\"><\/figure>\n<figure class=\"wp-block-image size-large\"><\/figure>\n<figure class=\"wp-block-image size-large\"><\/figure>\n<\/figure>\n<p><strong>Sinopse<\/strong> \u2013 Lan\u00e7ado originalmente em 1988, o longa protagonizado por Xuxa Meneghel marcou gera\u00e7\u00f5es e se consolidou como um fen\u00f4meno de p\u00fablico no Brasil. Na trama, a personagem embarca em uma miss\u00e3o para resgatar o c\u00e3o Xuxo, enfrentando o vil\u00e3o Baixo Astral, interpretado por Guilherme Karan, em uma narrativa que valoriza a amizade, a imagina\u00e7\u00e3o e a vit\u00f3ria do bem.<\/p>\n<p>Al\u00e9m de ser um relan\u00e7amento, a exibi\u00e7\u00e3o simboliza um importante passo na preserva\u00e7\u00e3o da mem\u00f3ria audiovisual brasileira, permitindo que novas gera\u00e7\u00f5es tenham acesso a uma obra ic\u00f4nica da cultura pop nacional.<\/p>\n<figure class=\"wp-block-gallery has-nested-images columns-default is-cropped wp-block-gallery-4 is-layout-flex wp-block-gallery-is-layout-flex\">\n<figure class=\"wp-block-image size-large\"><\/figure>\n<figure class=\"wp-block-image size-large\"><\/figure>\n<\/figure>\n<p><strong>Prefeito Amigo da Crian\u00e7a <\/strong>\u2013 As sess\u00f5es gratuitas do Espa\u00e7o Cinema Passeio, com exibi\u00e7\u00f5es para o p\u00fablico em geral, alunos da rede p\u00fablica municipal e crian\u00e7as em situa\u00e7\u00e3o de vulnerabilidade social fazem parte das a\u00e7\u00f5es da 8\u00aa edi\u00e7\u00e3o do \u2018Programa Prefeitos e Prefeitas Amigos da Crian\u00e7a\u2019 (PPAC), da Funda\u00e7\u00e3o Abrinq, pelos recursos investidos no desenvolvimento intelectual dessas crian\u00e7as e adolescentes.<\/p>\n<p><strong>Confira a programa\u00e7\u00e3o completa do <\/strong><strong>Espa\u00e7o Cinema Passeio do m\u00eas de maio:<\/strong><\/p>\n<p>S\u00e1bado (02)<\/p>\n<p>16h e 19h \u2013 Super Xuxa Contra Baixo Astral (dire\u00e7\u00e3o de Anna Penido).<\/p>\n<p>Domingo (03)<\/p>\n<p>16h e 19h \u2013 Super Xuxa Contra Baixo Astral (dire\u00e7\u00e3o de Anna Penido).<\/p>\n<p>Sexta-feira (8)<\/p>\n<p>16h \u2013 A Mulher Invis\u00edvel (dirigido por R.B Lima) e, em seguida, o longa Rebento (dire\u00e7\u00e3o de Andr\u00e9 Morais).<\/p>\n<p>19h \u2013 Alma (diretor Andr\u00e9 Morais) e, logo depois, o document\u00e1rio O Seu Amor de Volta (Mesmo que ele n\u00e3o queira), com dire\u00e7\u00e3o de Bertrand Lira.<\/p>\n<p>S\u00e1bado (9)<\/p>\n<p>16h \u2013 A Mulher Invis\u00edvel (dirigido por R.B Lima) e, em seguida, Rebento (dire\u00e7\u00e3o de Andr\u00e9 Morais).<\/p>\n<p>19h \u2013 Alma (diretor Andr\u00e9 Morais) e, depois, O Seu Amor de Volta (mesmo que ele n\u00e3o queira), com dire\u00e7\u00e3o de Bertrand Lira.<\/p>\n<p>Domingo (10)<\/p>\n<p>16h \u2013 Alma (diretor Andr\u00e9 Morais) e, em seguida, O Seu Amor de Volta (mesmo que ele n\u00e3o queira), com dire\u00e7\u00e3o de Bertrand Lira. 19h, A Mulher Invis\u00edvel (dirigido por R.B Lima) e, depois, Rebento (dire\u00e7\u00e3o de Andr\u00e9 Morais).<\/p>\n<p>Sexta-feira (15)<\/p>\n<p>16h \u2013 A Mulher Invis\u00edvel (dirigido por R.B Lima) e, em seguida, Rebento (dire\u00e7\u00e3o de Andr\u00e9 Morais).<\/p>\n<p>19h \u2013 Alma (diretor Andr\u00e9 Morais) e O Seu Amor de Volta (mesmo que ele n\u00e3o queira), com dire\u00e7\u00e3o de Bertrand Lira.<\/p>\n<p>S\u00e1bado (16)<\/p>\n<p>16h \u2013 A Mulher Invis\u00edvel (dirigido por R.B Lima) e, em seguida, Rebento (dire\u00e7\u00e3o de Andr\u00e9 Morais).<\/p>\n<p>19h \u2013 Alma (diretor Andr\u00e9 Morais) e, logo depois, O Seu Amor de Volta (mesmo que ele n\u00e3o queira), com dire\u00e7\u00e3o de Bertrand Lira.<\/p>\n<p>Domingo (17)<\/p>\n<p>16h \u2013 Alma (diretor Andr\u00e9 Morais) e, em seguida, O Seu Amor de Volta (mesmo que ele n\u00e3o queira), com dire\u00e7\u00e3o de Bertrand Lira.<\/p>\n<p>19h \u2013 A Mulher Invis\u00edvel (dirigido por R.B Lima) e, logo depois, Rebento (dire\u00e7\u00e3o de Andr\u00e9 Morais).<\/p>\n<p>Sexta-feira (22)<\/p>\n<p>16h \u2013 A Mulher Invis\u00edvel (dirigido por R.B Lima) e, em seguida, Rebento (dire\u00e7\u00e3o de Andr\u00e9 Morais).<\/p>\n<p>19h \u2013 Alma (diretor Andr\u00e9 Morais) e, logo depois, O Seu Amor de Volta (mesmo que ele n\u00e3o queira), com dire\u00e7\u00e3o de Bertrand Lira.<\/p>\n<p>S\u00e1bado (23)<\/p>\n<p>16h \u2013 A Mulher Invis\u00edvel (dirigido por R.B Lima) e, em seguida, Rebento (dire\u00e7\u00e3o de Andr\u00e9 Morais).<\/p>\n<p>19h \u2013 Alma (diretor Andr\u00e9 Morais), e logo depois, O Seu Amor de Volta (mesmo que ele n\u00e3o queira), com dire\u00e7\u00e3o de Bertrand Lira.<\/p>\n<p>Domingo (24)<\/p>\n<p>16h \u2013 Alma (diretor Andr\u00e9 Morais) e, em seguida, O Seu Amor de Volta (mesmo que ele n\u00e3o queira), com dire\u00e7\u00e3o de Bertrand Lira.<\/p>\n<p>19h \u2013 A Mulher Invis\u00edvel (dirigido por R.B Lima) e, em seguida, Rebento (dire\u00e7\u00e3o de Andr\u00e9 Morais).<\/p>\n<p>Sexta-feira (29)<\/p>\n<p>16h \u2013 A Mulher Invis\u00edvel (dirigido por R.B Lima) e Rebento (dire\u00e7\u00e3o de Andr\u00e9 Morais).<\/p>\n<p>19h \u2013 Alma (diretor Andr\u00e9 Morais) e O Seu Amor de Volta (mesmo que ele n\u00e3o queira), com dire\u00e7\u00e3o de Bertrand Lira.<\/p>\n<p>S\u00e1bado (30)<\/p>\n<p>16h \u2013 A Mulher Invis\u00edvel (dirigido por R.B Lima) e Rebento (dire\u00e7\u00e3o de Andr\u00e9 Morais).<\/p>\n<p>19h \u2013 Alma (diretor Andr\u00e9 Morais) e O Seu Amor de Volta (mesmo que ele n\u00e3o queira), com dire\u00e7\u00e3o de Bertrand Lira.<\/p>\n<p>Domingo (31)<\/p>\n<p>16h \u2013 Alma (diretor Andr\u00e9 Morais) e O Seu Amor de Volta (mesmo que ele n\u00e3o queira), com dire\u00e7\u00e3o de Bertrand Lira.<\/p>\n<p>19h \u2013 A Mulher Invis\u00edvel (dirigido por R.B Lima) e Rebento (dire\u00e7\u00e3o de Andr\u00e9 Morais).<\/p>\n<p>Servi\u00e7o<\/p>\n<p>Local: Espa\u00e7o Cinema Passeio<\/p>\n<p>Endere\u00e7o: Avenida Capit\u00e3o Jo\u00e3o Freire, n\u00ba 186 \u2013 Torre.<\/p>\n<p>Ingressos: retirada gratuita 1 hora antes de cada sess\u00e3o<\/p>\n<p>Aten\u00e7\u00e3o: n\u00e3o \u00e9 permitida a entrada com alimentos e bebidas na sala de exibi\u00e7\u00e3o.<\/p>\n<\/p><\/div>\n","protected":false},"excerpt":{"rendered":"<p>Os alunos da Rede Municipal de Ensino, as crian\u00e7as em situa\u00e7\u00e3o de vulnerabilidade social assistidas pela Secretaria de Habita\u00e7\u00e3o (Semhab), assim como para o p\u00fablico em geral, est\u00e3o tendo acesso a cinema de gra\u00e7a todos os fins de semana do m\u00eas de maio, na Capital. A Funda\u00e7\u00e3o Cultural de Jo\u00e3o Pessoa (Funjope) est\u00e1 realizando sess\u00f5es [&hellip;]<\/p>\n","protected":false},"author":1,"featured_media":0,"comment_status":"","ping_status":"","sticky":false,"template":"","format":"standard","meta":{"footnotes":""},"categories":[1],"tags":[],"class_list":["post-49479","post","type-post","status-publish","format-standard","hentry","category-noticias"],"amp_enabled":true,"_links":{"self":[{"href":"https:\/\/novasdodia.com.br\/index.php\/wp-json\/wp\/v2\/posts\/49479","targetHints":{"allow":["GET"]}}],"collection":[{"href":"https:\/\/novasdodia.com.br\/index.php\/wp-json\/wp\/v2\/posts"}],"about":[{"href":"https:\/\/novasdodia.com.br\/index.php\/wp-json\/wp\/v2\/types\/post"}],"author":[{"embeddable":true,"href":"https:\/\/novasdodia.com.br\/index.php\/wp-json\/wp\/v2\/users\/1"}],"replies":[{"embeddable":true,"href":"https:\/\/novasdodia.com.br\/index.php\/wp-json\/wp\/v2\/comments?post=49479"}],"version-history":[{"count":0,"href":"https:\/\/novasdodia.com.br\/index.php\/wp-json\/wp\/v2\/posts\/49479\/revisions"}],"wp:attachment":[{"href":"https:\/\/novasdodia.com.br\/index.php\/wp-json\/wp\/v2\/media?parent=49479"}],"wp:term":[{"taxonomy":"category","embeddable":true,"href":"https:\/\/novasdodia.com.br\/index.php\/wp-json\/wp\/v2\/categories?post=49479"},{"taxonomy":"post_tag","embeddable":true,"href":"https:\/\/novasdodia.com.br\/index.php\/wp-json\/wp\/v2\/tags?post=49479"}],"curies":[{"name":"wp","href":"https:\/\/api.w.org\/{rel}","templated":true}]}}