{"id":49480,"date":"2026-05-02T02:30:37","date_gmt":"2026-05-02T05:30:37","guid":{"rendered":"https:\/\/novasdodia.com.br\/index.php\/2026\/05\/02\/prefeitura-lanca-o-medico-na-praca-com-atendimento-clinico-itinerante-agencia-de-noticias\/"},"modified":"2026-05-02T02:30:37","modified_gmt":"2026-05-02T05:30:37","slug":"prefeitura-lanca-o-medico-na-praca-com-atendimento-clinico-itinerante-agencia-de-noticias","status":"publish","type":"post","link":"https:\/\/novasdodia.com.br\/index.php\/2026\/05\/02\/prefeitura-lanca-o-medico-na-praca-com-atendimento-clinico-itinerante-agencia-de-noticias\/","title":{"rendered":"Prefeitura lan\u00e7a o \u201cM\u00e9dico na Pra\u00e7a\u201d com atendimento cl\u00ednico itinerante \u2013 Ag\u00eancia de Not\u00edcias"},"content":{"rendered":"<p><\/p>\n<div>\n<p>A Prefeitura de Sorocaba, por meio da Secretaria da Sa\u00fade (SES), iniciar\u00e1, na pr\u00f3xima ter\u00e7a-feira (5), o \u201cM\u00e9dico na Pra\u00e7a\u201d. A\u00e7\u00e3o conta com uma cl\u00ednica m\u00f3vel e estrutura para acomoda\u00e7\u00e3o para aguardar a consulta, permitindo o acolhimento por demanda espont\u00e2nea de adultos.<\/p>\n<p>O primeiro atendimento ser\u00e1 no bairro Recanto Ipanema do Meio, na Rua Felipe Mois\u00e9s Betti Filho, altura do n\u00ba 300, com funcionamento das 8h \u00e0s 13h. \u00c9 necess\u00e1rio apresentar documento de identifica\u00e7\u00e3o com foto.<\/p>\n<p>O atendimento visa trazer diagn\u00f3stico precoce de condi\u00e7\u00f5es cr\u00f4nicas, como hipertens\u00e3o e diabetes, al\u00e9m de fortalecer o v\u00ednculo entre a popula\u00e7\u00e3o e a rede de sa\u00fade.<\/p>\n<p>\u201cEssa \u00e9 uma iniciativa voltada \u00e0 sa\u00fade, que pretende ampliar o acesso da popula\u00e7\u00e3o aos atendimentos m\u00e9dicos em Sorocaba. Levaremos o atendimento a v\u00e1rios pontos da cidade\u201d, pontua o prefeito Rodrigo Manga.<\/p>\n<p>A iniciativa atua como extens\u00e3o da rede assistencial, sendo direcionada prioritariamente a bairros e territ\u00f3rios com maior vulnerabilidade social ou que apresentem barreiras geogr\u00e1ficas que dificultem o acesso aos servi\u00e7os de sa\u00fade.<\/p>\n<p>\u201cAl\u00e9m da amplia\u00e7\u00e3o da oferta assistencial, o projeto busca identificar precocemente agravos \u00e0 sa\u00fade, fortalecer o v\u00ednculo entre equipe e comunidade, organizar fluxos assistenciais e contribuir para a redu\u00e7\u00e3o de atendimentos nas Unidades de Pronto Atendimento (UPAs) de queixas que n\u00e3o se caracterizam como urg\u00eancia ou emerg\u00eancia\u201d, salienta o secret\u00e1rio da Sa\u00fade, dr. Jo\u00e3o Pedro Fraletti Miguel.<\/p>\n<p>O primeiro dia do atendimento contar\u00e1 com a\u00e7\u00e3o educativa da Zoonoses e servi\u00e7os de aferi\u00e7\u00e3o de sinais vitais (press\u00e3o arterial, glicemia capilar, entre outros), atendimento de enfermagem, al\u00e9m da consulta m\u00e9dica do projeto.<\/p>\n<\/p><\/div>\n","protected":false},"excerpt":{"rendered":"<p>A Prefeitura de Sorocaba, por meio da Secretaria da Sa\u00fade (SES), iniciar\u00e1, na pr\u00f3xima ter\u00e7a-feira (5), o \u201cM\u00e9dico na Pra\u00e7a\u201d. A\u00e7\u00e3o conta com uma cl\u00ednica m\u00f3vel e estrutura para acomoda\u00e7\u00e3o para aguardar a consulta, permitindo o acolhimento por demanda espont\u00e2nea de adultos. O primeiro atendimento ser\u00e1 no bairro Recanto Ipanema do Meio, na Rua Felipe [&hellip;]<\/p>\n","protected":false},"author":1,"featured_media":0,"comment_status":"","ping_status":"","sticky":false,"template":"","format":"standard","meta":{"footnotes":""},"categories":[1],"tags":[],"class_list":["post-49480","post","type-post","status-publish","format-standard","hentry","category-noticias"],"amp_enabled":true,"_links":{"self":[{"href":"https:\/\/novasdodia.com.br\/index.php\/wp-json\/wp\/v2\/posts\/49480","targetHints":{"allow":["GET"]}}],"collection":[{"href":"https:\/\/novasdodia.com.br\/index.php\/wp-json\/wp\/v2\/posts"}],"about":[{"href":"https:\/\/novasdodia.com.br\/index.php\/wp-json\/wp\/v2\/types\/post"}],"author":[{"embeddable":true,"href":"https:\/\/novasdodia.com.br\/index.php\/wp-json\/wp\/v2\/users\/1"}],"replies":[{"embeddable":true,"href":"https:\/\/novasdodia.com.br\/index.php\/wp-json\/wp\/v2\/comments?post=49480"}],"version-history":[{"count":0,"href":"https:\/\/novasdodia.com.br\/index.php\/wp-json\/wp\/v2\/posts\/49480\/revisions"}],"wp:attachment":[{"href":"https:\/\/novasdodia.com.br\/index.php\/wp-json\/wp\/v2\/media?parent=49480"}],"wp:term":[{"taxonomy":"category","embeddable":true,"href":"https:\/\/novasdodia.com.br\/index.php\/wp-json\/wp\/v2\/categories?post=49480"},{"taxonomy":"post_tag","embeddable":true,"href":"https:\/\/novasdodia.com.br\/index.php\/wp-json\/wp\/v2\/tags?post=49480"}],"curies":[{"name":"wp","href":"https:\/\/api.w.org\/{rel}","templated":true}]}}