{"id":50415,"date":"2026-05-22T17:25:49","date_gmt":"2026-05-22T20:25:49","guid":{"rendered":"https:\/\/novasdodia.com.br\/index.php\/2026\/05\/22\/curso-de-beleza-capacita-jovens-no-cras-vida-nova-cgnoticias\/"},"modified":"2026-05-22T17:25:49","modified_gmt":"2026-05-22T20:25:49","slug":"curso-de-beleza-capacita-jovens-no-cras-vida-nova-cgnoticias","status":"publish","type":"post","link":"https:\/\/novasdodia.com.br\/index.php\/2026\/05\/22\/curso-de-beleza-capacita-jovens-no-cras-vida-nova-cgnoticias\/","title":{"rendered":"Curso de beleza capacita jovens no Cras Vida Nova \u2013 CGNot\u00edcias"},"content":{"rendered":"<p><\/p>\n<div>\n<p>A Secretaria Executiva da Juventude encerrou nesta sexta-feira (22), no Cras Vida Nova, o curso gratuito de Extens\u00e3o de C\u00edlios, promovido com foco na qualifica\u00e7\u00e3o profissional de jovens da Capital.<\/p>\n<p>Durante cinco dias, os participantes receberam aulas te\u00f3ricas e pr\u00e1ticas sobre t\u00e9cnicas de aplica\u00e7\u00e3o e remo\u00e7\u00e3o de c\u00edlios, mapeamento dos olhos, t\u00e9cnica de cola, fios e diferen\u00e7as entre modelos de seda e tufinho.<\/p>\n<p>A aluna Juliana Rodrigues, de 18 anos, destacou a experi\u00eancia adquirida durante a capacita\u00e7\u00e3o. \u201cEu amei o curso, aprendi bastante coisa e pretendo seguir nessa \u00e1rea da beleza\u201d, afirmou.<\/p>\n<p>Daiane dos Santos tamb\u00e9m ressaltou a import\u00e2ncia da qualifica\u00e7\u00e3o para ampliar as oportunidades profissionais. \u201cJ\u00e1 gosto da \u00e1rea da est\u00e9tica e acredito que o curso vai abrir portas para mim\u201d, disse.<\/p>\n<p>As aulas foram ministradas pela professora Nayla Martinez, que destacou o objetivo da a\u00e7\u00e3o em preparar os jovens para o mercado de trabalho. \u201cEstamos capacitando os alunos e compartilhando conhecimentos para que eles possam atuar na \u00e1rea profissionalmente\u201d, comentou.<\/p>\n<p>A iniciativa refor\u00e7a o compromisso da Sejuv em oferecer cursos gratuitos de qualifica\u00e7\u00e3o, incentivando a gera\u00e7\u00e3o de renda e o acesso ao mercado de trabalho.<\/p>\n<figure class=\"wp-block-image size-large\"><\/figure>\n<\/div>\n<p><script async defer async defer src=\"https:\/\/connect.facebook.net\/en_US\/sdk.js?ver=1#xfbml=1&amp;version=v3.2\" id=\"prefeitura-campogrande-script-facebook-sdk-js\"><\/script><\/p>\n","protected":false},"excerpt":{"rendered":"<p>A Secretaria Executiva da Juventude encerrou nesta sexta-feira (22), no Cras Vida Nova, o curso gratuito de Extens\u00e3o de C\u00edlios, promovido com foco na qualifica\u00e7\u00e3o profissional de jovens da Capital. Durante cinco dias, os participantes receberam aulas te\u00f3ricas e pr\u00e1ticas sobre t\u00e9cnicas de aplica\u00e7\u00e3o e remo\u00e7\u00e3o de c\u00edlios, mapeamento dos olhos, t\u00e9cnica de cola, fios [&hellip;]<\/p>\n","protected":false},"author":1,"featured_media":0,"comment_status":"","ping_status":"","sticky":false,"template":"","format":"standard","meta":{"footnotes":""},"categories":[],"tags":[],"class_list":["post-50415","post","type-post","status-publish","format-standard","hentry"],"amp_enabled":true,"_links":{"self":[{"href":"https:\/\/novasdodia.com.br\/index.php\/wp-json\/wp\/v2\/posts\/50415","targetHints":{"allow":["GET"]}}],"collection":[{"href":"https:\/\/novasdodia.com.br\/index.php\/wp-json\/wp\/v2\/posts"}],"about":[{"href":"https:\/\/novasdodia.com.br\/index.php\/wp-json\/wp\/v2\/types\/post"}],"author":[{"embeddable":true,"href":"https:\/\/novasdodia.com.br\/index.php\/wp-json\/wp\/v2\/users\/1"}],"replies":[{"embeddable":true,"href":"https:\/\/novasdodia.com.br\/index.php\/wp-json\/wp\/v2\/comments?post=50415"}],"version-history":[{"count":0,"href":"https:\/\/novasdodia.com.br\/index.php\/wp-json\/wp\/v2\/posts\/50415\/revisions"}],"wp:attachment":[{"href":"https:\/\/novasdodia.com.br\/index.php\/wp-json\/wp\/v2\/media?parent=50415"}],"wp:term":[{"taxonomy":"category","embeddable":true,"href":"https:\/\/novasdodia.com.br\/index.php\/wp-json\/wp\/v2\/categories?post=50415"},{"taxonomy":"post_tag","embeddable":true,"href":"https:\/\/novasdodia.com.br\/index.php\/wp-json\/wp\/v2\/tags?post=50415"}],"curies":[{"name":"wp","href":"https:\/\/api.w.org\/{rel}","templated":true}]}}