{"id":50916,"date":"2026-06-03T10:50:40","date_gmt":"2026-06-03T13:50:40","guid":{"rendered":"https:\/\/novasdodia.com.br\/index.php\/2026\/06\/03\/projeto-inedito-no-brasil-leva-inteligencia-artificial-a-segunda-instancia-dos-recursos-de-transito-agencia-de-noticias-do-governo-de-mato-grosso-do-sul\/"},"modified":"2026-06-03T10:50:40","modified_gmt":"2026-06-03T13:50:40","slug":"projeto-inedito-no-brasil-leva-inteligencia-artificial-a-segunda-instancia-dos-recursos-de-transito-agencia-de-noticias-do-governo-de-mato-grosso-do-sul","status":"publish","type":"post","link":"https:\/\/novasdodia.com.br\/index.php\/2026\/06\/03\/projeto-inedito-no-brasil-leva-inteligencia-artificial-a-segunda-instancia-dos-recursos-de-transito-agencia-de-noticias-do-governo-de-mato-grosso-do-sul\/","title":{"rendered":"projeto in\u00e9dito no Brasil leva intelig\u00eancia artificial \u00e0 segunda inst\u00e2ncia dos recursos de tr\u00e2nsito \u2013 Ag\u00eancia de Noticias do Governo de Mato Grosso do Sul"},"content":{"rendered":"<p><\/p>\n<div>\n<p class=\"has-text-align-center wp-block-paragraph\" style=\"text-align: center;\"><em>Desenvolvida por servidores do Detran-MS, ferramenta auxilia a an\u00e1lise dos recursos julgados pelas Juntas Administrativas de Recursos de Infra\u00e7\u00f5es (Jari) e refor\u00e7a o protagonismo de Mato Grosso do Sul na inova\u00e7\u00e3o aplicada \u00e0 gest\u00e3o p\u00fablica.<\/em><\/p>\n<p class=\"wp-block-paragraph\">Uma solu\u00e7\u00e3o que nasceu da iniciativa de um servidor de Aquidauana e evoluiu para um projeto institucional premiado nacionalmente ganha agora um novo cap\u00edtulo. O Detran-MS (Departamento Estadual de Tr\u00e2nsito de Mato Grosso do Sul) lan\u00e7ou a JARI\u00c1, sistema de intelig\u00eancia artificial desenvolvido para auxiliar a an\u00e1lise dos recursos julgados pelas Juntas Administrativas de Recursos de Infra\u00e7\u00f5es (Jari), segunda inst\u00e2ncia administrativa dos processos de tr\u00e2nsito.<\/p>\n<figure class=\"wp-block-image size-large\"><\/figure>\n<p class=\"wp-block-paragraph\">O lan\u00e7amento foi realizado em Aquidauana, cidade natal do servidor Tony Luiz Lemos da Silva, um dos idealizadores da ferramenta. A escolha do munic\u00edpio n\u00e3o foi por acaso. Foi ali que surgiu a ideia inicial que, posteriormente, recebeu apoio institucional e foi aprimorada at\u00e9 se transformar em uma solu\u00e7\u00e3o inovadora para a administra\u00e7\u00e3o p\u00fablica.<\/p>\n<p class=\"wp-block-paragraph\">Durante o lan\u00e7amento, o diretor-presidente do Detran-MS, Rudel Trindade, destacou que a tecnologia surge para enfrentar um desafio comum aos \u00f3rg\u00e3os p\u00fablicos: o grande volume de processos e a necessidade de garantir maior agilidade nas an\u00e1lises.<\/p>\n<p class=\"wp-block-paragraph\">\u201cN\u00e3o podemos perder um recurso por falta de processamento. Al\u00e9m do preju\u00edzo administrativo, os recursos provenientes das multas s\u00e3o destinados legalmente para educa\u00e7\u00e3o, engenharia e fiscaliza\u00e7\u00e3o de tr\u00e2nsito\u201d, afirmou.<\/p>\n<p class=\"wp-block-paragraph\">Atualmente, milhares de processos aguardam an\u00e1lise em diferentes etapas recursais. Segundo Rudel, al\u00e9m de proporcionar mais efici\u00eancia operacional, a ferramenta contribui para evitar prescri\u00e7\u00f5es e garantir maior efetividade \u00e0 gest\u00e3o p\u00fablica.<\/p>\n<p><strong>Ideia que nasceu da necessidade<\/strong><\/p>\n<p class=\"wp-block-paragraph\">Servidor de carreira do Detran-MS e analista de sistemas, Tony Luiz Lemos da Silva contou que a ideia surgiu a partir de uma necessidade pr\u00e1tica vivenciada durante sua rotina de trabalho.<\/p>\n<p class=\"wp-block-paragraph\">Na \u00e9poca, al\u00e9m das atividades profissionais, ele conciliava estudos e a interna\u00e7\u00e3o do filho, o que o levou a buscar alternativas para otimizar o tempo dedicado \u00e0 an\u00e1lise dos recursos administrativos.<\/p>\n<div class=\"wp-block-columns is-layout-flex wp-container-core-columns-is-layout-8f761849 wp-block-columns-is-layout-flex\">\n<div class=\"wp-block-column is-layout-flow wp-block-column-is-layout-flow\">\n<figure class=\"wp-block-image size-large\"><\/figure>\n<\/div>\n<div class=\"wp-block-column is-layout-flow wp-block-column-is-layout-flow\">\n<p class=\"wp-block-paragraph\">\u201cMuitas vezes era preciso utilizar noites, finais de semana e momentos que poderiam ser dedicados \u00e0 fam\u00edlia para conseguir atender a demanda de processos. Foi a\u00ed que comecei a estudar formas de utilizar a intelig\u00eancia artificial como ferramenta de apoio\u201d, relatou.<\/p>\n<\/div>\n<\/div>\n<p class=\"wp-block-paragraph\">A iniciativa chamou a aten\u00e7\u00e3o do diretor-presidente do Detran-MS, Rudel Trindade, que determinou o apoio da Diretoria da Tecnologia da Informa\u00e7\u00e3o (Dirti) para o aprimoramento e implementa\u00e7\u00e3o da ferramenta. Identificou-se ent\u00e3o a necessidade de come\u00e7ar pelo setor de Penalidades do Renainf (Registro Nacional de Infra\u00e7\u00f5es de Tr\u00e2nsito).<\/p>\n<p class=\"wp-block-paragraph\">O resultado foi a cria\u00e7\u00e3o da Defesa Pr\u00e9via Inteligente (DPI), ferramenta voltada \u00e0 an\u00e1lise da primeira inst\u00e2ncia recursal, que acontece antes da multa ser aplicada. O sucesso da iniciativa rendeu ao Detran-MS o primeiro lugar na categoria Efici\u00eancia Administrativa, Desburocratiza\u00e7\u00e3o e Melhoria de Processos durante a ExpoGov Brasil 2026.<\/p>\n<p class=\"wp-block-paragraph\">A experi\u00eancia acumulada com a DPI serviu como base para o desenvolvimento da JARI\u00c1, que agora passa a atuar na segunda inst\u00e2ncia administrativa dos recursos de tr\u00e2nsito. Neste primeiro momento, a ferramenta passar\u00e1 a ser utilizada em Aquidauana, e gradativamente ser\u00e1 ampliada para as demais. Mato Grosso do Sul possui ao todo seis Juntas Administrativas de Recursos de Infra\u00e7\u00f5es: 1\u00aa e 2\u00aa JARI em Campo Grande; 3\u00aa JARI em Dourados; 4\u00aa JARI em Tr\u00eas Lagos; 5\u00aa JARI em Aquidauana e 6\u00aa JARI em Coxim.<\/p>\n<p><strong>Pr\u00f3ximo passo da transforma\u00e7\u00e3o digital<\/strong><\/p>\n<p class=\"wp-block-paragraph\">A nova ferramenta foi desenvolvida para auxiliar os relatores e membros das Jaris na elabora\u00e7\u00e3o das an\u00e1lises processuais. A decis\u00e3o final continua sendo humana, mas a intelig\u00eancia artificial passa a atuar como suporte t\u00e9cnico inteligente, reduzindo o tempo de tramita\u00e7\u00e3o e aumentando a produtividade das equipes.<\/p>\n<p class=\"wp-block-paragraph\">Para Tony, a tecnologia representa uma mudan\u00e7a importante na forma de conduzir os processos administrativos. \u201cN\u00e3o se trata de substituir pessoas. A intelig\u00eancia artificial nos ajuda a ganhar tempo, organizar informa\u00e7\u00f5es e oferecer mais efici\u00eancia ao trabalho realizado pelos servidores\u201d, destacou.<\/p>\n<p><strong>Projeto pioneiro no Brasil<\/strong><\/p>\n<p class=\"wp-block-paragraph\">Presente no lan\u00e7amento, a presidente do Conselho Estadual de Tr\u00e2nsito (Cetran-MS), Regina Maria Duarte, afirmou que a iniciativa atende a uma necessidade cada vez mais presente nos \u00f3rg\u00e3os respons\u00e1veis pelo julgamento de recursos.<\/p>\n<figure class=\"wp-block-image size-large\"><\/figure>\n<p class=\"wp-block-paragraph\">\u00a0<\/p>\n<p class=\"wp-block-paragraph\">Segundo ela, o Cetran-MS analisa cerca de 600 processos por m\u00eas, muitos deles extensos e complexos, o que refor\u00e7a a import\u00e2ncia de ferramentas que contribuam para dar mais celeridade \u00e0s an\u00e1lises. \u201cQuando vemos uma ferramenta como essa, enxergamos uma oportunidade real de transforma\u00e7\u00e3o\u201d, afirmou.<\/p>\n<p class=\"wp-block-paragraph\">Regina tamb\u00e9m destacou o car\u00e1ter inovador da iniciativa e defendeu sua expans\u00e3o para o Conselho Estadual de Tr\u00e2nsito, respons\u00e1vel pela terceira e \u00faltima inst\u00e2ncia administrativa dos recursos.<\/p>\n<p class=\"wp-block-paragraph\">\u201c\u00c9 um projeto \u00fanico no Brasil. Tenho certeza de que essa experi\u00eancia ser\u00e1 levada para todo o pa\u00eds como refer\u00eancia de inova\u00e7\u00e3o na gest\u00e3o p\u00fablica\u201d, ressaltou.<\/p>\n<p class=\"wp-block-paragraph\">A expectativa \u00e9 que a experi\u00eancia bem-sucedida da JARI\u00c1 permita, futuramente, a amplia\u00e7\u00e3o da tecnologia para outras etapas do processo recursal, consolidando Mato Grosso do Sul como refer\u00eancia nacional na aplica\u00e7\u00e3o da intelig\u00eancia artificial \u00e0 gest\u00e3o de tr\u00e2nsito.<\/p>\n<p class=\"wp-block-paragraph\">O lan\u00e7amento contou com a presen\u00e7a de diretores e gerentes do Detran-MS, representantes do Cetran-MS, Pol\u00edcia Civil, Corpo de Bombeiros, Samu, imprensa regional e autoridades dos munic\u00edpios de Aquidauana e Anast\u00e1cio.<\/p>\n<figure class=\"wp-block-gallery has-nested-images columns-default is-cropped wp-block-gallery-1 is-layout-flex wp-block-gallery-is-layout-flex\">&#13;<\/p>\n<figure class=\"wp-block-image size-large\"><\/figure>\n<p>&#13;<br \/>\n&#13;<br \/>\n&#13;<br \/>\n&#13;<\/p>\n<figure class=\"wp-block-image size-large\"><\/figure>\n<p>&#13;<br \/>\n&#13;<br \/>\n&#13;<br \/>\n&#13;<\/p>\n<figure class=\"wp-block-image size-large\"><\/figure>\n<p>&#13;<br \/>\n<\/figure>\n<p class=\"wp-block-paragraph\"><em>Mireli Obando, Comunica\u00e7\u00e3o Detran-MS<br \/><\/em><em>Fotos: Mireli Obando e Robson Dantas<\/em><\/p>\n<\/div>\n","protected":false},"excerpt":{"rendered":"<p>Desenvolvida por servidores do Detran-MS, ferramenta auxilia a an\u00e1lise dos recursos julgados pelas Juntas Administrativas de Recursos de Infra\u00e7\u00f5es (Jari) e refor\u00e7a o protagonismo de Mato Grosso do Sul na inova\u00e7\u00e3o aplicada \u00e0 gest\u00e3o p\u00fablica. Uma solu\u00e7\u00e3o que nasceu da iniciativa de um servidor de Aquidauana e evoluiu para um projeto institucional premiado nacionalmente ganha [&hellip;]<\/p>\n","protected":false},"author":1,"featured_media":0,"comment_status":"","ping_status":"","sticky":false,"template":"","format":"standard","meta":{"footnotes":""},"categories":[],"tags":[],"class_list":["post-50916","post","type-post","status-publish","format-standard","hentry"],"amp_enabled":true,"_links":{"self":[{"href":"https:\/\/novasdodia.com.br\/index.php\/wp-json\/wp\/v2\/posts\/50916","targetHints":{"allow":["GET"]}}],"collection":[{"href":"https:\/\/novasdodia.com.br\/index.php\/wp-json\/wp\/v2\/posts"}],"about":[{"href":"https:\/\/novasdodia.com.br\/index.php\/wp-json\/wp\/v2\/types\/post"}],"author":[{"embeddable":true,"href":"https:\/\/novasdodia.com.br\/index.php\/wp-json\/wp\/v2\/users\/1"}],"replies":[{"embeddable":true,"href":"https:\/\/novasdodia.com.br\/index.php\/wp-json\/wp\/v2\/comments?post=50916"}],"version-history":[{"count":0,"href":"https:\/\/novasdodia.com.br\/index.php\/wp-json\/wp\/v2\/posts\/50916\/revisions"}],"wp:attachment":[{"href":"https:\/\/novasdodia.com.br\/index.php\/wp-json\/wp\/v2\/media?parent=50916"}],"wp:term":[{"taxonomy":"category","embeddable":true,"href":"https:\/\/novasdodia.com.br\/index.php\/wp-json\/wp\/v2\/categories?post=50916"},{"taxonomy":"post_tag","embeddable":true,"href":"https:\/\/novasdodia.com.br\/index.php\/wp-json\/wp\/v2\/tags?post=50916"}],"curies":[{"name":"wp","href":"https:\/\/api.w.org\/{rel}","templated":true}]}}