{"id":51473,"date":"2026-06-16T12:34:36","date_gmt":"2026-06-16T15:34:36","guid":{"rendered":"https:\/\/novasdodia.com.br\/index.php\/2026\/06\/16\/contemplados-assinam-termo-de-adesao-e-concluem-processo-de-ingresso-no-programa-agencia-de-noticias-do-governo-de-mato-grosso-do-sul\/"},"modified":"2026-06-16T12:34:36","modified_gmt":"2026-06-16T15:34:36","slug":"contemplados-assinam-termo-de-adesao-e-concluem-processo-de-ingresso-no-programa-agencia-de-noticias-do-governo-de-mato-grosso-do-sul","status":"publish","type":"post","link":"https:\/\/novasdodia.com.br\/index.php\/2026\/06\/16\/contemplados-assinam-termo-de-adesao-e-concluem-processo-de-ingresso-no-programa-agencia-de-noticias-do-governo-de-mato-grosso-do-sul\/","title":{"rendered":"contemplados assinam termo de ades\u00e3o e concluem processo de ingresso no programa \u2013 Ag\u00eancia de Noticias do Governo de Mato Grosso do Sul"},"content":{"rendered":"<p><\/p>\n<div>\n<p class=\"wp-block-paragraph\">Foi oficialmente conclu\u00eddo nesta ter\u00e7a-feira (16) o processo de ades\u00e3o ao programa Bolsa Atleta, uma das principais pol\u00edticas p\u00fablicas de incentivo ao esporte desenvolvidas pelo Governo de Mato Grosso do Sul. A etapa final consistiu na assinatura do Termo de Ades\u00e3o pelos atletas contemplados, realizada nos dias 15 e 16 de junho, na sede da Fundesporte (Funda\u00e7\u00e3o de Desporto e Lazer de Mato Grosso do Sul), em Campo Grande.<\/p>\n<p class=\"wp-block-paragraph\">Nesta edi\u00e7\u00e3o, o investimento total destinado aos programas Bolsa Atleta e Bolsa T\u00e9cnico \u00e9 de R$ 4,2 milh\u00f5es. Ao todo, 304 atletas foram contemplados e, com a formaliza\u00e7\u00e3o da ades\u00e3o, passam a integrar oficialmente o programa. O pagamento do benef\u00edcio est\u00e1 previsto para come\u00e7ar em agosto, com vig\u00eancia de 12 meses.<\/p>\n<p class=\"wp-block-paragraph\">No Bolsa Atleta, as categorias atendidas s\u00e3o: Estudantil, Universit\u00e1rio, Nacional, Nacional Paral\u00edmpico, Nacional Surdol\u00edmpico (nova categoria), Internacional, M\u00e1ster (35+), P\u00f3dio Complementar, P\u00f3dio Complementar Paral\u00edmpico, P\u00f3dio Complementar Surdol\u00edmpico (nova categoria), Pr\u00e9-Ol\u00edmpico, Pr\u00e9-Paral\u00edmpico e Pr\u00e9-Surdol\u00edmpico, Ol\u00edmpico, Paral\u00edmpico e Surdol\u00edmpico (nova categoria), al\u00e9m da categoria destinada a atleta-guia, atletas assistentes e fun\u00e7\u00f5es similares (nova categoria).<\/p>\n<p class=\"wp-block-paragraph\">J\u00e1 o Bolsa T\u00e9cnico contempla duas modalidades de benef\u00edcio: T\u00e9cnico 1 e T\u00e9cnico 2, voltadas aos profissionais respons\u00e1veis pela forma\u00e7\u00e3o e prepara\u00e7\u00e3o dos atletas.<\/p>\n<p class=\"wp-block-paragraph\">Todo o processo de inscri\u00e7\u00e3o, an\u00e1lise e ades\u00e3o foi realizado de forma totalmente on-line, proporcionando mais agilidade, transpar\u00eancia e acessibilidade aos participantes de todas as regi\u00f5es do estado.<\/p>\n<p class=\"wp-block-paragraph\">O Programa Bolsa Atleta tem como principal objetivo oferecer suporte financeiro para que os esportistas sul-mato-grossenses possam manter a rotina de treinamentos, participar de competi\u00e7\u00f5es e investir em seu desenvolvimento t\u00e9cnico. O programa \u00e9 considerado uma ferramenta estrat\u00e9gica para a perman\u00eancia dos atletas no esporte, contribuindo para a forma\u00e7\u00e3o de talentos e fortalecendo a representatividade de Mato Grosso do Sul em competi\u00e7\u00f5es regionais, nacionais e internacionais.<\/p>\n<p class=\"wp-block-paragraph\">O Programa Bolsa Atleta \u00e9 uma realiza\u00e7\u00e3o do Governo do Estado de Mato Grosso do Sul, por meio da Fundesporte (Funda\u00e7\u00e3o de Desporto e Lazer) e Setesc (Secretaria de Estado de Turismo, Esporte e Cultura).<\/p>\n<p class=\"wp-block-paragraph\"><strong>Atletas Contemplados<\/strong><\/p>\n<p class=\"wp-block-paragraph\">Maria Fernanda Scheer, 14 anos, de Chapad\u00e3o do Sul, \u00e9 atleta do t\u00eanis de mesa, receber\u00e1 a bolsa pela primeira vez e ressaltou como est\u00e1 se sentindo. Maria Fernanda ganhou os Jogos Escolares da Juventude de MS 2026 e garantiu a vaga para o JEB\u2019s (Jogos Escolares Brasileiros), em Bras\u00edlia (DF).<\/p>\n<p class=\"wp-block-paragraph\">&#8220;Estou me sentindo privilegiada. Eu jogo t\u00eanis de mesa e participo de competi\u00e7\u00f5es desde 2021, sempre tentando melhorar. Desde 2024, comecei a disputar campeonatos brasileiros e j\u00e1 ganhei em cidades como Imperatriz e Palmas. O Bolsa Atleta vai me ajudar a comprar equipamentos novos, melhorar meus treinos e ter um desempenho ainda melhor. Com materiais novos e mais estrutura, consigo evoluir cada vez mais na modalidade&#8221;, frisou.\u00a0<\/p>\n<p class=\"wp-block-paragraph\">\u00c2ngelo Ant\u00f4nio Correia de Souza, 19 anos, de Campo Grande, foi contemplado com a Bolsa Atleta &#8211; Nacional.\u00a0<\/p>\n<p class=\"wp-block-paragraph\">\u201cEu acho que o incentivo financeiro no esporte \u00e9 muito importante. Principalmente nas categorias de base, \u00e9 algo que se faz extremamente necess\u00e1rio para que seja um incentivo a mais, para que o atleta traga cada vez mais resultados e principalmente que n\u00e3o pare de praticar o seu esporte. Eu nado h\u00e1 muito tempo, vou fazer 10 anos j\u00e1\u201d.\u00a0<\/p>\n<p class=\"wp-block-paragraph\">Ele ainda acrescentou: \u201cJ\u00e1 tive v\u00e1rias experi\u00eancias durante essa vida de treinamento. J\u00e1 tive a oportunidade de treinar muito, tive a oportunidade de treinar menos. Mas o bolsa atleta sempre foi algo muito importante para que eu n\u00e3o parasse de nadar. Acho que \u00e9 um incentivo. Muito importante para que eu n\u00e3o finalizasse minha carreira na nata\u00e7\u00e3o\u201d.<\/p>\n<p class=\"wp-block-paragraph\">Com a assinatura dos Termos de Ades\u00e3o pelos atletas contemplados, o processo do Bolsa Atleta foi oficialmente encerrado. J\u00e1 o edital do Bolsa T\u00e9cnico segue em andamento e est\u00e1 com prazo aberto para interposi\u00e7\u00e3o de recursos at\u00e9 esta quinta-feira (18). Os interessados podem consultar as informa\u00e7\u00f5es e realizar os procedimentos necess\u00e1rios por meio do link.<\/p>\n<p class=\"wp-block-paragraph\"><em>Bel Manvailer, Comunica\u00e7\u00e3o Setesc <\/em><em><br \/><\/em><em>Fotos: Daniel Reino\/Setesc <\/em><\/p>\n<\/div>\n","protected":false},"excerpt":{"rendered":"<p>Foi oficialmente conclu\u00eddo nesta ter\u00e7a-feira (16) o processo de ades\u00e3o ao programa Bolsa Atleta, uma das principais pol\u00edticas p\u00fablicas de incentivo ao esporte desenvolvidas pelo Governo de Mato Grosso do Sul. A etapa final consistiu na assinatura do Termo de Ades\u00e3o pelos atletas contemplados, realizada nos dias 15 e 16 de junho, na sede da [&hellip;]<\/p>\n","protected":false},"author":1,"featured_media":0,"comment_status":"","ping_status":"","sticky":false,"template":"","format":"standard","meta":{"footnotes":""},"categories":[],"tags":[],"class_list":["post-51473","post","type-post","status-publish","format-standard","hentry"],"amp_enabled":true,"_links":{"self":[{"href":"https:\/\/novasdodia.com.br\/index.php\/wp-json\/wp\/v2\/posts\/51473","targetHints":{"allow":["GET"]}}],"collection":[{"href":"https:\/\/novasdodia.com.br\/index.php\/wp-json\/wp\/v2\/posts"}],"about":[{"href":"https:\/\/novasdodia.com.br\/index.php\/wp-json\/wp\/v2\/types\/post"}],"author":[{"embeddable":true,"href":"https:\/\/novasdodia.com.br\/index.php\/wp-json\/wp\/v2\/users\/1"}],"replies":[{"embeddable":true,"href":"https:\/\/novasdodia.com.br\/index.php\/wp-json\/wp\/v2\/comments?post=51473"}],"version-history":[{"count":0,"href":"https:\/\/novasdodia.com.br\/index.php\/wp-json\/wp\/v2\/posts\/51473\/revisions"}],"wp:attachment":[{"href":"https:\/\/novasdodia.com.br\/index.php\/wp-json\/wp\/v2\/media?parent=51473"}],"wp:term":[{"taxonomy":"category","embeddable":true,"href":"https:\/\/novasdodia.com.br\/index.php\/wp-json\/wp\/v2\/categories?post=51473"},{"taxonomy":"post_tag","embeddable":true,"href":"https:\/\/novasdodia.com.br\/index.php\/wp-json\/wp\/v2\/tags?post=51473"}],"curies":[{"name":"wp","href":"https:\/\/api.w.org\/{rel}","templated":true}]}}