{"id":51553,"date":"2026-06-17T22:11:35","date_gmt":"2026-06-18T01:11:35","guid":{"rendered":"https:\/\/novasdodia.com.br\/index.php\/2026\/06\/17\/prazos-para-campanha-de-vacinacao-de-bezerras-contra-brucelose-continuam-inalterados-em-ms-agencia-de-noticias-do-governo-de-mato-grosso-do-sul\/"},"modified":"2026-06-17T22:11:35","modified_gmt":"2026-06-18T01:11:35","slug":"prazos-para-campanha-de-vacinacao-de-bezerras-contra-brucelose-continuam-inalterados-em-ms-agencia-de-noticias-do-governo-de-mato-grosso-do-sul","status":"publish","type":"post","link":"https:\/\/novasdodia.com.br\/index.php\/2026\/06\/17\/prazos-para-campanha-de-vacinacao-de-bezerras-contra-brucelose-continuam-inalterados-em-ms-agencia-de-noticias-do-governo-de-mato-grosso-do-sul\/","title":{"rendered":"prazos para campanha de vacina\u00e7\u00e3o de bezerras contra brucelose continuam inalterados em MS \u2013 Ag\u00eancia de Noticias do Governo de Mato Grosso do Sul"},"content":{"rendered":"<p><\/p>\n<div id=\"post-544555\">\n<div class=\"text-center\"><\/div>\n<div class=\"entry\">\n<p style=\"font-weight: 400;\">A Iagro (Ag\u00eancia Estadual de Vigil\u00e2ncia Sanit\u00e1ria Animal e Vegetal) avisa aos produtores rurais que os prazos para vacina\u00e7\u00e3o contra a brucelose de bezerras bovinas e bubalinas com idade entre tr\u00eas e oito meses, continuam inalterados em Mato Grosso do Sul. A campanha de imuniza\u00e7\u00e3o contra a doen\u00e7a ocorre em duas etapas no Estado: a primeira etapa se estende de 1\u00b0 de janeiro a 30 de junho e a segunda de 1\u00b0 de julho a 31 de dezembro.<\/p>\n<p style=\"font-weight: 400;\">Os registros dos atestados de vacina\u00e7\u00e3o devem ser informados pelos produtores rurais at\u00e9 o \u00faltimo dia de vacina\u00e7\u00e3o de cada etapa. Mato Grosso do Sul tem legisla\u00e7\u00e3o pr\u00f3pria a respeito, disposta na Portaria Iagro 3.617 de 28 de maio de 2019, com todos os detalhes e provid\u00eancias necess\u00e1rias.<\/p>\n<p style=\"font-weight: 400;\">J\u00e1 em n\u00edvel nacional, o Mapa (Minist\u00e9rio de Agricultura e Pecu\u00e1ria) lan\u00e7ou campanha similar nessa ter\u00e7a-feira (16), v\u00e1lida para os estados que n\u00e3o t\u00eam legisla\u00e7\u00e3o pr\u00f3pria, para padronizar a campanha em todo territ\u00f3rio brasileiro. O diretor presidente da Iagro, Daniel Ingold, alerta que a Portaria do Mapa n\u00e3o altera em nada a campanha estadual, inclusive quanto aos prazos. Os produtores sul-mato-grossenses devem apresentar o registro dos atestados de imuniza\u00e7\u00e3o at\u00e9 o \u00faltimo dia de vacina\u00e7\u00e3o de cada etapa. \u00a0<\/p>\n<p style=\"font-weight: 400;\">A brucelose \u00e9 uma doen\u00e7a infectocontagiosa provocada por bact\u00e9rias que acomete animais e humanos, tratando-se, portanto, \u00e9 uma zoonose. A transmiss\u00e3o pode se dar atrav\u00e9s do consumo de leite ou da carne do animal doente. Nos bovinos infectados, a brucelose afeta o sistema reprodutivo, causando abortos, m\u00e1 forma\u00e7\u00e3o e nascimento prematuro.<\/p>\n<p style=\"font-weight: 400;\"><em>Jo\u00e3o Prestes, Comunica\u00e7\u00e3o Semadesc<\/em><\/p>\n<\/div><\/div>\n","protected":false},"excerpt":{"rendered":"<p>A Iagro (Ag\u00eancia Estadual de Vigil\u00e2ncia Sanit\u00e1ria Animal e Vegetal) avisa aos produtores rurais que os prazos para vacina\u00e7\u00e3o contra a brucelose de bezerras bovinas e bubalinas com idade entre tr\u00eas e oito meses, continuam inalterados em Mato Grosso do Sul. A campanha de imuniza\u00e7\u00e3o contra a doen\u00e7a ocorre em duas etapas no Estado: a [&hellip;]<\/p>\n","protected":false},"author":1,"featured_media":0,"comment_status":"","ping_status":"","sticky":false,"template":"","format":"standard","meta":{"footnotes":""},"categories":[],"tags":[],"class_list":["post-51553","post","type-post","status-publish","format-standard","hentry"],"amp_enabled":true,"_links":{"self":[{"href":"https:\/\/novasdodia.com.br\/index.php\/wp-json\/wp\/v2\/posts\/51553","targetHints":{"allow":["GET"]}}],"collection":[{"href":"https:\/\/novasdodia.com.br\/index.php\/wp-json\/wp\/v2\/posts"}],"about":[{"href":"https:\/\/novasdodia.com.br\/index.php\/wp-json\/wp\/v2\/types\/post"}],"author":[{"embeddable":true,"href":"https:\/\/novasdodia.com.br\/index.php\/wp-json\/wp\/v2\/users\/1"}],"replies":[{"embeddable":true,"href":"https:\/\/novasdodia.com.br\/index.php\/wp-json\/wp\/v2\/comments?post=51553"}],"version-history":[{"count":0,"href":"https:\/\/novasdodia.com.br\/index.php\/wp-json\/wp\/v2\/posts\/51553\/revisions"}],"wp:attachment":[{"href":"https:\/\/novasdodia.com.br\/index.php\/wp-json\/wp\/v2\/media?parent=51553"}],"wp:term":[{"taxonomy":"category","embeddable":true,"href":"https:\/\/novasdodia.com.br\/index.php\/wp-json\/wp\/v2\/categories?post=51553"},{"taxonomy":"post_tag","embeddable":true,"href":"https:\/\/novasdodia.com.br\/index.php\/wp-json\/wp\/v2\/tags?post=51553"}],"curies":[{"name":"wp","href":"https:\/\/api.w.org\/{rel}","templated":true}]}}