{"id":52575,"date":"2026-07-13T13:39:34","date_gmt":"2026-07-13T16:39:34","guid":{"rendered":"https:\/\/novasdodia.com.br\/index.php\/2026\/07\/13\/guarda-municipal-conduz-seis-flanelinhas-para-delegacia-do-catete-prefeitura-da-cidade-do-rio-de-janeiro\/"},"modified":"2026-07-13T13:39:34","modified_gmt":"2026-07-13T16:39:34","slug":"guarda-municipal-conduz-seis-flanelinhas-para-delegacia-do-catete-prefeitura-da-cidade-do-rio-de-janeiro","status":"publish","type":"post","link":"https:\/\/novasdodia.com.br\/index.php\/2026\/07\/13\/guarda-municipal-conduz-seis-flanelinhas-para-delegacia-do-catete-prefeitura-da-cidade-do-rio-de-janeiro\/","title":{"rendered":"Guarda Municipal conduz seis flanelinhas para delegacia do Catete &#8211; Prefeitura da Cidade do Rio de Janeiro"},"content":{"rendered":"<p><\/p>\n<div dir=\"auto\">\n<p>Guardas municipais do Grupamento de Opera\u00e7\u00f5es Especiais (GOE) conduziram, no domingo I12\/07), seis\u00a0 flanelinhas para a delegacia durante uma opera\u00e7\u00e3o de seguran\u00e7a urbana realizada no bairro do Catete e da Gl\u00f3ria.<\/p>\n<p>Os suspeitos foram flagrados atuando irregularmente na regi\u00e3o e encaminhados para a 9\u00aa DP, onde a ocorr\u00eancia foi registrada por exerc\u00edcio ilegal da profiss\u00e3o.<\/p>\n<p>A a\u00e7\u00e3o faz parte das opera\u00e7\u00f5es da GM-Rio, que vem intensificando as atividades preventivas de ordenamento urbano, fiscaliza\u00e7\u00e3o de tr\u00e2nsito e seguran\u00e7a na Feira da Gl\u00f3ria e em seu entorno, abrangendo a Rua Teixeira de Freitas e a Pra\u00e7a do Russell, desde o dia 30 de mar\u00e7o. S\u00f3 na a\u00e7\u00e3o de hoje foram aplicadas 25 multas de tr\u00e2nsito no local.<\/p>\n<\/div>\n","protected":false},"excerpt":{"rendered":"<p>Guardas municipais do Grupamento de Opera\u00e7\u00f5es Especiais (GOE) conduziram, no domingo I12\/07), seis\u00a0 flanelinhas para a delegacia durante uma opera\u00e7\u00e3o de seguran\u00e7a urbana realizada no bairro do Catete e da Gl\u00f3ria. Os suspeitos foram flagrados atuando irregularmente na regi\u00e3o e encaminhados para a 9\u00aa DP, onde a ocorr\u00eancia foi registrada por exerc\u00edcio ilegal da profiss\u00e3o. [&hellip;]<\/p>\n","protected":false},"author":1,"featured_media":0,"comment_status":"","ping_status":"","sticky":false,"template":"","format":"standard","meta":{"footnotes":""},"categories":[1],"tags":[],"class_list":["post-52575","post","type-post","status-publish","format-standard","hentry","category-noticias"],"amp_enabled":true,"_links":{"self":[{"href":"https:\/\/novasdodia.com.br\/index.php\/wp-json\/wp\/v2\/posts\/52575","targetHints":{"allow":["GET"]}}],"collection":[{"href":"https:\/\/novasdodia.com.br\/index.php\/wp-json\/wp\/v2\/posts"}],"about":[{"href":"https:\/\/novasdodia.com.br\/index.php\/wp-json\/wp\/v2\/types\/post"}],"author":[{"embeddable":true,"href":"https:\/\/novasdodia.com.br\/index.php\/wp-json\/wp\/v2\/users\/1"}],"replies":[{"embeddable":true,"href":"https:\/\/novasdodia.com.br\/index.php\/wp-json\/wp\/v2\/comments?post=52575"}],"version-history":[{"count":0,"href":"https:\/\/novasdodia.com.br\/index.php\/wp-json\/wp\/v2\/posts\/52575\/revisions"}],"wp:attachment":[{"href":"https:\/\/novasdodia.com.br\/index.php\/wp-json\/wp\/v2\/media?parent=52575"}],"wp:term":[{"taxonomy":"category","embeddable":true,"href":"https:\/\/novasdodia.com.br\/index.php\/wp-json\/wp\/v2\/categories?post=52575"},{"taxonomy":"post_tag","embeddable":true,"href":"https:\/\/novasdodia.com.br\/index.php\/wp-json\/wp\/v2\/tags?post=52575"}],"curies":[{"name":"wp","href":"https:\/\/api.w.org\/{rel}","templated":true}]}}