{"id":54236,"date":"2026-08-29T08:59:38","date_gmt":"2026-08-29T11:59:38","guid":{"rendered":"https:\/\/novasdodia.com.br\/index.php\/2026\/08\/29\/uems-realiza-feira-cultural-sabores-do-cerrado-em-campo-grande-agencia-de-noticias-do-governo-de-mato-grosso-do-sul\/"},"modified":"2026-08-29T08:59:38","modified_gmt":"2026-08-29T11:59:38","slug":"uems-realiza-feira-cultural-sabores-do-cerrado-em-campo-grande-agencia-de-noticias-do-governo-de-mato-grosso-do-sul","status":"publish","type":"post","link":"https:\/\/novasdodia.com.br\/index.php\/2026\/08\/29\/uems-realiza-feira-cultural-sabores-do-cerrado-em-campo-grande-agencia-de-noticias-do-governo-de-mato-grosso-do-sul\/","title":{"rendered":"UEMS realiza feira cultural \u2018Sabores do Cerrado\u2019 em Campo Grande \u2013 Ag\u00eancia de Noticias do Governo de Mato Grosso do Sul"},"content":{"rendered":"<p><\/p>\n<div id=\"post-547054\">\n<div class=\"entry\">\n<p>A Universidade Estadual de Mato Grosso do Sul (UEMS) realiza, no dia 11 de setembro de 2026 (sexta-feira), a \u201cFeira Cultural da UEMS \u2013 Sabores do Cerrado\u201d. A atividade \u00e9 organizada em alus\u00e3o ao Dia Nacional do Cerrado e traz o tema \u201cSabores do Cerrado\u201d, com o subt\u00edtulo \u201cCultura, identidade e ra\u00edzes de Mato Grosso do Sul\u201d.<\/p>\n<p>As a\u00e7\u00f5es acontecem das 8h \u00e0s 13h, na Unidade Universit\u00e1ria de Campo Grande, localizada no bairro Santo Amaro. O evento integra as a\u00e7\u00f5es culturais desenvolvidas pela universidade e possui finalidade educativa, cultural, ambiental e de integra\u00e7\u00e3o social.<\/p>\n<p><strong>Servi\u00e7o cultural e gastron\u00f4mico<\/strong><\/p>\n<p>A feira re\u00fane expositores da comunidade acad\u00eamica com iniciativas voltadas \u00e0 cultura e \u00e0 identidade regional, reunindo produtos e atividades nas seguintes \u00e1reas:<\/p>\n<ul>\n<li>Gastronomia regional: exposi\u00e7\u00e3o de produtos e alimentos ligados \u00e0 biodiversidade local;<br \/>&#8211;<\/li>\n<li>Artesanato e Economia Criativa: comercializa\u00e7\u00e3o e apresenta\u00e7\u00e3o de itens artesanais e trabalhos desenvolvidos pela comunidade acad\u00eamica;<br \/>&#8211;<\/li>\n<li>Saberes e Pr\u00e1ticas Tradicionais: espa\u00e7o dedicado \u00e0 troca de conhecimentos sobre sustentabilidade, biodiversidade e patrim\u00f4nio cultural de Mato Grosso do Sul.<\/li>\n<\/ul>\n<p>A participa\u00e7\u00e3o como expositor \u00e9 voltada aos integrantes da comunidade acad\u00eamica que desenvolvam produtos, projetos, pesquisas ou atividades relacionadas \u00e0 tem\u00e1tica da feira.<\/p>\n<p><strong>Informa\u00e7\u00f5es gerais do evento<\/strong><\/p>\n<ul>\n<li>Data: 11 de setembro de 2026 (sexta-feira)<\/li>\n<li>Hor\u00e1rio: Das 8h \u00e0s 13h<\/li>\n<li>Local: UEMS \u2013 Unidade Universit\u00e1ria de Campo Grande (Bairro Santo Amaro)<\/li>\n<li>Tema: Sabores do Cerrado \u2014 Cultura, identidade e ra\u00edzes de Mato Grosso do Sul<\/li>\n<li>P\u00fablico-alvo: comunidade acad\u00eamica e sociedade em geral<\/li>\n<\/ul>\n<p><em>Comunica\u00e7\u00e3o UEMS<\/em><\/p>\n<\/div><\/div>\n","protected":false},"excerpt":{"rendered":"<p>A Universidade Estadual de Mato Grosso do Sul (UEMS) realiza, no dia 11 de setembro de 2026 (sexta-feira), a \u201cFeira Cultural da UEMS \u2013 Sabores do Cerrado\u201d. A atividade \u00e9 organizada em alus\u00e3o ao Dia Nacional do Cerrado e traz o tema \u201cSabores do Cerrado\u201d, com o subt\u00edtulo \u201cCultura, identidade e ra\u00edzes de Mato Grosso [&hellip;]<\/p>\n","protected":false},"author":1,"featured_media":0,"comment_status":"","ping_status":"","sticky":false,"template":"","format":"standard","meta":{"footnotes":""},"categories":[],"tags":[],"class_list":["post-54236","post","type-post","status-publish","format-standard","hentry"],"amp_enabled":true,"_links":{"self":[{"href":"https:\/\/novasdodia.com.br\/index.php\/wp-json\/wp\/v2\/posts\/54236","targetHints":{"allow":["GET"]}}],"collection":[{"href":"https:\/\/novasdodia.com.br\/index.php\/wp-json\/wp\/v2\/posts"}],"about":[{"href":"https:\/\/novasdodia.com.br\/index.php\/wp-json\/wp\/v2\/types\/post"}],"author":[{"embeddable":true,"href":"https:\/\/novasdodia.com.br\/index.php\/wp-json\/wp\/v2\/users\/1"}],"replies":[{"embeddable":true,"href":"https:\/\/novasdodia.com.br\/index.php\/wp-json\/wp\/v2\/comments?post=54236"}],"version-history":[{"count":0,"href":"https:\/\/novasdodia.com.br\/index.php\/wp-json\/wp\/v2\/posts\/54236\/revisions"}],"wp:attachment":[{"href":"https:\/\/novasdodia.com.br\/index.php\/wp-json\/wp\/v2\/media?parent=54236"}],"wp:term":[{"taxonomy":"category","embeddable":true,"href":"https:\/\/novasdodia.com.br\/index.php\/wp-json\/wp\/v2\/categories?post=54236"},{"taxonomy":"post_tag","embeddable":true,"href":"https:\/\/novasdodia.com.br\/index.php\/wp-json\/wp\/v2\/tags?post=54236"}],"curies":[{"name":"wp","href":"https:\/\/api.w.org\/{rel}","templated":true}]}}