{"id":54265,"date":"2026-08-30T12:17:37","date_gmt":"2026-08-30T15:17:37","guid":{"rendered":"https:\/\/novasdodia.com.br\/index.php\/2026\/08\/30\/flashback-reune-geracoes-com-musica-e-danca-no-horto-cgnoticias\/"},"modified":"2026-08-30T12:17:37","modified_gmt":"2026-08-30T15:17:37","slug":"flashback-reune-geracoes-com-musica-e-danca-no-horto-cgnoticias","status":"publish","type":"post","link":"https:\/\/novasdodia.com.br\/index.php\/2026\/08\/30\/flashback-reune-geracoes-com-musica-e-danca-no-horto-cgnoticias\/","title":{"rendered":"Flashback re\u00fane gera\u00e7\u00f5es com m\u00fasica e dan\u00e7a no Horto \u2013 CGNot\u00edcias"},"content":{"rendered":"<p><\/p>\n<div>\n<p>Evento gratuito integra a programa\u00e7\u00e3o do anivers\u00e1rio de 127 anos de Campo Grande e ter\u00e1 DJs, grupos de dan\u00e7a, atra\u00e7\u00f5es de outros estados, pra\u00e7a de alimenta\u00e7\u00e3o e espa\u00e7o\u00a0 kids\u00a0<\/p>\n<p>Campo Grande celebra neste domingo (30) o Dia Municipal do Flashback com uma\u00a0 programa\u00e7\u00e3o especial no Teatro de Arena do Horto Florestal, reunindo m\u00fasica, dan\u00e7a e\u00a0 nostalgia em um evento gratuito e aberto para toda a fam\u00edlia. A atividade integra o\u00a0 calend\u00e1rio oficial de comemora\u00e7\u00f5es pelos 127 anos da Capital e ser\u00e1 realizada das 15h\u00a0 \u00e0s 22h.\u00a0<\/p>\n<p>A programa\u00e7\u00e3o ter\u00e1 a participa\u00e7\u00e3o de diversos DJs, grupos de dan\u00e7a e atra\u00e7\u00f5es\u00a0 convidadas de outras cidades e estados. Entre os destaques est\u00e3o grupos vindos\u00a0 de Dourados, Foz do Igua\u00e7u, Ara\u00e7atuba e do Rio Grande do Sul, al\u00e9m de artistas e DJs\u00a0 da cena local.\u00a0<\/p>\n<p>O evento tamb\u00e9m contar\u00e1 com pra\u00e7a de alimenta\u00e7\u00e3o, espa\u00e7o kids e estrutura de\u00a0 seguran\u00e7a, com a presen\u00e7a da Guarda Civil Metropolitana e da Pol\u00edcia Militar. A\u00a0 proposta \u00e9 oferecer um ambiente de conviv\u00eancia para p\u00fablicos de diferentes idades,\u00a0 valorizando a cultura do flashback e a produ\u00e7\u00e3o art\u00edstica ligada \u00e0 m\u00fasica e \u00e0 dan\u00e7a.\u00a0<\/p>\n<p>Segundo Eliezer de Souza, conhecido como Zeca de Souza, um dos respons\u00e1veis pela\u00a0 organiza\u00e7\u00e3o, o evento representa um momento importante para o movimento do\u00a0 flashback em Campo Grande. Ele explica que as edi\u00e7\u00f5es anteriores foram realizadas em\u00a0 bairros da periferia, especialmente no Alves Pereira, com recursos pr\u00f3prios e apoio de\u00a0 lideran\u00e7as comunit\u00e1rias.\u00a0<\/p>\n<p>\u201cPara n\u00f3s \u00e9 maravilhoso, porque a gente j\u00e1 fez as edi\u00e7\u00f5es anteriores na periferia, com o\u00a0 nosso pr\u00f3prio recurso e com a ajuda do l\u00edder comunit\u00e1rio. Agora temos a oportunidade\u00a0 de comemorar no centro, para todo Campo Grande, e com apoio. O mais importante \u00e9\u00a0 esse apoio\u201d, destaca.\u00a0<\/p>\n<p>O Dia Municipal do Flashback foi institu\u00eddo por lei e sancionado h\u00e1 cerca de cinco\u00a0 anos. Desde ent\u00e3o, o movimento busca fortalecer a data e ampliar a participa\u00e7\u00e3o do\u00a0 p\u00fablico. Esta ser\u00e1 a primeira edi\u00e7\u00e3o realizada com apoio da Prefeitura e da Funda\u00e7\u00e3o\u00a0 Municipal de Cultura (Fundac), dentro da programa\u00e7\u00e3o oficial do anivers\u00e1rio da\u00a0 Capital.\u00a0<\/p>\n<p>A escolha das m\u00fasicas e atra\u00e7\u00f5es pretende transportar o p\u00fablico para diferentes \u00e9pocas,\u00a0 especialmente as d\u00e9cadas de 1980, 1990 e os anos 2000. Al\u00e9m dos cl\u00e1ssicos que\u00a0 marcaram gera\u00e7\u00f5es, o p\u00fablico poder\u00e1 acompanhar apresenta\u00e7\u00f5es de dan\u00e7a e os\u00a0 tradicionais \u201cpassinhos\u201d que fazem parte da cultura do flashback.<\/p>\n<p>De acordo com os organizadores, a programa\u00e7\u00e3o tamb\u00e9m \u00e9 uma oportunidade para\u00a0 valorizar os DJs e grupos de dan\u00e7a de Campo Grande. A inten\u00e7\u00e3o \u00e9 proporcionar um\u00a0 espa\u00e7o para que artistas locais possam apresentar seu trabalho ao lado de convidados de\u00a0 outras regi\u00f5es.\u00a0<\/p>\n<p>\u201cEm Campo Grande existem muitos DJs bons, da nossa regi\u00e3o, que precisam ser\u00a0 prestigiados. \u00c9 isso que as pessoas podem esperar: um evento maravilhoso, com muitas\u00a0 atra\u00e7\u00f5es e muitos grupos de dan\u00e7a\u201d, afirma Zeca de Souza.\u00a0<\/p>\n<p>A organiza\u00e7\u00e3o refor\u00e7a que n\u00e3o haver\u00e1 cobran\u00e7a de ingresso. A proposta \u00e9 garantir uma\u00a0 programa\u00e7\u00e3o acess\u00edvel, reunindo crian\u00e7as, jovens, adultos e idosos em um mesmo\u00a0 espa\u00e7o.\u00a0<\/p>\n<p>Para Katia Maiani, tamb\u00e9m envolvida na realiza\u00e7\u00e3o, o car\u00e1ter familiar \u00e9 um dos\u00a0 principais diferenciais da programa\u00e7\u00e3o. A expectativa \u00e9 de um ambiente de divers\u00e3o, conviv\u00eancia e reencontro com m\u00fasicas que marcaram diferentes gera\u00e7\u00f5es.\u00a0<\/p>\n<p>Com m\u00fasica, dan\u00e7a e atra\u00e7\u00f5es para diferentes faixas et\u00e1rias, o Dia Municipal do\u00a0 Flashback promete transformar o Orto Policial em um ponto de encontro para quem\u00a0 gosta de reviver os sucessos das d\u00e9cadas passadas e tamb\u00e9m para quem deseja conhecer\u00a0 um pouco mais dessa cultura.\u00a0<\/p>\n<h5 class=\"wp-block-heading\"><strong>Servi\u00e7o\u00a0<\/strong><\/h5>\n<ul class=\"wp-block-list\">\n<li>Dia Municipal do Flashback\u00a0<\/li>\n<li>Data: Domingo, 30 de agosto\u00a0<\/li>\n<li>Hor\u00e1rio: das 15h \u00e0s 22h\u00a0<\/li>\n<li>Local: Teatro de Arena do Horto Florestal \u2013 Campo Grande (MS)\u00a0<\/li>\n<li>Entrada: gratuita\u00a0<\/li>\n<li>Atra\u00e7\u00f5es: DJs, grupos de dan\u00e7a, convidados de outras cidades e estados, pra\u00e7a de\u00a0 alimenta\u00e7\u00e3o e espa\u00e7o kids\u00a0<\/li>\n<li>Classifica\u00e7\u00e3o: evento aberto a toda a fam\u00edlia<\/li>\n<\/ul>\n<\/div>\n<p><script async defer async defer src=\"https:\/\/connect.facebook.net\/en_US\/sdk.js?ver=1#xfbml=1&amp;version=v3.2\" id=\"prefeitura-campogrande-script-facebook-sdk-js\"><\/script><\/p>\n","protected":false},"excerpt":{"rendered":"<p>Evento gratuito integra a programa\u00e7\u00e3o do anivers\u00e1rio de 127 anos de Campo Grande e ter\u00e1 DJs, grupos de dan\u00e7a, atra\u00e7\u00f5es de outros estados, pra\u00e7a de alimenta\u00e7\u00e3o e espa\u00e7o\u00a0 kids\u00a0 Campo Grande celebra neste domingo (30) o Dia Municipal do Flashback com uma\u00a0 programa\u00e7\u00e3o especial no Teatro de Arena do Horto Florestal, reunindo m\u00fasica, dan\u00e7a e\u00a0 [&hellip;]<\/p>\n","protected":false},"author":1,"featured_media":0,"comment_status":"","ping_status":"","sticky":false,"template":"","format":"standard","meta":{"footnotes":""},"categories":[],"tags":[],"class_list":["post-54265","post","type-post","status-publish","format-standard","hentry"],"amp_enabled":true,"_links":{"self":[{"href":"https:\/\/novasdodia.com.br\/index.php\/wp-json\/wp\/v2\/posts\/54265","targetHints":{"allow":["GET"]}}],"collection":[{"href":"https:\/\/novasdodia.com.br\/index.php\/wp-json\/wp\/v2\/posts"}],"about":[{"href":"https:\/\/novasdodia.com.br\/index.php\/wp-json\/wp\/v2\/types\/post"}],"author":[{"embeddable":true,"href":"https:\/\/novasdodia.com.br\/index.php\/wp-json\/wp\/v2\/users\/1"}],"replies":[{"embeddable":true,"href":"https:\/\/novasdodia.com.br\/index.php\/wp-json\/wp\/v2\/comments?post=54265"}],"version-history":[{"count":0,"href":"https:\/\/novasdodia.com.br\/index.php\/wp-json\/wp\/v2\/posts\/54265\/revisions"}],"wp:attachment":[{"href":"https:\/\/novasdodia.com.br\/index.php\/wp-json\/wp\/v2\/media?parent=54265"}],"wp:term":[{"taxonomy":"category","embeddable":true,"href":"https:\/\/novasdodia.com.br\/index.php\/wp-json\/wp\/v2\/categories?post=54265"},{"taxonomy":"post_tag","embeddable":true,"href":"https:\/\/novasdodia.com.br\/index.php\/wp-json\/wp\/v2\/tags?post=54265"}],"curies":[{"name":"wp","href":"https:\/\/api.w.org\/{rel}","templated":true}]}}