{"id":54271,"date":"2026-08-30T18:35:46","date_gmt":"2026-08-30T21:35:46","guid":{"rendered":"https:\/\/novasdodia.com.br\/index.php\/2026\/08\/30\/capital-tem-alerta-de-tempestade-a-partir-de-segunda-31-cgnoticias\/"},"modified":"2026-08-30T18:35:46","modified_gmt":"2026-08-30T21:35:46","slug":"capital-tem-alerta-de-tempestade-a-partir-de-segunda-31-cgnoticias","status":"publish","type":"post","link":"https:\/\/novasdodia.com.br\/index.php\/2026\/08\/30\/capital-tem-alerta-de-tempestade-a-partir-de-segunda-31-cgnoticias\/","title":{"rendered":"Capital tem alerta de tempestade a partir de segunda (31) \u2013 CGNot\u00edcias"},"content":{"rendered":"<p><\/p>\n<div>\n<p>A Coordenadoria de Prote\u00e7\u00e3o e Defesa Civil de Campo Grande emitiu um alerta nesta segunda-feira (31), a partir das 23h, sobre o risco de tempestade na Capital at\u00e9 \u00e0s 22h59 de ter\u00e7a-feira (01\/09).<\/p>\n<p>O alerta amarelo foi emitido pela possibilidade de chuva entre 20 e 30 mm\/h, podendo chegar a 50 mm no dia, acompanhada de ventos intensos. Ainda conforme o alerta, h\u00e1 baixo risco de corte de energia, queda de galhos de \u00e1rvores, alagamentos e descargas el\u00e9tricas em pontos diversos da cidade. O alerta foi emitido pelo Instituto Nacional de Meteorologia (Inmet).<\/p>\n<p><strong>Alerta emitido pela Defesa Civil<\/strong><\/p>\n<p>Caso seja atingido por alguma intemp\u00e9rie, o mun\u00edcipe pode acionar a Defesa Civil atrav\u00e9s do contato 199, ou solicitar servi\u00e7os, como a remo\u00e7\u00e3o de galhos e \u00e1rvores, pelo 156. Naqueles casos em que a queda aconteceu sobre a fia\u00e7\u00e3o e h\u00e1 risco de o im\u00f3vel ou a \u00e1rvore estar eletrificada, o contato deve ser feito ao 193.<\/p>\n<figure class=\"wp-block-image size-large\"><\/figure>\n<\/div>\n<p><script async defer async defer src=\"https:\/\/connect.facebook.net\/en_US\/sdk.js?ver=1#xfbml=1&amp;version=v3.2\" id=\"prefeitura-campogrande-script-facebook-sdk-js\"><\/script><\/p>\n","protected":false},"excerpt":{"rendered":"<p>A Coordenadoria de Prote\u00e7\u00e3o e Defesa Civil de Campo Grande emitiu um alerta nesta segunda-feira (31), a partir das 23h, sobre o risco de tempestade na Capital at\u00e9 \u00e0s 22h59 de ter\u00e7a-feira (01\/09). O alerta amarelo foi emitido pela possibilidade de chuva entre 20 e 30 mm\/h, podendo chegar a 50 mm no dia, acompanhada [&hellip;]<\/p>\n","protected":false},"author":1,"featured_media":0,"comment_status":"","ping_status":"","sticky":false,"template":"","format":"standard","meta":{"footnotes":""},"categories":[],"tags":[],"class_list":["post-54271","post","type-post","status-publish","format-standard","hentry"],"amp_enabled":true,"_links":{"self":[{"href":"https:\/\/novasdodia.com.br\/index.php\/wp-json\/wp\/v2\/posts\/54271","targetHints":{"allow":["GET"]}}],"collection":[{"href":"https:\/\/novasdodia.com.br\/index.php\/wp-json\/wp\/v2\/posts"}],"about":[{"href":"https:\/\/novasdodia.com.br\/index.php\/wp-json\/wp\/v2\/types\/post"}],"author":[{"embeddable":true,"href":"https:\/\/novasdodia.com.br\/index.php\/wp-json\/wp\/v2\/users\/1"}],"replies":[{"embeddable":true,"href":"https:\/\/novasdodia.com.br\/index.php\/wp-json\/wp\/v2\/comments?post=54271"}],"version-history":[{"count":0,"href":"https:\/\/novasdodia.com.br\/index.php\/wp-json\/wp\/v2\/posts\/54271\/revisions"}],"wp:attachment":[{"href":"https:\/\/novasdodia.com.br\/index.php\/wp-json\/wp\/v2\/media?parent=54271"}],"wp:term":[{"taxonomy":"category","embeddable":true,"href":"https:\/\/novasdodia.com.br\/index.php\/wp-json\/wp\/v2\/categories?post=54271"},{"taxonomy":"post_tag","embeddable":true,"href":"https:\/\/novasdodia.com.br\/index.php\/wp-json\/wp\/v2\/tags?post=54271"}],"curies":[{"name":"wp","href":"https:\/\/api.w.org\/{rel}","templated":true}]}}