{"id":54278,"date":"2026-08-31T07:49:38","date_gmt":"2026-08-31T10:49:38","guid":{"rendered":"https:\/\/novasdodia.com.br\/index.php\/2026\/08\/31\/joao-pessoa-se-destaca-e-acumula-10-premios-por-acoes-da-gestao-municipal-em-2026\/"},"modified":"2026-08-31T07:49:38","modified_gmt":"2026-08-31T10:49:38","slug":"joao-pessoa-se-destaca-e-acumula-10-premios-por-acoes-da-gestao-municipal-em-2026","status":"publish","type":"post","link":"https:\/\/novasdodia.com.br\/index.php\/2026\/08\/31\/joao-pessoa-se-destaca-e-acumula-10-premios-por-acoes-da-gestao-municipal-em-2026\/","title":{"rendered":"Jo\u00e3o Pessoa se destaca e acumula 10 pr\u00eamios por a\u00e7\u00f5es da gest\u00e3o municipal em 2026"},"content":{"rendered":"<p><\/p>\n<div id=\"texto\">\n<p>Reconhecimento \u00e9 consequ\u00eancia de trabalho, planejamento e dedica\u00e7\u00e3o. Em 2026, a Prefeitura de Jo\u00e3o Pessoa vem transformando iniciativas desenvolvidas em diferentes \u00e1reas da administra\u00e7\u00e3o municipal em resultados que ultrapassam os limites da cidade e ganham destaque em premia\u00e7\u00f5es nacionais e regionais. E j\u00e1 s\u00e3o 10 pr\u00eamios conquistados em apenas oito meses.<\/p>\n<p>Ao longo do ano, projetos e a\u00e7\u00f5es voltados \u00e0 inova\u00e7\u00e3o, tecnologia, mobilidade, habita\u00e7\u00e3o, desenvolvimento econ\u00f4mico e comunica\u00e7\u00e3o foram reconhecidos pela qualidade e pelo impacto de suas propostas, colocando a Capital entre os munic\u00edpios que se destacam pela busca por uma gest\u00e3o p\u00fablica mais eficiente e conectada \u00e0s necessidades da popula\u00e7\u00e3o.<\/p>\n<p>O conjunto de reconhecimentos evidencia que as premia\u00e7\u00f5es n\u00e3o est\u00e3o concentradas em uma \u00fanica \u00e1rea, mas refletem diferentes frentes de atua\u00e7\u00e3o da administra\u00e7\u00e3o municipal, desde a moderniza\u00e7\u00e3o dos servi\u00e7os p\u00fablicos e o uso de tecnologia at\u00e9 pol\u00edticas de habita\u00e7\u00e3o, empreendedorismo, comunica\u00e7\u00e3o e seguran\u00e7a no tr\u00e2nsito.<\/p>\n<p><strong>Gest\u00e3o e inova\u00e7\u00e3o<\/strong> \u2013 O prefeito Leo Bezerra recebeu o pr\u00eamio \u2018Prefeito Inovador 2026\u2019, concedido durante o F\u00f3rum de Cidades Digitais e Inteligentes, pelo avan\u00e7o de Jo\u00e3o Pessoa em inova\u00e7\u00e3o e moderniza\u00e7\u00e3o dos servi\u00e7os p\u00fablicos.<\/p>\n<figure class=\"wp-block-gallery has-nested-images columns-default is-cropped wp-block-gallery-1 is-layout-flex wp-block-gallery-is-layout-flex\">\n<figure class=\"wp-block-image size-full\"><\/figure>\n<figure class=\"wp-block-image size-full\"><\/figure>\n<\/figure>\n<p>O Munic\u00edpio tamb\u00e9m conquistou o 1\u00ba lugar geral no Pr\u00eamio Brasil de Gest\u00e3o P\u00fablica, na categoria Destaque Expo GovBrasil, com o projeto \u2018Jo\u00e3o Pessoa Conectada: Rede Neutra Municipal e Plataforma Estruturante de Cidade Inteligente\u2019, desenvolvido pela Unidade Municipal de Tecnologia da Informa\u00e7\u00e3o (UMTI-JP), vinculada \u00e0 Secretaria de Gest\u00e3o Governamental (Seggov).<\/p>\n<p>\u201cEsse \u00e9 um reconhecimento importante e a prova de que o trabalho da Prefeitura de Jo\u00e3o Pessoa est\u00e1 presente em diversas \u00e1reas, sempre com foco na melhoria da qualidade de vida da nossa popula\u00e7\u00e3o. Seja na inova\u00e7\u00e3o, uma \u00e1rea em que ampliamos a oferta de servi\u00e7os e ferramentas, como o Jo\u00e3o Pessoa na Palma da M\u00e3o; na tecnologia das nossas escolas, com iniciativas como a Sala Google e os espa\u00e7os Maker; ou no programa \u2018Eu Posso\u2019, que transforma cidad\u00e3os em microempreendedores. Na habita\u00e7\u00e3o, tamb\u00e9m somos refer\u00eancia, com uma pol\u00edtica habitacional que atua desde a constru\u00e7\u00e3o de conjuntos residenciais at\u00e9 a reforma e aquisi\u00e7\u00e3o de im\u00f3veis para as fam\u00edlias que mais precisam\u201d, destacou Leo Bezerra.<\/p>\n<figure class=\"wp-block-gallery has-nested-images columns-default is-cropped wp-block-gallery-2 is-layout-flex wp-block-gallery-is-layout-flex\">\n<figure class=\"wp-block-image size-full\"><\/figure>\n<figure class=\"wp-block-image size-full\"><\/figure>\n<\/figure>\n<p><strong>Jornalismo e entretenimento<\/strong> \u2013 Na Comunica\u00e7\u00e3o, a Prefeitura ficou em 2\u00ba lugar no Pr\u00eamio da Academia Paraibana de Ci\u00eancia da Administra\u00e7\u00e3o (APCA) 2026, na categoria Jornalismo Digital, com uma reportagem sobre o programa \u2018Elas Lideram\u2019, iniciativa da Secretaria de Desenvolvimento Econ\u00f4mico e Trabalho (Sedest). O trabalho, produzido pela Secretaria de Comunica\u00e7\u00e3o (Secom), destacou pol\u00edticas p\u00fablicas de empreendedorismo feminino e promo\u00e7\u00e3o da equidade de g\u00eanero.<\/p>\n<p>J\u00e1 o programa Momento Geek, exibido pela TV Cidade Jo\u00e3o Pessoa, foi eleito o melhor programa nerd de TV da Para\u00edba em 2026, durante a premia\u00e7\u00e3o \u2018Melhores do Ano\u2019, organizada pelo perfil Nerdeste PB. A entrega do pr\u00eamio aconteceu em Campina Grande, dentro da programa\u00e7\u00e3o do evento Nerdeste Day, que reuniu f\u00e3s da cultura pop, criadores de conte\u00fado e representantes da cena geek do estado.<\/p>\n<figure class=\"wp-block-gallery has-nested-images columns-default is-cropped wp-block-gallery-3 is-layout-flex wp-block-gallery-is-layout-flex\">\n<figure class=\"wp-block-image size-full\"><\/figure>\n<figure class=\"wp-block-image size-full\"><\/figure>\n<\/figure>\n<p><strong>Habita\u00e7\u00e3o Social<\/strong> \u2013 Na habita\u00e7\u00e3o e inclus\u00e3o social, Jo\u00e3o Pessoa conquistou dois reconhecimentos. O programa \u2018Construindo Inclus\u00e3o\u2019 recebeu o Selo de M\u00e9rito, concedido pela Associa\u00e7\u00e3o Brasileira de Cohabs e Agentes P\u00fablicos de Habita\u00e7\u00e3o (ABC) e pelo F\u00f3rum Nacional de Secretarias de Habita\u00e7\u00e3o e Desenvolvimento Urbano (FNSHDU), em reconhecimento a iniciativas que associam moradia, inclus\u00e3o social, sustentabilidade e gera\u00e7\u00e3o de oportunidades.<\/p>\n<figure class=\"wp-block-gallery has-nested-images columns-default is-cropped wp-block-gallery-4 is-layout-flex wp-block-gallery-is-layout-flex\">\n<figure class=\"wp-block-image size-full\"><\/figure>\n<figure class=\"wp-block-image size-full\"><\/figure>\n<\/figure>\n<p>A Capital tamb\u00e9m foi premiada pelo projeto do Residencial Ant\u00f4nio J\u00fanior, no Centro, no Pr\u00eamio \u2018Minha Casa, Minha Vida\u2019, concedido pela Secretaria Nacional de Habita\u00e7\u00e3o do Minist\u00e9rio das Cidades, pelo projeto de reforma e moderniza\u00e7\u00e3o do antigo pr\u00e9dio do Ipase.<\/p>\n<p>\u201cA gente j\u00e1 tem oito pr\u00eamios nesta gest\u00e3o, todos voltados para a inclus\u00e3o social, seja ele em projetos, em trabalho social, no trabalho feito em parceria para tirar as pessoas de \u00e1reas de risco. Tamb\u00e9m ganhamos o \u2018Minha Casa, Minha Vida\u2019 com o Retrofit. Ou seja, somos uma prefeitura e uma secretaria premiadas\u201d, comemorou Socorro Gadelha, secret\u00e1ria de Habita\u00e7\u00e3o Social de Jo\u00e3o Pessoa.<\/p>\n<figure class=\"wp-block-gallery has-nested-images columns-default is-cropped wp-block-gallery-5 is-layout-flex wp-block-gallery-is-layout-flex\">\n<figure class=\"wp-block-image size-large\"><\/figure>\n<figure class=\"wp-block-image size-large\"><\/figure>\n<figure class=\"wp-block-image size-large\"><\/figure>\n<\/figure>\n<p><strong>Desenvolvimento econ\u00f4mico<\/strong> \u2013 Esse \u00e9 outro setor que soma conquistas, com a Secretaria de Desenvolvimento Econ\u00f4mico e Trabalho (Sedest). A conquista do 2\u00ba lugar no 13\u00ba Pr\u00eamio Sebrae Prefeitura Empreendedora, na categoria Sala do Empreendedor, com o projeto Eu Posso Mais, evidencia a for\u00e7a de uma atua\u00e7\u00e3o integrada, que conecta empreendedorismo, cr\u00e9dito, capacita\u00e7\u00e3o, trabalho, agricultura familiar e economia criativa.<\/p>\n<p>Poucas semanas depois, a Sala do Empreendedor de Jo\u00e3o Pessoa alcan\u00e7ou o Selo Diamante do Sebrae, cumprindo 100% dos requisitos avaliados e atingindo o mais alto n\u00edvel de excel\u00eancia no atendimento aos micro e pequenos neg\u00f3cios. Tamb\u00e9m houve o reconhecimento de Jo\u00e3o Pessoa entre os tr\u00eas melhores ecossistemas de inova\u00e7\u00e3o de grande porte do Brasil, no Pr\u00eamio Nacional de Inova\u00e7\u00e3o 2026, com o Farol Digital, em uma disputa que reuniu 107 ecossistemas de todo o Pa\u00eds.<\/p>\n<p>\u201cOs reconhecimentos conquistados pela Sedest ao longo deste ano representam muito mais do que premia\u00e7\u00f5es. Eles refletem a consist\u00eancia de uma pol\u00edtica p\u00fablica constru\u00edda diariamente, em di\u00e1logo permanente com quem empreende, trabalha e gera oportunidades em Jo\u00e3o Pessoa\u201d, apontou o secret\u00e1rio de Desenvolvimento Econ\u00f4mico e Trabalho, Jo\u00e3o Bosco.<\/p>\n<figure class=\"wp-block-gallery has-nested-images columns-default is-cropped wp-block-gallery-6 is-layout-flex wp-block-gallery-is-layout-flex\">\n<figure class=\"wp-block-image size-full\"><\/figure>\n<figure class=\"wp-block-image size-full\"><\/figure>\n<\/figure>\n<p><strong>Cidade Inteligente<\/strong> \u2013 Na tecnologia, mobilidade e cidades inteligentes, a Prefeitura tamb\u00e9m acumulou reconhecimentos. Um projeto de moderniza\u00e7\u00e3o semaf\u00f3rica inteligente, desenvolvido pela UMTI, foi vencedor no Smart City Business Brazil Congress, na modalidade de mobilidade urbana. A iniciativa integra 149 sem\u00e1foros a uma infraestrutura de fibra \u00f3ptica que j\u00e1 soma cerca de 280 quil\u00f4metros na cidade.<\/p>\n<\/p><\/div>\n","protected":false},"excerpt":{"rendered":"<p>Reconhecimento \u00e9 consequ\u00eancia de trabalho, planejamento e dedica\u00e7\u00e3o. Em 2026, a Prefeitura de Jo\u00e3o Pessoa vem transformando iniciativas desenvolvidas em diferentes \u00e1reas da administra\u00e7\u00e3o municipal em resultados que ultrapassam os limites da cidade e ganham destaque em premia\u00e7\u00f5es nacionais e regionais. E j\u00e1 s\u00e3o 10 pr\u00eamios conquistados em apenas oito meses. Ao longo do ano, [&hellip;]<\/p>\n","protected":false},"author":1,"featured_media":0,"comment_status":"","ping_status":"","sticky":false,"template":"","format":"standard","meta":{"footnotes":""},"categories":[1],"tags":[],"class_list":["post-54278","post","type-post","status-publish","format-standard","hentry","category-noticias"],"amp_enabled":true,"_links":{"self":[{"href":"https:\/\/novasdodia.com.br\/index.php\/wp-json\/wp\/v2\/posts\/54278","targetHints":{"allow":["GET"]}}],"collection":[{"href":"https:\/\/novasdodia.com.br\/index.php\/wp-json\/wp\/v2\/posts"}],"about":[{"href":"https:\/\/novasdodia.com.br\/index.php\/wp-json\/wp\/v2\/types\/post"}],"author":[{"embeddable":true,"href":"https:\/\/novasdodia.com.br\/index.php\/wp-json\/wp\/v2\/users\/1"}],"replies":[{"embeddable":true,"href":"https:\/\/novasdodia.com.br\/index.php\/wp-json\/wp\/v2\/comments?post=54278"}],"version-history":[{"count":0,"href":"https:\/\/novasdodia.com.br\/index.php\/wp-json\/wp\/v2\/posts\/54278\/revisions"}],"wp:attachment":[{"href":"https:\/\/novasdodia.com.br\/index.php\/wp-json\/wp\/v2\/media?parent=54278"}],"wp:term":[{"taxonomy":"category","embeddable":true,"href":"https:\/\/novasdodia.com.br\/index.php\/wp-json\/wp\/v2\/categories?post=54278"},{"taxonomy":"post_tag","embeddable":true,"href":"https:\/\/novasdodia.com.br\/index.php\/wp-json\/wp\/v2\/tags?post=54278"}],"curies":[{"name":"wp","href":"https:\/\/api.w.org\/{rel}","templated":true}]}}