{"id":54281,"date":"2026-08-31T10:37:37","date_gmt":"2026-08-31T13:37:37","guid":{"rendered":"https:\/\/novasdodia.com.br\/index.php\/2026\/08\/31\/nova-iguacu-inicia-construcao-de-plano-para-enfrentar-impactos-das-mudancas-climaticas-em-parceria-com-o-onu-habitat\/"},"modified":"2026-08-31T10:37:37","modified_gmt":"2026-08-31T13:37:37","slug":"nova-iguacu-inicia-construcao-de-plano-para-enfrentar-impactos-das-mudancas-climaticas-em-parceria-com-o-onu-habitat","status":"publish","type":"post","link":"https:\/\/novasdodia.com.br\/index.php\/2026\/08\/31\/nova-iguacu-inicia-construcao-de-plano-para-enfrentar-impactos-das-mudancas-climaticas-em-parceria-com-o-onu-habitat\/","title":{"rendered":"Nova Igua\u00e7u inicia constru\u00e7\u00e3o de plano para enfrentar impactos das mudan\u00e7as clim\u00e1ticas em parceria com o Onu-Habitat"},"content":{"rendered":"<p><\/p>\n<div id=\"\">\n<p style=\"text-align: justify;\">Nova Igua\u00e7u come\u00e7ou a construir um plano para definir a\u00e7\u00f5es de preven\u00e7\u00e3o e adapta\u00e7\u00e3o aos impactos das mudan\u00e7as clim\u00e1ticas no munic\u00edpio. A elabora\u00e7\u00e3o do Plano Local de A\u00e7\u00e3o Clim\u00e1tica (PLAC) teve mais uma etapa nesta sexta-feira (28), com uma oficina participativa que reuniu representantes do poder p\u00fablico e da sociedade civil para identificar vulnerabilidades, desafios e os principais fen\u00f4menos clim\u00e1ticos que afetam a cidade.<\/p>\n<p style=\"text-align: justify;\">O encontro aconteceu no audit\u00f3rio do Instituto de Previd\u00eancia dos Servidores Municipais de Nova Igua\u00e7u (Previni) e contou com mais de 70 participantes. Entre os temas discutidos esteve a ocorr\u00eancia de inunda\u00e7\u00f5es, considerada uma das prioridades para o munic\u00edpio. As contribui\u00e7\u00f5es apresentadas v\u00e3o integrar o diagn\u00f3stico clim\u00e1tico e ajudar\u00e3o a definir as medidas que poder\u00e3o fazer parte do PLAC.<\/p>\n<\/p>\n<p style=\"text-align: justify;\">A atividade faz parte do Programa Ambiente Resiliente, da Secretaria de Estado do Ambiente e Sustentabilidade do Governo do Rio de Janeiro, em parceria com o Programa das Na\u00e7\u00f5es Unidas para os Assentamentos Humanos (ONU-Habitat). A iniciativa busca apoiar os munic\u00edpios na constru\u00e7\u00e3o de estrat\u00e9gias para reduzir os impactos das mudan\u00e7as clim\u00e1ticas e aumentar a resili\u00eancia dos territ\u00f3rios.<\/p>\n<p style=\"text-align: justify;\">\u201cConhecemos os impactos dos eventos clim\u00e1ticos e sabemos que precisamos estar cada vez mais preparados. Este plano \u00e9 importante porque nos permite pensar a\u00e7\u00f5es de preven\u00e7\u00e3o, ouvir quem vive os problemas no dia a dia e construir pol\u00edticas p\u00fablicas capazes de tornar a cidade mais resiliente\u201d, afirmou o prefeito Dudu Reina.<\/p>\n<p style=\"text-align: justify;\">Durante a oficina, representantes do poder p\u00fablico e da sociedade civil identificaram vulnerabilidades, desafios e fen\u00f4menos clim\u00e1ticos priorit\u00e1rios para Nova Igua\u00e7u. As contribui\u00e7\u00f5es v\u00e3o subsidiar o diagn\u00f3stico clim\u00e1tico municipal e a pr\u00f3xima etapa do trabalho, prevista inicialmente para novembro, quando ser\u00e3o discutidas e priorizadas as a\u00e7\u00f5es que poder\u00e3o integrar o PLAC. A conclus\u00e3o do plano est\u00e1 prevista para 2027.<\/p>\n<\/p>\n<p>\u00a0<\/p>\n<p style=\"text-align: justify;\">O secret\u00e1rio municipal de Agricultura e Meio Ambiente, Edgar Martins, destacou a import\u00e2ncia da participa\u00e7\u00e3o popular e da transforma\u00e7\u00e3o das discuss\u00f5es em medidas concretas.<\/p>\n<p style=\"text-align: justify;\">\u201cA participa\u00e7\u00e3o da sociedade civil \u00e9 enriquecedora e fundamental para ajudar o poder p\u00fablico a planejar, tomar decis\u00f5es e construir a\u00e7\u00f5es mais qualificadas para a popula\u00e7\u00e3o. Esta oficina \u00e9 uma oportunidade de transformar o debate em resultado. N\u00e3o podemos ficar apenas criando e revisando planos: \u00e9 preciso tirar as a\u00e7\u00f5es do papel. Queremos que, nos pr\u00f3ximos anos, possamos comemorar a resili\u00eancia da nossa popula\u00e7\u00e3o, o reflorestamento e pol\u00edticas p\u00fablicas capazes de reduzir os impactos das enchentes.\u201d<\/p>\n<p style=\"text-align: justify;\">\n<p style=\"text-align: justify;\">Para o secret\u00e1rio municipal de Defesa Civil, Jorge Ribeiro Lopes, ouvir os moradores \u00e9 essencial para aperfei\u00e7oar as estrat\u00e9gias de preven\u00e7\u00e3o e resposta aos eventos clim\u00e1ticos.<\/p>\n<p style=\"text-align: justify;\">\u201cOuvindo o cidad\u00e3o e sua percep\u00e7\u00e3o sobre os fen\u00f4menos, teremos mais assertividade para tra\u00e7ar nossas estrat\u00e9gias.\u201d<\/p>\n<p style=\"text-align: justify;\">Segundo ele, as contribui\u00e7\u00f5es apresentadas durante a oficina poder\u00e3o inclusive influenciar medidas j\u00e1 adotadas pelo munic\u00edpio.<\/p>\n<p style=\"text-align: justify;\">\u201c\u00c9 prov\u00e1vel que essa reuni\u00e3o gere mudan\u00e7as na estrat\u00e9gia j\u00e1 usada no plano de conting\u00eancia, a partir da escuta de quem vive os impactos clim\u00e1ticos.\u201d<\/p>\n<p style=\"text-align: justify;\"><strong>Trabalho conjunto<\/strong><\/p>\n<\/p>\n<p style=\"text-align: justify;\">Nova Igua\u00e7u foi um dos 34 munic\u00edpios selecionados em todo o estado para participar da iniciativa. De acordo com a analista de programas da ONU-Habitat, Tatiane Brasil, o trabalho combina informa\u00e7\u00f5es t\u00e9cnicas com a participa\u00e7\u00e3o da popula\u00e7\u00e3o.<\/p>\n<p style=\"text-align: justify;\">\u201cA gente vem aos munic\u00edpios primeiro para coletar informa\u00e7\u00f5es, mas tamb\u00e9m para ouvir a popula\u00e7\u00e3o.\u201d<\/p>\n<p style=\"text-align: justify;\">A metodologia utilizada, denominada CityRAP, ser\u00e1 aplicada para apoiar o diagn\u00f3stico e a defini\u00e7\u00e3o de estrat\u00e9gias de adapta\u00e7\u00e3o clim\u00e1tica. Entre os fen\u00f4menos discutidos durante a oficina esteve a inunda\u00e7\u00e3o, considerada uma das prioridades para o munic\u00edpio.<\/p>\n<p style=\"text-align: justify;\">\u201cA oficina trabalha os fen\u00f4menos priorit\u00e1rios, como a inunda\u00e7\u00e3o, e come\u00e7a a propor solu\u00e7\u00f5es para incorporar ao PLAC.\u201d<\/p>\n<\/p>\n<p style=\"text-align: justify;\">A segunda oficina, prevista inicialmente para novembro, ser\u00e1 dedicada \u00e0 prioriza\u00e7\u00e3o das a\u00e7\u00f5es. O plano dever\u00e1 envolver diferentes setores da administra\u00e7\u00e3o municipal, como Agricultura e Meio Ambiente, Sa\u00fade, Educa\u00e7\u00e3o e Defesa Civil, al\u00e9m da sociedade civil.<\/p>\n<p style=\"text-align: justify;\">A parceria entre Nova Igua\u00e7u e o ONU-Habitat foi formalizada em mar\u00e7o, por meio do projeto Rio Inclusivo e Sustent\u00e1vel, conduzido pelo Governo do Estado. A iniciativa tem dura\u00e7\u00e3o prevista de um ano nesta primeira fase e busca construir solu\u00e7\u00f5es para os desafios relacionados \u00e0s emerg\u00eancias clim\u00e1ticas.<\/p>\n<\/p><\/div>\n","protected":false},"excerpt":{"rendered":"<p>Nova Igua\u00e7u come\u00e7ou a construir um plano para definir a\u00e7\u00f5es de preven\u00e7\u00e3o e adapta\u00e7\u00e3o aos impactos das mudan\u00e7as clim\u00e1ticas no munic\u00edpio. A elabora\u00e7\u00e3o do Plano Local de A\u00e7\u00e3o Clim\u00e1tica (PLAC) teve mais uma etapa nesta sexta-feira (28), com uma oficina participativa que reuniu representantes do poder p\u00fablico e da sociedade civil para identificar vulnerabilidades, desafios [&hellip;]<\/p>\n","protected":false},"author":1,"featured_media":0,"comment_status":"","ping_status":"","sticky":false,"template":"","format":"standard","meta":{"footnotes":""},"categories":[1],"tags":[],"class_list":["post-54281","post","type-post","status-publish","format-standard","hentry","category-noticias"],"amp_enabled":true,"_links":{"self":[{"href":"https:\/\/novasdodia.com.br\/index.php\/wp-json\/wp\/v2\/posts\/54281","targetHints":{"allow":["GET"]}}],"collection":[{"href":"https:\/\/novasdodia.com.br\/index.php\/wp-json\/wp\/v2\/posts"}],"about":[{"href":"https:\/\/novasdodia.com.br\/index.php\/wp-json\/wp\/v2\/types\/post"}],"author":[{"embeddable":true,"href":"https:\/\/novasdodia.com.br\/index.php\/wp-json\/wp\/v2\/users\/1"}],"replies":[{"embeddable":true,"href":"https:\/\/novasdodia.com.br\/index.php\/wp-json\/wp\/v2\/comments?post=54281"}],"version-history":[{"count":0,"href":"https:\/\/novasdodia.com.br\/index.php\/wp-json\/wp\/v2\/posts\/54281\/revisions"}],"wp:attachment":[{"href":"https:\/\/novasdodia.com.br\/index.php\/wp-json\/wp\/v2\/media?parent=54281"}],"wp:term":[{"taxonomy":"category","embeddable":true,"href":"https:\/\/novasdodia.com.br\/index.php\/wp-json\/wp\/v2\/categories?post=54281"},{"taxonomy":"post_tag","embeddable":true,"href":"https:\/\/novasdodia.com.br\/index.php\/wp-json\/wp\/v2\/tags?post=54281"}],"curies":[{"name":"wp","href":"https:\/\/api.w.org\/{rel}","templated":true}]}}