{"id":54287,"date":"2026-08-31T12:43:32","date_gmt":"2026-08-31T15:43:32","guid":{"rendered":"https:\/\/novasdodia.com.br\/index.php\/2026\/08\/31\/grupo-desperte-sua-forca-tera-quatro-encontros-em-unidades-do-cras-nesta-semana-agencia-de-noticias\/"},"modified":"2026-08-31T12:43:32","modified_gmt":"2026-08-31T15:43:32","slug":"grupo-desperte-sua-forca-tera-quatro-encontros-em-unidades-do-cras-nesta-semana-agencia-de-noticias","status":"publish","type":"post","link":"https:\/\/novasdodia.com.br\/index.php\/2026\/08\/31\/grupo-desperte-sua-forca-tera-quatro-encontros-em-unidades-do-cras-nesta-semana-agencia-de-noticias\/","title":{"rendered":"Grupo \u2018Desperte sua For\u00e7a\u2019 ter\u00e1 quatro encontros em unidades do Cras, nesta semana \u2013 Ag\u00eancia de Not\u00edcias"},"content":{"rendered":"<p><\/p>\n<div>\n<div class=\"col\">\n<p class=\"mt-0\">\n\t\t\t\t\t\t<strong><br \/>\n\t\t\t\t\t\t\t<span class=\"far fa-calendar mr-1 mt-2\"\/><br \/>\n\t\t\t\t\t\t\t31 de agosto de 2026<br \/>\n\t\t\t\t\t\t\t<span class=\"far fa-clock ml-3 mt-2\"\/><br \/>\n\t\t\t\t\t\t\t9:48<br \/>\n\t\t\t\t\t\t<\/strong>\n\t\t\t\t\t<\/p>\n<p class=\"mb-0\">Por: <strong>Maur\u00edcio Marra<\/strong><\/p>\n<\/p><\/div>\n<\/p><\/div>\n<div>\n<p class=\"\" align=\"justify\">A Prefeitura de Sorocaba, por meio da Secretaria de Rela\u00e7\u00f5es do Trabalho e Qualifica\u00e7\u00e3o Profissional (Sert), realizar\u00e1 quatro encontros do grupo \u2018Desperte Sua For\u00e7a\u2019, nesta\u00a0semana. Desta vez, as reuni\u00f5es ser\u00e3o em unidades dos Centros de Refer\u00eancias em Assist\u00eancia Social (Cras) da cidade e n\u00e3o na Casa do Trabalhador.<\/p>\n<p class=\"\" align=\"justify\">Na segunda (31), os encontros ser\u00e3o \u00e0s 10h, no Cras Cajuru, \u00e0 Rua Jorge Elias, 42, e \u00e0s 14h no Cras Vit\u00f3ria R\u00e9gia, na Rua Ors\u00e9lio Pereira, 413. Na quinta (3), a grupo se reunir\u00e1 \u00e0s 9h, no Cras Carand\u00e1, \u00e0 Rua Abdias Ribeiro dos Santos, 25, e sexta-feira (4) no mesmo local, \u00e0s 14h.<\/p>\n<p class=\"\" align=\"justify\">A mudan\u00e7a de locais tem como objetivo aproximar a iniciativa da popula\u00e7\u00e3o, especialmente dos trabalhadores e trabalhadoras que, em raz\u00e3o da dist\u00e2ncia, nem sempre conseguem acessar a Casa do Trabalhador. A descentraliza\u00e7\u00e3o busca facilitar o acesso, ampliar o conhecimento sobre as a\u00e7\u00f5es oferecidas pela Sert e levar o acolhimento para mais perto da popula\u00e7\u00e3o.<\/p>\n<p class=\"\" align=\"justify\">O grupo, que faz parte do programa \u2018Tempo de Cuidar\u2019, oferece espa\u00e7o de reflex\u00e3o e desenvolvimento pessoal, com foco nos impactos emocionais e sociais vivenciados durante o desemprego. Nos encontros, s\u00e3o abordados temas como autoestima, v\u00ednculos sociais, estrat\u00e9gias de enfrentamento emocional e reconstru\u00e7\u00e3o da percep\u00e7\u00e3o de si.<\/p>\n<p class=\"\" align=\"justify\">Quando necess\u00e1rio, tamb\u00e9m s\u00e3o realizados encaminhamentos e articula\u00e7\u00f5es com outros servi\u00e7os da rede p\u00fablica, fortalecendo o cuidado integral e a garantia de direitos.<\/p>\n<\/p><\/div>\n","protected":false},"excerpt":{"rendered":"<p>31 de agosto de 2026 9:48 Por: Maur\u00edcio Marra A Prefeitura de Sorocaba, por meio da Secretaria de Rela\u00e7\u00f5es do Trabalho e Qualifica\u00e7\u00e3o Profissional (Sert), realizar\u00e1 quatro encontros do grupo \u2018Desperte Sua For\u00e7a\u2019, nesta\u00a0semana. Desta vez, as reuni\u00f5es ser\u00e3o em unidades dos Centros de Refer\u00eancias em Assist\u00eancia Social (Cras) da cidade e n\u00e3o na Casa [&hellip;]<\/p>\n","protected":false},"author":1,"featured_media":0,"comment_status":"","ping_status":"","sticky":false,"template":"","format":"standard","meta":{"footnotes":""},"categories":[1],"tags":[],"class_list":["post-54287","post","type-post","status-publish","format-standard","hentry","category-noticias"],"amp_enabled":true,"_links":{"self":[{"href":"https:\/\/novasdodia.com.br\/index.php\/wp-json\/wp\/v2\/posts\/54287","targetHints":{"allow":["GET"]}}],"collection":[{"href":"https:\/\/novasdodia.com.br\/index.php\/wp-json\/wp\/v2\/posts"}],"about":[{"href":"https:\/\/novasdodia.com.br\/index.php\/wp-json\/wp\/v2\/types\/post"}],"author":[{"embeddable":true,"href":"https:\/\/novasdodia.com.br\/index.php\/wp-json\/wp\/v2\/users\/1"}],"replies":[{"embeddable":true,"href":"https:\/\/novasdodia.com.br\/index.php\/wp-json\/wp\/v2\/comments?post=54287"}],"version-history":[{"count":0,"href":"https:\/\/novasdodia.com.br\/index.php\/wp-json\/wp\/v2\/posts\/54287\/revisions"}],"wp:attachment":[{"href":"https:\/\/novasdodia.com.br\/index.php\/wp-json\/wp\/v2\/media?parent=54287"}],"wp:term":[{"taxonomy":"category","embeddable":true,"href":"https:\/\/novasdodia.com.br\/index.php\/wp-json\/wp\/v2\/categories?post=54287"},{"taxonomy":"post_tag","embeddable":true,"href":"https:\/\/novasdodia.com.br\/index.php\/wp-json\/wp\/v2\/tags?post=54287"}],"curies":[{"name":"wp","href":"https:\/\/api.w.org\/{rel}","templated":true}]}}