{"id":54293,"date":"2026-08-31T15:31:41","date_gmt":"2026-08-31T18:31:41","guid":{"rendered":"https:\/\/novasdodia.com.br\/index.php\/2026\/08\/31\/prefeitura-de-joao-pessoa-inscreve-para-90-vagas-em-cursos-profissionalizantes-gratuitos\/"},"modified":"2026-08-31T15:31:41","modified_gmt":"2026-08-31T18:31:41","slug":"prefeitura-de-joao-pessoa-inscreve-para-90-vagas-em-cursos-profissionalizantes-gratuitos","status":"publish","type":"post","link":"https:\/\/novasdodia.com.br\/index.php\/2026\/08\/31\/prefeitura-de-joao-pessoa-inscreve-para-90-vagas-em-cursos-profissionalizantes-gratuitos\/","title":{"rendered":"Prefeitura de Jo\u00e3o Pessoa inscreve para 90 vagas em cursos profissionalizantes gratuitos"},"content":{"rendered":"<p><\/p>\n<div id=\"texto\">\n<p>A Prefeitura de Jo\u00e3o Pessoa, por meio da Secretaria de Desenvolvimento Econ\u00f4mico e Trabalho (Sedest), abre, nesta quarta-feira (2), das 9h \u00e0s 12h, as inscri\u00e7\u00f5es para mais 90 vagas em cursos profissionalizantes gratuitos. As capacita\u00e7\u00f5es s\u00e3o oferecidas mensalmente e fazem parte do programa \u2018Eu Posso Aprender\u2019, voltadas para quem busca qualifica\u00e7\u00e3o profissional e novas oportunidades no mercado de trabalho. As vagas s\u00e3o limitadas.<\/p>\n<p>As capacita\u00e7\u00f5es s\u00e3o de \u2018Cria\u00e7\u00e3o de Conte\u00fados\u2019; \u2018Atendimento ao Cliente para Turismo\u2019 e \u2018Unhas\u2019 com aulas nos dias 15, 16 e 17 de setembro, respectivamente. Os cursos ser\u00e3o ministrados no Atl\u00e2ntico Praia Hotel, no bairro Tamba\u00fa. Cada capacita\u00e7\u00e3o tem carga hor\u00e1ria de 20 horas, sendo que o curso de \u2018Cria\u00e7\u00e3o de Conte\u00fados\u2019 vai ser oferecido das 8h \u00e0s 12h, enquanto que o de \u2018Atendimento ao Cliente para Turismo\u2019 ser\u00e1 das 13h \u00e0s 16h. J\u00e1 o curso de \u2018Unhas\u2019 ser\u00e1 das 18h \u00e0s 21h.<\/p>\n<p>\u201cTodos os meses a Sedest realiza cursos de forma\u00e7\u00e3o profissional. A iniciativa tem como objetivo ampliar as possibilidades de inser\u00e7\u00e3o no mercado de trabalho e incentivar o empreendedorismo por meio da qualifica\u00e7\u00e3o profissional de homens e mulheres\u201d, destaca o secret\u00e1rio Jo\u00e3o Bosco.\u00a0\u00a0\u00a0<\/p>\n<p>Os interessados devem realizar a inscri\u00e7\u00e3o presencialmente na sede da Sedest, localizada na Rua Diogo Velho, 150, no Centro. Caso deseje, o candidato pode fazer inscri\u00e7\u00e3o em mais de um dos cursos. Mais informa\u00e7\u00f5es pelo WhatsApp (83) 98165-5300.<\/p>\n<p><strong>Servi\u00e7o<\/strong><\/p>\n<p><strong>Cursos profissionalizantes \u2013 gratuitos<\/strong><\/p>\n<p>Cria\u00e7\u00e3o de Conte\u00fados \u2013 Dia 15\/09 (8h \u00e0s 12h);<\/p>\n<p>Atendimento ao Cliente para Turismo \u2013 Dia 16\/09 (13h \u00e0s 16h);<\/p>\n<p>Unhas \u2013 Dia 17\/09 (18h \u00e0s 21h).<\/p>\n<p><strong>Inscri\u00e7\u00f5es<\/strong><\/p>\n<p>Dia \u2013 Nesta quarta-feira (2);\u00a0\u00a0\u00a0\u00a0<br \/>Hor\u00e1rio \u2013\u00a0 Das 9h \u00e0s 12h;<\/p>\n<p>Local \u2013\u00a0 Sede da Sedest, localizada na Rua Diogo Velho, 150, no Centro.<\/p>\n<\/p><\/div>\n","protected":false},"excerpt":{"rendered":"<p>A Prefeitura de Jo\u00e3o Pessoa, por meio da Secretaria de Desenvolvimento Econ\u00f4mico e Trabalho (Sedest), abre, nesta quarta-feira (2), das 9h \u00e0s 12h, as inscri\u00e7\u00f5es para mais 90 vagas em cursos profissionalizantes gratuitos. As capacita\u00e7\u00f5es s\u00e3o oferecidas mensalmente e fazem parte do programa \u2018Eu Posso Aprender\u2019, voltadas para quem busca qualifica\u00e7\u00e3o profissional e novas oportunidades [&hellip;]<\/p>\n","protected":false},"author":1,"featured_media":0,"comment_status":"","ping_status":"","sticky":false,"template":"","format":"standard","meta":{"footnotes":""},"categories":[1],"tags":[],"class_list":["post-54293","post","type-post","status-publish","format-standard","hentry","category-noticias"],"amp_enabled":true,"_links":{"self":[{"href":"https:\/\/novasdodia.com.br\/index.php\/wp-json\/wp\/v2\/posts\/54293","targetHints":{"allow":["GET"]}}],"collection":[{"href":"https:\/\/novasdodia.com.br\/index.php\/wp-json\/wp\/v2\/posts"}],"about":[{"href":"https:\/\/novasdodia.com.br\/index.php\/wp-json\/wp\/v2\/types\/post"}],"author":[{"embeddable":true,"href":"https:\/\/novasdodia.com.br\/index.php\/wp-json\/wp\/v2\/users\/1"}],"replies":[{"embeddable":true,"href":"https:\/\/novasdodia.com.br\/index.php\/wp-json\/wp\/v2\/comments?post=54293"}],"version-history":[{"count":0,"href":"https:\/\/novasdodia.com.br\/index.php\/wp-json\/wp\/v2\/posts\/54293\/revisions"}],"wp:attachment":[{"href":"https:\/\/novasdodia.com.br\/index.php\/wp-json\/wp\/v2\/media?parent=54293"}],"wp:term":[{"taxonomy":"category","embeddable":true,"href":"https:\/\/novasdodia.com.br\/index.php\/wp-json\/wp\/v2\/categories?post=54293"},{"taxonomy":"post_tag","embeddable":true,"href":"https:\/\/novasdodia.com.br\/index.php\/wp-json\/wp\/v2\/tags?post=54293"}],"curies":[{"name":"wp","href":"https:\/\/api.w.org\/{rel}","templated":true}]}}