{"id":54294,"date":"2026-08-31T15:35:37","date_gmt":"2026-08-31T18:35:37","guid":{"rendered":"https:\/\/novasdodia.com.br\/index.php\/2026\/08\/31\/campo-grande-se-prepara-para-forum-de-formacao-esportiva-cgnoticias\/"},"modified":"2026-08-31T15:35:37","modified_gmt":"2026-08-31T18:35:37","slug":"campo-grande-se-prepara-para-forum-de-formacao-esportiva-cgnoticias","status":"publish","type":"post","link":"https:\/\/novasdodia.com.br\/index.php\/2026\/08\/31\/campo-grande-se-prepara-para-forum-de-formacao-esportiva-cgnoticias\/","title":{"rendered":"Campo Grande se prepara para F\u00f3rum de Forma\u00e7\u00e3o Esportiva \u2013 CGNot\u00edcias"},"content":{"rendered":"<p><\/p>\n<div>\n<p>A Funda\u00e7\u00e3o Municipal de Esportes (Funesp) recebe, nesta segunda-feira (31), \u00e0s 14h, o gerente de Esporte e Rela\u00e7\u00f5es Institucionais do Comit\u00ea Brasileiro de Clubes (CBC), Emerson Appel, para uma reuni\u00e3o de trabalho sobre a realiza\u00e7\u00e3o do F\u00f3rum de Forma\u00e7\u00e3o Esportiva das Capitais, previsto para acontecer em Campo Grande em outubro.<\/p>\n<p>O encontro ser\u00e1 realizado na sede da Funesp e ter\u00e1 como objetivo alinhar as a\u00e7\u00f5es, definir parcerias e organizar as provid\u00eancias necess\u00e1rias para a realiza\u00e7\u00e3o do evento. Na ter\u00e7a-feira (1\u00ba), a Comiss\u00e3o Organizadora acompanhar\u00e1 o representante do CBC em uma visita t\u00e9cnica aos locais indicados para sediar o F\u00f3rum.<\/p>\n<p>Previsto para o dia 20 de outubro, \u00e0s 13h, o F\u00f3rum contar\u00e1 com a participa\u00e7\u00e3o dos embaixadores do CBC Paula Gon\u00e7alves e Lars Grael, que abordar\u00e3o o tema \u201cHist\u00f3ria, Conquistas e Legado do Esporte\u201d. Emerson Appel tamb\u00e9m participar\u00e1 da programa\u00e7\u00e3o com a palestra \u201cComo Clubes, Associa\u00e7\u00f5es, Institutos e Federa\u00e7\u00f5es Esportivas podem se beneficiar do Programa de Forma\u00e7\u00e3o de Atletas do CBC\u201d.<\/p>\n<p>A iniciativa busca aproximar clubes, federa\u00e7\u00f5es, gestores p\u00fablicos e demais profissionais envolvidos na forma\u00e7\u00e3o esportiva e no desenvolvimento de atletas, al\u00e9m de ampliar o di\u00e1logo sobre pol\u00edticas p\u00fablicas e estrat\u00e9gias para o fortalecimento do esporte.<\/p>\n<p>O F\u00f3rum integra um circuito nacional que pretende promover encontros de forma\u00e7\u00e3o esportiva nas 27 capitais brasileiras at\u00e9 o final de 2028. A proposta \u00e9 aproximar clubes formadores, federa\u00e7\u00f5es e o poder p\u00fablico, fortalecendo a discuss\u00e3o sobre forma\u00e7\u00e3o de atletas e criando novas oportunidades para o desenvolvimento de talentos.<\/p>\n<p>Para o diretor-presidente da Funesp, Maicon Mommad, a realiza\u00e7\u00e3o do evento representa uma oportunidade de ampliar a integra\u00e7\u00e3o de Campo Grande com o cen\u00e1rio esportivo nacional.<\/p>\n<p>\u201cTeremos a honra de receber o Emerson Appel para organizarmos o F\u00f3rum e ter a oportunidade de ampliar a integra\u00e7\u00e3o de Campo Grande com o cen\u00e1rio esportivo nacional, aproximando os clubes, federa\u00e7\u00f5es, gestores e profissionais que atuam diretamente na forma\u00e7\u00e3o de atletas\u201d, afirmou.<\/p>\n<p>Al\u00e9m da programa\u00e7\u00e3o do F\u00f3rum, a agenda permitir\u00e1 o interc\u00e2mbio de experi\u00eancias entre os participantes e a discuss\u00e3o de estrat\u00e9gias que possam contribuir para o fortalecimento das pol\u00edticas p\u00fablicas esportivas e para a constru\u00e7\u00e3o de caminhos mais estruturados para jovens que buscam chegar ao alto rendimento.<\/p>\n<\/div>\n<p><script async defer async defer src=\"https:\/\/connect.facebook.net\/en_US\/sdk.js?ver=1#xfbml=1&amp;version=v3.2\" id=\"prefeitura-campogrande-script-facebook-sdk-js\"><\/script><\/p>\n","protected":false},"excerpt":{"rendered":"<p>A Funda\u00e7\u00e3o Municipal de Esportes (Funesp) recebe, nesta segunda-feira (31), \u00e0s 14h, o gerente de Esporte e Rela\u00e7\u00f5es Institucionais do Comit\u00ea Brasileiro de Clubes (CBC), Emerson Appel, para uma reuni\u00e3o de trabalho sobre a realiza\u00e7\u00e3o do F\u00f3rum de Forma\u00e7\u00e3o Esportiva das Capitais, previsto para acontecer em Campo Grande em outubro. O encontro ser\u00e1 realizado na [&hellip;]<\/p>\n","protected":false},"author":1,"featured_media":0,"comment_status":"","ping_status":"","sticky":false,"template":"","format":"standard","meta":{"footnotes":""},"categories":[],"tags":[],"class_list":["post-54294","post","type-post","status-publish","format-standard","hentry"],"amp_enabled":true,"_links":{"self":[{"href":"https:\/\/novasdodia.com.br\/index.php\/wp-json\/wp\/v2\/posts\/54294","targetHints":{"allow":["GET"]}}],"collection":[{"href":"https:\/\/novasdodia.com.br\/index.php\/wp-json\/wp\/v2\/posts"}],"about":[{"href":"https:\/\/novasdodia.com.br\/index.php\/wp-json\/wp\/v2\/types\/post"}],"author":[{"embeddable":true,"href":"https:\/\/novasdodia.com.br\/index.php\/wp-json\/wp\/v2\/users\/1"}],"replies":[{"embeddable":true,"href":"https:\/\/novasdodia.com.br\/index.php\/wp-json\/wp\/v2\/comments?post=54294"}],"version-history":[{"count":0,"href":"https:\/\/novasdodia.com.br\/index.php\/wp-json\/wp\/v2\/posts\/54294\/revisions"}],"wp:attachment":[{"href":"https:\/\/novasdodia.com.br\/index.php\/wp-json\/wp\/v2\/media?parent=54294"}],"wp:term":[{"taxonomy":"category","embeddable":true,"href":"https:\/\/novasdodia.com.br\/index.php\/wp-json\/wp\/v2\/categories?post=54294"},{"taxonomy":"post_tag","embeddable":true,"href":"https:\/\/novasdodia.com.br\/index.php\/wp-json\/wp\/v2\/tags?post=54294"}],"curies":[{"name":"wp","href":"https:\/\/api.w.org\/{rel}","templated":true}]}}