{"id":54295,"date":"2026-08-31T16:13:33","date_gmt":"2026-08-31T19:13:33","guid":{"rendered":"https:\/\/novasdodia.com.br\/index.php\/2026\/08\/31\/seu-apoio-pode-ajudar-a-transformar-o-futuro-de-estudantes-do-ifsp-e-sua-marca-pode-estar-presente-nessa-transformacao-ifsp\/"},"modified":"2026-08-31T16:13:33","modified_gmt":"2026-08-31T19:13:33","slug":"seu-apoio-pode-ajudar-a-transformar-o-futuro-de-estudantes-do-ifsp-e-sua-marca-pode-estar-presente-nessa-transformacao-ifsp","status":"publish","type":"post","link":"https:\/\/novasdodia.com.br\/index.php\/2026\/08\/31\/seu-apoio-pode-ajudar-a-transformar-o-futuro-de-estudantes-do-ifsp-e-sua-marca-pode-estar-presente-nessa-transformacao-ifsp\/","title":{"rendered":"Seu apoio pode ajudar a transformar o futuro de estudantes do IFSP e sua marca pode estar presente nessa transforma\u00e7\u00e3o &#8211; IFSP"},"content":{"rendered":"<p><\/p>\n<div>\n<div class=\"subtitle\">\n<p>GENE abre chamada para doa\u00e7\u00f5es com oportunidades de visibilidade nos principais eventos do IFSP<\/p>\n<\/div>\n<p><!-- fim .content-header-options-1 --><\/p>\n<p>O Instituto Federal de S\u00e3o Paulo (IFSP), por meio da Comiss\u00e3o de Implanta\u00e7\u00e3o do Fundo Patrimonial GENE, publicou a Chamada P\u00fablica n\u00ba 169\/2026. O edital\u00a0oferece a empresas, ex-alunos, institui\u00e7\u00f5es e demais apoiadores a oportunidade de contribuir para o futuro da educa\u00e7\u00e3o, da pesquisa, da extens\u00e3o e da inova\u00e7\u00e3o no Instituto.<\/p>\n<p>Al\u00e9m de contribuir para a forma\u00e7\u00e3o de novas gera\u00e7\u00f5es de estudantes, os doadores poder\u00e3o ter nome, marca ou logotipo associados a eventos do IFSP, de acordo com a faixa de doa\u00e7\u00e3o escolhida e as contrapartidas previstas na chamada p\u00fablica.<\/p>\n<p><strong>As contribui\u00e7\u00f5es podem ser feitas em quatro categorias:<\/strong><\/p>\n<p data-section-id=\"1gng6af\" data-start=\"1695\" data-end=\"1716\"><strong>Bronze \u2014 R$ 5 mil\u00a0<br \/><\/strong>O apoiador ter\u00e1 direito \u00e0:<\/p>\n<ul data-start=\"1746\" data-end=\"1889\">\n<li data-section-id=\"1ehjhh1\" data-start=\"1746\" data-end=\"1790\">exposi\u00e7\u00e3o do logotipo na p\u00e1gina do evento;<\/li>\n<li data-section-id=\"1d8ihor\" data-start=\"1791\" data-end=\"1857\">autoriza\u00e7\u00e3o para entrega de folhetos e brindes durante o evento;<\/li>\n<li data-section-id=\"up3iiy\" data-start=\"1858\" data-end=\"1889\">men\u00e7\u00e3o na abertura do evento.<\/li>\n<\/ul>\n<p data-section-id=\"1pyqid4\" data-start=\"1891\" data-end=\"1912\"><strong>Prata \u2014 R$ 20 mil\u00a0<br \/><\/strong>Al\u00e9m dos benef\u00edcios da categoria Bronze:<\/p>\n<ul data-start=\"1956\" data-end=\"2158\">\n<li data-section-id=\"1pg8lvv\" data-start=\"1956\" data-end=\"2012\">autoriza\u00e7\u00e3o para montagem de estande de at\u00e9 2 m x 2 m;<\/li>\n<li data-section-id=\"sgk3g\" data-start=\"2013\" data-end=\"2081\">exibi\u00e7\u00e3o de banner de at\u00e9 1,2 m x 0,9 m pr\u00f3ximo ao credenciamento;<\/li>\n<li data-section-id=\"766elu\" data-start=\"2082\" data-end=\"2158\">exibi\u00e7\u00e3o de v\u00eddeo institucional de at\u00e9 dois minutos na abertura do evento.<\/li>\n<\/ul>\n<p data-section-id=\"13z2kof\" data-start=\"2160\" data-end=\"2180\"><strong>Ouro \u2014 R$ 40 mil\u00a0<br \/><\/strong>Al\u00e9m dos benef\u00edcios anteriores:<\/p>\n<ul data-start=\"2215\" data-end=\"2513\">\n<li data-section-id=\"1bv099u\" data-start=\"2215\" data-end=\"2300\">possibilidade de divulga\u00e7\u00e3o de vagas e recrutamento de estudantes durante o evento;<\/li>\n<li data-section-id=\"ot342w\" data-start=\"2301\" data-end=\"2378\">exposi\u00e7\u00e3o de banner no palco principal, conforme disponibilidade de espa\u00e7o;<\/li>\n<li data-section-id=\"vr3zgc\" data-start=\"2379\" data-end=\"2427\">participa\u00e7\u00e3o em entrevista no podcast do IFSP;<\/li>\n<li data-section-id=\"t8603b\" data-start=\"2428\" data-end=\"2513\">convite para palestrar em um evento do IFSP, mediante combina\u00e7\u00e3o com a organiza\u00e7\u00e3o.<\/li>\n<\/ul>\n<p data-section-id=\"1jk9682\" data-start=\"2515\" data-end=\"2540\"><strong>Diamante \u2014 R$ 100 mil\u00a0<br \/><\/strong>Al\u00e9m dos benef\u00edcios das categorias anteriores:<\/p>\n<ul data-start=\"2590\" data-end=\"2959\">\n<li data-section-id=\"1peq58a\" data-start=\"2590\" data-end=\"2617\">estande de at\u00e9 3 m x 3 m;<\/li>\n<li data-section-id=\"1e5y3ld\" data-start=\"2618\" data-end=\"2674\">extens\u00e3o dos benef\u00edcios para at\u00e9 tr\u00eas eventos do IFSP;<\/li>\n<li data-section-id=\"1e9nkm0\" data-start=\"2675\" data-end=\"2732\">mat\u00e9ria no site institucional sobre a doa\u00e7\u00e3o realizada;<\/li>\n<li data-section-id=\"1ea9ele\" data-start=\"2733\" data-end=\"2905\">possibilidade de promover uma intera\u00e7\u00e3o exclusiva com pesquisadores e com a Ag\u00eancia de Inova\u00e7\u00e3o do IFSP para identificar ideias voltadas \u00e0 solu\u00e7\u00e3o de desafios existentes;<\/li>\n<li data-section-id=\"14aj7ch\" data-start=\"2906\" data-end=\"2959\">C\u00e1tedra de Pesquisa com a marca da empresa em 2027.<\/li>\n<\/ul>\n<p>\u00a0<\/p>\n<p data-section-id=\"17no1hy\" data-start=\"2961\" data-end=\"2980\"><strong>Escolha o evento<\/strong><\/p>\n<p>O apoiador poder\u00e1 escolher entre cinco grandes eventos do IFSP realizados com apoio da Reitoria em 2026:<\/p>\n<p><strong>Congresso de Inova\u00e7\u00e3o, Ci\u00eancia e Tecnologia do IFSP (Conict)<\/strong> \u2014 de 24 a 26 de novembro, no Campus Guarulhos. Principal evento cient\u00edfico do IFSP, re\u00fane cerca de mil pessoas entre estudantes e servidores do Instituto e de outras institui\u00e7\u00f5es.<\/p>\n<p><strong>Maratona de Programa\u00e7\u00e3o INTERIF<\/strong> \u2014 25 e 26 de novembro, no Campus S\u00e3o Jos\u00e9 do Rio Preto. A etapa final re\u00fane cerca de 250 estudantes e servidores para desafios de programa\u00e7\u00e3o.<\/p>\n<p><strong>Torneio de Rob\u00f3tica do IFSP (TRIF)<\/strong> \u2014 28 de novembro, no Campus Salto. Cerca de 200\u00a0discentes\u00a0e servidores participam das competi\u00e7\u00f5es com rob\u00f4s desenvolvidos pelos pr\u00f3prios estudantes.<\/p>\n<p><strong>Congresso de Extens\u00e3o e Mostra de Arte e Cultura (Conemac)<\/strong> \u2014 de 16 a 18 de novembro, no Campus Jacare\u00ed. O evento re\u00fane projetos de extens\u00e3o, apresenta\u00e7\u00f5es culturais \u00e0 comunidade, com circula\u00e7\u00e3o estimada de mil pessoas.<\/p>\n<p><strong>Jogos de Integra\u00e7\u00e3o dos Servidores do IFSP (JIS)<\/strong> \u2014 de 4 a 6 de dezembro, em Campinas. O evento re\u00fane cerca de 300 servidores em diferentes modalidades esportivas.<\/p>\n<p>\u00a0<\/p>\n<p data-section-id=\"158aadn\" data-start=\"4102\" data-end=\"4143\"><strong>Uma doa\u00e7\u00e3o que se transforma em legado<\/strong><\/p>\n<p>O GENE \u00e9 o Fundo Patrimonial do IFSP, constitu\u00eddo de acordo com a Lei n\u00ba 13.800\/2019 e regulamentado pela Resolu\u00e7\u00e3o Normativa n\u00ba 23\/2023. Sua organiza\u00e7\u00e3o gestora \u00e9 a Funda\u00e7\u00e3o Arthur Bernardes.<\/p>\n<p>Os recursos doados constituem o chamado principal, que n\u00e3o pode ser utilizado. Apenas os rendimentos podem ser destinados ao apoio a estudantes do IFSP em projetos de ensino, extens\u00e3o, pesquisa e inova\u00e7\u00e3o.<\/p>\n<p>Dessa forma, a contribui\u00e7\u00e3o ao GENE busca preservar o patrim\u00f4nio do fundo e permitir que seus rendimentos apoiem projetos do IFSP ao longo do tempo.<\/p>\n<p>Para empresas, ex-alunos e demais apoiadores, \u00e9 uma oportunidade de contribuir para a educa\u00e7\u00e3o p\u00fablica e, ao mesmo tempo, associar sua marca a iniciativas que aproximam o Instituto da sociedade, do setor produtivo e de sua pr\u00f3pria comunidade.<\/p>\n<p data-section-id=\"167fygv\" data-start=\"4956\" data-end=\"4975\"><strong>Como participar<\/strong><\/p>\n<p>As empresas, institui\u00e7\u00f5es e pessoas interessadas em contribuir devem consultar a Chamada P\u00fablica n\u00ba 169\/2026, que apresenta as condi\u00e7\u00f5es, categorias e contrapartidas da doa\u00e7\u00e3o.<\/p>\n<\/div>\n","protected":false},"excerpt":{"rendered":"<p>GENE abre chamada para doa\u00e7\u00f5es com oportunidades de visibilidade nos principais eventos do IFSP O Instituto Federal de S\u00e3o Paulo (IFSP), por meio da Comiss\u00e3o de Implanta\u00e7\u00e3o do Fundo Patrimonial GENE, publicou a Chamada P\u00fablica n\u00ba 169\/2026. O edital\u00a0oferece a empresas, ex-alunos, institui\u00e7\u00f5es e demais apoiadores a oportunidade de contribuir para o futuro da educa\u00e7\u00e3o, [&hellip;]<\/p>\n","protected":false},"author":1,"featured_media":0,"comment_status":"","ping_status":"","sticky":false,"template":"","format":"standard","meta":{"footnotes":""},"categories":[1],"tags":[],"class_list":["post-54295","post","type-post","status-publish","format-standard","hentry","category-noticias"],"amp_enabled":true,"_links":{"self":[{"href":"https:\/\/novasdodia.com.br\/index.php\/wp-json\/wp\/v2\/posts\/54295","targetHints":{"allow":["GET"]}}],"collection":[{"href":"https:\/\/novasdodia.com.br\/index.php\/wp-json\/wp\/v2\/posts"}],"about":[{"href":"https:\/\/novasdodia.com.br\/index.php\/wp-json\/wp\/v2\/types\/post"}],"author":[{"embeddable":true,"href":"https:\/\/novasdodia.com.br\/index.php\/wp-json\/wp\/v2\/users\/1"}],"replies":[{"embeddable":true,"href":"https:\/\/novasdodia.com.br\/index.php\/wp-json\/wp\/v2\/comments?post=54295"}],"version-history":[{"count":0,"href":"https:\/\/novasdodia.com.br\/index.php\/wp-json\/wp\/v2\/posts\/54295\/revisions"}],"wp:attachment":[{"href":"https:\/\/novasdodia.com.br\/index.php\/wp-json\/wp\/v2\/media?parent=54295"}],"wp:term":[{"taxonomy":"category","embeddable":true,"href":"https:\/\/novasdodia.com.br\/index.php\/wp-json\/wp\/v2\/categories?post=54295"},{"taxonomy":"post_tag","embeddable":true,"href":"https:\/\/novasdodia.com.br\/index.php\/wp-json\/wp\/v2\/tags?post=54295"}],"curies":[{"name":"wp","href":"https:\/\/api.w.org\/{rel}","templated":true}]}}