{"id":54297,"date":"2026-08-31T17:37:34","date_gmt":"2026-08-31T20:37:34","guid":{"rendered":"https:\/\/novasdodia.com.br\/index.php\/2026\/08\/31\/prefeitura-estancia-turistica-guaratingueta-5\/"},"modified":"2026-08-31T17:37:34","modified_gmt":"2026-08-31T20:37:34","slug":"prefeitura-estancia-turistica-guaratingueta-5","status":"publish","type":"post","link":"https:\/\/novasdodia.com.br\/index.php\/2026\/08\/31\/prefeitura-estancia-turistica-guaratingueta-5\/","title":{"rendered":"\u2013 Prefeitura Est\u00e2ncia Tur\u00edstica Guaratinguet\u00e1"},"content":{"rendered":"<p><\/p>\n<div>\n<p>\u00a0Gin\u00e1stica R\u00edtmica | Torneio Regional Sudeste<\/p>\n<p>Entre os dias 25 e 30 de agosto, a equipe de treinamento da FADENP Guaratinguet\u00e1 participou do Torneio Regional de Gin\u00e1stica R\u00edtmica, realizado em Pindamonhangaba, reunindo ginastas de toda a Regi\u00e3o Sudeste.<\/p>\n<p>No Conjunto Infantil, a equipe conquistou o 6\u00ba lugar entre as melhores equipes da Regi\u00e3o Sudeste, alcan\u00e7ando ainda a melhor nota da temporada.<\/p>\n<p>Na prova de M\u00e3os Livres, Yasmim conquistou a medalha de ouro e o t\u00edtulo de campe\u00e3, garantindo tamb\u00e9m sua classifica\u00e7\u00e3o para o Torneio Nacional.<\/p>\n<p>\u00a0<\/p>\n<p>\u00a0Gin\u00e1stica R\u00edtmica | 25\u00aa Copa Integra\u00e7\u00e3o<\/p>\n<p>No s\u00e1bado (29), a equipe de Gin\u00e1stica R\u00edtmica participou da 25\u00aa Copa Integra\u00e7\u00e3o de Gin\u00e1stica R\u00edtmica, reunindo aproximadamente 400 atletas de 12 entidades. Guaratinguet\u00e1 foi representada por 47 alunas dos n\u00facleos de inicia\u00e7\u00e3o esportiva da FADENP, com atletas de v\u00e1rios n\u00facleos. Ao todo, 10 atletas foram destaque na competi\u00e7\u00e3o, que proporcionou \u00e0s ginastas uma importante experi\u00eancia de aprendizado, supera\u00e7\u00e3o e conviv\u00eancia.<\/p>\n<p>\u00a0<\/p>\n<p>\u00a0Futsal | Liga Paulista<\/p>\n<p>No s\u00e1bado (29), as equipes de base de Guaratinguet\u00e1 participaram de mais uma rodada da Liga Paulista de Futsal, realizada em Santana de Parna\u00edba. Pela rodada, o Sub-11 foi superado por 5\u00d74, o Sub-13 perdeu por 3\u00d72, enquanto o Sub-15 venceu por 7\u00d72 e o Sub-17 garantiu a vit\u00f3ria por 4\u00d73.<\/p>\n<p>\u00a0<\/p>\n<p>\u00a0Jud\u00f4 | Ta\u00e7a Aparecida de Jud\u00f4<\/p>\n<p>No \u00faltimo domingo (30), os alunos de Jud\u00f4 da FADENP, participaram da Ta\u00e7a Aparecida de Jud\u00f4, realizada em Aparecida. Na competi\u00e7\u00e3o, Diego, Bruno, Victor, Levi, Ana L\u00edvia, Heitor, Ana Julia e L\u00edvia conquistaram medalhas de ouro. Erik, Jo\u00e3o Miguel, Thomas, Bernardo e Aurora ficaram com a prata, enquanto Felipe, Manuela, Helena, Hugo, Diogo e Maria Helena conquistaram medalhas de bronze.<\/p>\n<p>\u00a0<\/p>\n<p>\u00a0Bocha | Torneio Copa Guar\u00e1<\/p>\n<p>No \u00faltimo domingo (30), a equipe de Bocha de Guaratinguet\u00e1 participou do Torneio Copa Guar\u00e1, realizado no Itaguar\u00e1 Country Clube. Na partida, Aparecida venceu a equipe da AABG (Associa\u00e7\u00e3o Amigos do Bocha de Guaratinguet\u00e1) por 2 a 1.<\/p>\n<\/p><\/div>\n","protected":false},"excerpt":{"rendered":"<p>\u00a0Gin\u00e1stica R\u00edtmica | Torneio Regional Sudeste Entre os dias 25 e 30 de agosto, a equipe de treinamento da FADENP Guaratinguet\u00e1 participou do Torneio Regional de Gin\u00e1stica R\u00edtmica, realizado em Pindamonhangaba, reunindo ginastas de toda a Regi\u00e3o Sudeste. No Conjunto Infantil, a equipe conquistou o 6\u00ba lugar entre as melhores equipes da Regi\u00e3o Sudeste, alcan\u00e7ando [&hellip;]<\/p>\n","protected":false},"author":1,"featured_media":0,"comment_status":"","ping_status":"","sticky":false,"template":"","format":"standard","meta":{"footnotes":""},"categories":[1],"tags":[],"class_list":["post-54297","post","type-post","status-publish","format-standard","hentry","category-noticias"],"amp_enabled":true,"_links":{"self":[{"href":"https:\/\/novasdodia.com.br\/index.php\/wp-json\/wp\/v2\/posts\/54297","targetHints":{"allow":["GET"]}}],"collection":[{"href":"https:\/\/novasdodia.com.br\/index.php\/wp-json\/wp\/v2\/posts"}],"about":[{"href":"https:\/\/novasdodia.com.br\/index.php\/wp-json\/wp\/v2\/types\/post"}],"author":[{"embeddable":true,"href":"https:\/\/novasdodia.com.br\/index.php\/wp-json\/wp\/v2\/users\/1"}],"replies":[{"embeddable":true,"href":"https:\/\/novasdodia.com.br\/index.php\/wp-json\/wp\/v2\/comments?post=54297"}],"version-history":[{"count":0,"href":"https:\/\/novasdodia.com.br\/index.php\/wp-json\/wp\/v2\/posts\/54297\/revisions"}],"wp:attachment":[{"href":"https:\/\/novasdodia.com.br\/index.php\/wp-json\/wp\/v2\/media?parent=54297"}],"wp:term":[{"taxonomy":"category","embeddable":true,"href":"https:\/\/novasdodia.com.br\/index.php\/wp-json\/wp\/v2\/categories?post=54297"},{"taxonomy":"post_tag","embeddable":true,"href":"https:\/\/novasdodia.com.br\/index.php\/wp-json\/wp\/v2\/tags?post=54297"}],"curies":[{"name":"wp","href":"https:\/\/api.w.org\/{rel}","templated":true}]}}