{"id":54299,"date":"2026-08-31T17:50:36","date_gmt":"2026-08-31T20:50:36","guid":{"rendered":"https:\/\/novasdodia.com.br\/index.php\/2026\/08\/31\/caua-reymond-se-emociona-e-vai-as-lagrimas-ao-lembrar-de-pessoa-especial\/"},"modified":"2026-08-31T17:50:36","modified_gmt":"2026-08-31T20:50:36","slug":"caua-reymond-se-emociona-e-vai-as-lagrimas-ao-lembrar-de-pessoa-especial","status":"publish","type":"post","link":"https:\/\/novasdodia.com.br\/index.php\/2026\/08\/31\/caua-reymond-se-emociona-e-vai-as-lagrimas-ao-lembrar-de-pessoa-especial\/","title":{"rendered":"Cau\u00e3 Reymond se emociona e vai \u00e0s l\u00e1grimas ao lembrar de pessoa especial"},"content":{"rendered":"<p> Por MRNews<br \/>\n<\/p>\n<div>\n<h2>Ator da Globo foi surpreendido durante participa\u00e7\u00e3o no Caldeir\u00e3o com Mion e reviveu uma dolorosa lembran\u00e7a familiar<\/h2>\n<p>Cau\u00e3 Reymond protagonizou um momento de forte emo\u00e7\u00e3o durante sua participa\u00e7\u00e3o no <strong>Caldeir\u00e3o com Mion<\/strong>, exibido neste s\u00e1bado (29). Conhecido por seus trabalhos de destaque na televis\u00e3o brasileira, o ator acabou deixando de lado a descontra\u00e7\u00e3o habitual dos programas de entretenimento ao ser surpreendido com uma homenagem que o fez recordar uma pessoa muito importante de sua inf\u00e2ncia.<\/p>\n<p>A situa\u00e7\u00e3o aconteceu durante o quadro <strong>Question\u00e1rio Mionzera<\/strong>, apresentado por Marcos Mion. A din\u00e2mica acabou levando Cau\u00e3 a relembrar seu av\u00f4, <strong>Carlos Marques de Souza<\/strong>, que morreu aos 89 anos, em 2012.<\/p>\n<h3>Cau\u00e3 Reymond n\u00e3o segura a emo\u00e7\u00e3o<\/h3>\n<p>Durante a homenagem, Cau\u00e3 Reymond ficou visivelmente abalado. A lembran\u00e7a de seu av\u00f4 despertou sentimentos que permanecem presentes mesmo depois de tantos anos da perda.<\/p>\n<p>O ator n\u00e3o conseguiu esconder as l\u00e1grimas diante da situa\u00e7\u00e3o. A rea\u00e7\u00e3o chamou aten\u00e7\u00e3o justamente pela espontaneidade, j\u00e1 que Cau\u00e3 costuma aparecer publicamente em situa\u00e7\u00f5es relacionadas principalmente ao seu trabalho como ator.<\/p>\n<p><strong><a href=\"https:\/\/mrnews.com.br\/index.php\/2026\/08\/30\/abalado-caua-reymond-vai-as-lagrimas-ao-lamentar-triste-perda-descanse-em-paz\/\">Abalado, Cau\u00e3 Reymond vai \u00e0s l\u00e1grimas ao lamentar triste perda, \u2018Descanse em paz\u2019<\/a><\/strong><\/p>\n<p><strong><a href=\"https:\/\/mrnews.com.br\/index.php\/2026\/08\/30\/fatima-bernardes-surpreende-ao-aparecer-ao-lado-de-bonner-e-da-filha-comentario-de-tulio-chama-atencao\/\">F\u00e1tima Bernardes surpreende ao aparecer ao lado de Bonner e da filha; coment\u00e1rio de T\u00falio chama aten\u00e7\u00e3o<\/a><\/strong><\/p>\n<p>A homenagem acabou criando um dos momentos mais delicados da participa\u00e7\u00e3o do artista no programa.<\/p>\n<h3>Av\u00f4 morreu em 2012<\/h3>\n<p>Carlos Marques de Souza, av\u00f4 de Cau\u00e3 Reymond, morreu aos 89 anos, em 2012. Apesar de a perda ter acontecido h\u00e1 mais de uma d\u00e9cada, a lembran\u00e7a continua tendo um significado especial para o ator.<\/p>\n<p>Ao ser surpreendido no programa, Cau\u00e3 demonstrou que a passagem do tempo n\u00e3o apaga necessariamente as mem\u00f3rias relacionadas \u00e0s pessoas que fizeram parte de momentos importantes da vida.<\/p>\n<p>A inf\u00e2ncia, especialmente, costuma ser marcada por v\u00ednculos familiares que permanecem na mem\u00f3ria por muitos anos. Foi justamente esse tipo de recorda\u00e7\u00e3o que veio \u00e0 tona durante o quadro.<\/p>\n<p><strong><a href=\"https:\/\/mrnews.com.br\/index.php\/2026\/08\/30\/padre-de-59-anos-morre-durante-missa-de-domingo-e-deixa-fieis-em-choque\/\">Padre de 59 anos morre durante missa de domingo e deixa fi\u00e9is em choque<\/a><\/strong><\/p>\n<p><strong><a href=\"https:\/\/mrnews.com.br\/index.php\/2026\/08\/29\/a-historia-por-tras-de-agostinho-paulo-moura-ganha-novos-capitulos-apos-anuncio-de-maju-coutinho\/\">A hist\u00f3ria por tr\u00e1s de Agostinho Paulo Moura ganha novos cap\u00edtulos ap\u00f3s an\u00fancio de Maju Coutinho<\/a><\/strong><\/p>\n<h3>Homenagem aconteceu no Question\u00e1rio Mionzera<\/h3>\n<p>A participa\u00e7\u00e3o de Cau\u00e3 no <strong>Question\u00e1rio Mionzera<\/strong> tinha inicialmente um clima mais descontra\u00eddo, mas acabou ganhando um tom bastante emotivo.<\/p>\n<p>A surpresa envolvendo seu av\u00f4 fez com que o ator revisitasse uma lembran\u00e7a pessoal diante das c\u00e2meras. O momento mostrou um lado mais \u00edntimo de Cau\u00e3 e permitiu que o p\u00fablico acompanhasse uma rea\u00e7\u00e3o genu\u00edna diante de uma mem\u00f3ria familiar.<\/p>\n<p>A cena tamb\u00e9m refor\u00e7ou como homenagens envolvendo familiares podem provocar emo\u00e7\u00f5es profundas, principalmente quando est\u00e3o ligadas a pessoas que tiveram import\u00e2ncia na forma\u00e7\u00e3o de algu\u00e9m.<\/p>\n<h3>Momento comoveu o p\u00fablico<\/h3>\n<p>A emo\u00e7\u00e3o demonstrada por Cau\u00e3 acabou se tornando um dos destaques de sua participa\u00e7\u00e3o no programa. Ao inv\u00e9s de esconder o que estava sentindo, o ator permitiu que as l\u00e1grimas viessem naturalmente.<\/p>\n<p>O epis\u00f3dio ganhou repercuss\u00e3o justamente por apresentar uma situa\u00e7\u00e3o diferente daquelas normalmente associadas \u00e0s apari\u00e7\u00f5es de celebridades na televis\u00e3o.<\/p>\n<p>Mais do que falar sobre a carreira, o momento colocou em evid\u00eancia a hist\u00f3ria pessoal do ator e a import\u00e2ncia que seu av\u00f4 teve em sua trajet\u00f3ria.<\/p>\n<h3>Uma lembran\u00e7a que permanece<\/h3>\n<p>A homenagem tamb\u00e9m serviu para mostrar que determinadas perdas continuam sendo sentidas de maneiras diferentes ao longo da vida.<\/p>\n<p>No caso de Cau\u00e3 Reymond, a recorda\u00e7\u00e3o de Carlos Marques de Souza apareceu muitos anos depois da morte do av\u00f4, mas ainda foi capaz de provocar uma rea\u00e7\u00e3o intensa.<\/p>\n<p>O epis\u00f3dio exibido no <strong>Caldeir\u00e3o com Mion<\/strong> acabou, assim, marcado por um momento de vulnerabilidade e emo\u00e7\u00e3o. Para quem acompanhava o programa, a cena mostrou um Cau\u00e3 diferente daquele visto habitualmente em novelas, filmes e eventos p\u00fablicos.<\/p>\n<p>A participa\u00e7\u00e3o terminou deixando uma lembran\u00e7a forte: mesmo depois de muitos anos, pessoas importantes da inf\u00e2ncia podem continuar presentes na mem\u00f3ria e despertar sentimentos profundos quando s\u00e3o lembradas.<\/p>\n<h3>Tags SEO<\/h3>\n<p>Cau\u00e3 Reymond, Cau\u00e3 Reymond emocionado, Cau\u00e3 Reymond l\u00e1grimas, Cau\u00e3 Reymond av\u00f4, av\u00f4 de Cau\u00e3 Reymond, Carlos Marques de Souza, Caldeir\u00e3o com Mion, Question\u00e1rio Mionzera, Marcos Mion, Globo, ator da Globo, famosos, celebridades, televis\u00e3o brasileira, not\u00edcias dos famosos<\/p>\n<\/div>\n","protected":false},"excerpt":{"rendered":"<p>Por MRNews Ator da Globo foi surpreendido durante participa\u00e7\u00e3o no Caldeir\u00e3o com Mion e reviveu uma dolorosa lembran\u00e7a familiar Cau\u00e3 Reymond protagonizou um momento de forte emo\u00e7\u00e3o durante sua participa\u00e7\u00e3o no Caldeir\u00e3o com Mion, exibido neste s\u00e1bado (29). Conhecido por seus trabalhos de destaque na televis\u00e3o brasileira, o ator acabou deixando de lado a descontra\u00e7\u00e3o [&hellip;]<\/p>\n","protected":false},"author":3,"featured_media":0,"comment_status":"","ping_status":"","sticky":false,"template":"","format":"standard","meta":{"footnotes":""},"categories":[1],"tags":[],"class_list":["post-54299","post","type-post","status-publish","format-standard","hentry","category-noticias"],"amp_enabled":true,"_links":{"self":[{"href":"https:\/\/novasdodia.com.br\/index.php\/wp-json\/wp\/v2\/posts\/54299","targetHints":{"allow":["GET"]}}],"collection":[{"href":"https:\/\/novasdodia.com.br\/index.php\/wp-json\/wp\/v2\/posts"}],"about":[{"href":"https:\/\/novasdodia.com.br\/index.php\/wp-json\/wp\/v2\/types\/post"}],"author":[{"embeddable":true,"href":"https:\/\/novasdodia.com.br\/index.php\/wp-json\/wp\/v2\/users\/3"}],"replies":[{"embeddable":true,"href":"https:\/\/novasdodia.com.br\/index.php\/wp-json\/wp\/v2\/comments?post=54299"}],"version-history":[{"count":0,"href":"https:\/\/novasdodia.com.br\/index.php\/wp-json\/wp\/v2\/posts\/54299\/revisions"}],"wp:attachment":[{"href":"https:\/\/novasdodia.com.br\/index.php\/wp-json\/wp\/v2\/media?parent=54299"}],"wp:term":[{"taxonomy":"category","embeddable":true,"href":"https:\/\/novasdodia.com.br\/index.php\/wp-json\/wp\/v2\/categories?post=54299"},{"taxonomy":"post_tag","embeddable":true,"href":"https:\/\/novasdodia.com.br\/index.php\/wp-json\/wp\/v2\/tags?post=54299"}],"curies":[{"name":"wp","href":"https:\/\/api.w.org\/{rel}","templated":true}]}}