{"id":54302,"date":"2026-08-31T19:05:35","date_gmt":"2026-08-31T22:05:35","guid":{"rendered":"https:\/\/novasdodia.com.br\/index.php\/2026\/08\/31\/exposicao-na-galeria-de-vidro-revela-marcas-e-memorias-da-cidade-cgnoticias\/"},"modified":"2026-08-31T19:05:35","modified_gmt":"2026-08-31T22:05:35","slug":"exposicao-na-galeria-de-vidro-revela-marcas-e-memorias-da-cidade-cgnoticias","status":"publish","type":"post","link":"https:\/\/novasdodia.com.br\/index.php\/2026\/08\/31\/exposicao-na-galeria-de-vidro-revela-marcas-e-memorias-da-cidade-cgnoticias\/","title":{"rendered":"Exposi\u00e7\u00e3o na Galeria de Vidro revela marcas e mem\u00f3rias da cidade \u2013 CGNot\u00edcias"},"content":{"rendered":"<p><\/p>\n<div>\n<p>A Galeria de Vidro recebe, a partir desta ter\u00e7a-feira (1\u00ba), a exposi\u00e7\u00e3o \u201cFragmentos e Cicatrizes da Arquitetura Urbana\u201d, que prop\u00f5e ao p\u00fablico um olhar atento para o espa\u00e7o urbano, suas marcas, mem\u00f3rias e rela\u00e7\u00f5es com a cultura. A abertura acontece \u00e0s 19h, com visita\u00e7\u00e3o gratuita e aberta ao p\u00fablico at\u00e9 o dia 13 de setembro.<\/p>\n<p>A mostra re\u00fane trabalhos dos artistas Gisele Della Barba e Fernando Anghinoni, que utilizam a arte como ponto de partida para observar diferentes aspectos da cidade e de sua paisagem. A proposta \u00e9 estimular o p\u00fablico a perceber o ambiente urbano para al\u00e9m de sua fun\u00e7\u00e3o cotidiana, reconhecendo tamb\u00e9m suas marcas, transforma\u00e7\u00f5es e refer\u00eancias culturais.<\/p>\n<p>Segundo Gisele Della Barba, a exposi\u00e7\u00e3o parte da percep\u00e7\u00e3o de que a arte tamb\u00e9m pode surgir nas chamadas \u201ccicatrizes urbanas\u201d, encontrando nesses espa\u00e7os possibilidades de cria\u00e7\u00e3o e novas formas de olhar para a cidade.<\/p>\n<p>Para Fernando Anghinoni, a proposta busca provocar uma reflex\u00e3o sobre os aspectos arquitet\u00f4nicos e culturais presentes no cotidiano. O artista define a exposi\u00e7\u00e3o como um \u201cconvite provocador\u201d, destacando a rela\u00e7\u00e3o estabelecida entre arte, mem\u00f3ria e valoriza\u00e7\u00e3o do patrim\u00f4nio hist\u00f3rico.<\/p>\n<p>A exposi\u00e7\u00e3o \u201cFragmentos e Cicatrizes da Arquitetura Urbana\u201d integra a programa\u00e7\u00e3o cultural da cidade e oferece ao p\u00fablico a oportunidade de conhecer diferentes perspectivas sobre o espa\u00e7o urbano por meio das artes visuais. A visita\u00e7\u00e3o \u00e9 gratuita, n\u00e3o exige inscri\u00e7\u00e3o e possui classifica\u00e7\u00e3o livre.<\/p>\n<h3 class=\"wp-block-heading\">Servi\u00e7o<\/h3>\n<p><strong>Exposi\u00e7\u00e3o \u201cFragmentos e Cicatrizes da Arquitetura Urbana\u201d<\/strong><br \/><strong>Abertura:<\/strong> 1\u00ba de setembro, \u00e0s 19h<br \/><strong>Visita\u00e7\u00e3o:<\/strong> 2 a 13 de setembro<br \/><strong>Hor\u00e1rios:<\/strong> Segunda a sexta-feira: das 8h \u00e0s 20h<br \/>S\u00e1bado: das 8h \u00e0s 12h<br \/><strong>Local:<\/strong> Galeria de Vidro<br \/><strong>Endere\u00e7o:<\/strong> Avenida Cal\u00f3geras, 3015 \u2013 Centro<br \/><strong>Entrada<\/strong> gratuita e sem necessidade de agendamento<br \/><strong>Classifica\u00e7\u00e3o<\/strong> livre<\/p>\n<\/div>\n<p><script async defer async defer src=\"https:\/\/connect.facebook.net\/en_US\/sdk.js?ver=1#xfbml=1&amp;version=v3.2\" id=\"prefeitura-campogrande-script-facebook-sdk-js\"><\/script><\/p>\n","protected":false},"excerpt":{"rendered":"<p>A Galeria de Vidro recebe, a partir desta ter\u00e7a-feira (1\u00ba), a exposi\u00e7\u00e3o \u201cFragmentos e Cicatrizes da Arquitetura Urbana\u201d, que prop\u00f5e ao p\u00fablico um olhar atento para o espa\u00e7o urbano, suas marcas, mem\u00f3rias e rela\u00e7\u00f5es com a cultura. A abertura acontece \u00e0s 19h, com visita\u00e7\u00e3o gratuita e aberta ao p\u00fablico at\u00e9 o dia 13 de setembro. [&hellip;]<\/p>\n","protected":false},"author":1,"featured_media":0,"comment_status":"","ping_status":"","sticky":false,"template":"","format":"standard","meta":{"footnotes":""},"categories":[],"tags":[],"class_list":["post-54302","post","type-post","status-publish","format-standard","hentry"],"amp_enabled":true,"_links":{"self":[{"href":"https:\/\/novasdodia.com.br\/index.php\/wp-json\/wp\/v2\/posts\/54302","targetHints":{"allow":["GET"]}}],"collection":[{"href":"https:\/\/novasdodia.com.br\/index.php\/wp-json\/wp\/v2\/posts"}],"about":[{"href":"https:\/\/novasdodia.com.br\/index.php\/wp-json\/wp\/v2\/types\/post"}],"author":[{"embeddable":true,"href":"https:\/\/novasdodia.com.br\/index.php\/wp-json\/wp\/v2\/users\/1"}],"replies":[{"embeddable":true,"href":"https:\/\/novasdodia.com.br\/index.php\/wp-json\/wp\/v2\/comments?post=54302"}],"version-history":[{"count":0,"href":"https:\/\/novasdodia.com.br\/index.php\/wp-json\/wp\/v2\/posts\/54302\/revisions"}],"wp:attachment":[{"href":"https:\/\/novasdodia.com.br\/index.php\/wp-json\/wp\/v2\/media?parent=54302"}],"wp:term":[{"taxonomy":"category","embeddable":true,"href":"https:\/\/novasdodia.com.br\/index.php\/wp-json\/wp\/v2\/categories?post=54302"},{"taxonomy":"post_tag","embeddable":true,"href":"https:\/\/novasdodia.com.br\/index.php\/wp-json\/wp\/v2\/tags?post=54302"}],"curies":[{"name":"wp","href":"https:\/\/api.w.org\/{rel}","templated":true}]}}