{"id":54303,"date":"2026-08-31T19:43:45","date_gmt":"2026-08-31T22:43:45","guid":{"rendered":"https:\/\/novasdodia.com.br\/index.php\/2026\/08\/31\/feira-movel-reune-participantes-e-planeja-edicoes-para-impulsionar-economia-criativa-na-capital\/"},"modified":"2026-08-31T19:43:45","modified_gmt":"2026-08-31T22:43:45","slug":"feira-movel-reune-participantes-e-planeja-edicoes-para-impulsionar-economia-criativa-na-capital","status":"publish","type":"post","link":"https:\/\/novasdodia.com.br\/index.php\/2026\/08\/31\/feira-movel-reune-participantes-e-planeja-edicoes-para-impulsionar-economia-criativa-na-capital\/","title":{"rendered":"Feira M\u00f3vel re\u00fane participantes e planeja edi\u00e7\u00f5es para impulsionar economia criativa na Capital"},"content":{"rendered":"<p><\/p>\n<div id=\"texto\">\n<p>A Prefeitura de Jo\u00e3o Pessoa, atrav\u00e9s da Secretaria de Desenvolvimento Urbano (Sedurb), realizou, nesta segunda-feira (31), a reuni\u00e3o mensal de avalia\u00e7\u00e3o e planejamento do projeto Feira M\u00f3vel. O encontro aconteceu no audit\u00f3rio do Centro Administrativo Municipal (CAM), em \u00c1gua Fria, e contou com a presen\u00e7a de 134 empreendedores que trabalham para fortalecer a economia criativa na Capital.<\/p>\n<p>Os principais temas tratados na reuni\u00e3o foram: esclarecimentos sobre a log\u00edstica e organiza\u00e7\u00e3o; a import\u00e2ncia do trabalho coletivo; seguran\u00e7a dos equipamentos e procedimentos durante as feiras, para evitar acidentes; e as novas edi\u00e7\u00f5es do projeto. Durante o encontro, os empreendedores tamb\u00e9m tiraram d\u00favidas e apresentaram sugest\u00f5es.<\/p>\n<p>\u201cVamos ampliar o projeto. Inclusive, aumentaremos tamb\u00e9m a Feira M\u00f3vel dos Banc\u00e1rios, que no m\u00eas de agosto havia sofrido uma redu\u00e7\u00e3o de tendas. Vamos retornar com as estruturas de l\u00e1. Al\u00e9m disso, continuaremos a atualiza\u00e7\u00e3o de alguns cadastros que ficaram pendentes e finalizaremos o processo de curadoria dos expositores que est\u00e3o aguardando para participar do projeto\u201d, disse a coordenadora da Feira M\u00f3vel, Thayara Ferreira.<\/p>\n<p>As inscri\u00e7\u00f5es para novos expositores terminaram no \u00faltimo dia 15 de julho e mais de 400 pessoas se inscreveram para participar das edi\u00e7\u00f5es da Feira M\u00f3vel. \u201cJ\u00e1 iniciamos o processo de curadoria e vamos dar um retorno a todos que se cadastraram. Ent\u00e3o, \u00e9 s\u00f3 acompanhar pelo aplicativo \u2018Jo\u00e3o Pessoa na Palma da M\u00e3o\u2019 que nos pr\u00f3ximos dias entraremos em contato. Uma parte deles j\u00e1 inicia a participa\u00e7\u00e3o no projeto neste m\u00eas de setembro. Haver\u00e1 uma reuni\u00e3o para passar todas as regras. Em breve, daremos oportunidade a todos que estiverem aptos a participar do projeto\u201d, explicou a coordenadora.<\/p>\n<figure class=\"wp-block-gallery has-nested-images columns-default is-cropped wp-block-gallery-1 is-layout-flex wp-block-gallery-is-layout-flex\">\n<figure class=\"wp-block-image size-large\"><\/figure>\n<figure class=\"wp-block-image size-large\"><\/figure>\n<figure class=\"wp-block-image size-large\"><\/figure>\n<\/figure>\n<p><strong>Expectativas \u2013<\/strong> Para o m\u00eas de setembro as expectativas est\u00e3o altas, com a amplia\u00e7\u00e3o dos espa\u00e7os para as feiras e a chegada de novos expositores. \u201cA cada edi\u00e7\u00e3o, vamos levar o melhor do artesanato, gastronomia, moda sustent\u00e1vel e brinquedos educativos para mais perto da popula\u00e7\u00e3o. Tentaremos fazer um formato de decora\u00e7\u00e3o diferente, e acreditamos que haver\u00e1 uma evolu\u00e7\u00e3o muito grande neste m\u00eas. Estamos animados\u201d, finalizou Thayara Ferreira.<\/p>\n<p><strong>Locais das feiras \u2013<\/strong> Atualmente, as edi\u00e7\u00f5es do projeto acontecem em sete bairros de Jo\u00e3o Pessoa: Centro, Bessa, Bairro dos Estados, Altiplano, Banc\u00e1rios, Brisamar e Tamba\u00fa. A partir do m\u00eas de outubro, outros bairros devem ser contemplados, ap\u00f3s a sele\u00e7\u00e3o dos novos expositores. Vale salientar que a Prefeitura de Jo\u00e3o Pessoa disponibiliza, gratuitamente, toda a parte estrutural para as edi\u00e7\u00f5es da Feira M\u00f3vel, incluindo mesas, cadeiras, tendas, pavilh\u00f5es e energia el\u00e9trica.<\/p>\n<\/p><\/div>\n","protected":false},"excerpt":{"rendered":"<p>A Prefeitura de Jo\u00e3o Pessoa, atrav\u00e9s da Secretaria de Desenvolvimento Urbano (Sedurb), realizou, nesta segunda-feira (31), a reuni\u00e3o mensal de avalia\u00e7\u00e3o e planejamento do projeto Feira M\u00f3vel. O encontro aconteceu no audit\u00f3rio do Centro Administrativo Municipal (CAM), em \u00c1gua Fria, e contou com a presen\u00e7a de 134 empreendedores que trabalham para fortalecer a economia criativa [&hellip;]<\/p>\n","protected":false},"author":1,"featured_media":0,"comment_status":"","ping_status":"","sticky":false,"template":"","format":"standard","meta":{"footnotes":""},"categories":[1],"tags":[],"class_list":["post-54303","post","type-post","status-publish","format-standard","hentry","category-noticias"],"amp_enabled":true,"_links":{"self":[{"href":"https:\/\/novasdodia.com.br\/index.php\/wp-json\/wp\/v2\/posts\/54303","targetHints":{"allow":["GET"]}}],"collection":[{"href":"https:\/\/novasdodia.com.br\/index.php\/wp-json\/wp\/v2\/posts"}],"about":[{"href":"https:\/\/novasdodia.com.br\/index.php\/wp-json\/wp\/v2\/types\/post"}],"author":[{"embeddable":true,"href":"https:\/\/novasdodia.com.br\/index.php\/wp-json\/wp\/v2\/users\/1"}],"replies":[{"embeddable":true,"href":"https:\/\/novasdodia.com.br\/index.php\/wp-json\/wp\/v2\/comments?post=54303"}],"version-history":[{"count":0,"href":"https:\/\/novasdodia.com.br\/index.php\/wp-json\/wp\/v2\/posts\/54303\/revisions"}],"wp:attachment":[{"href":"https:\/\/novasdodia.com.br\/index.php\/wp-json\/wp\/v2\/media?parent=54303"}],"wp:term":[{"taxonomy":"category","embeddable":true,"href":"https:\/\/novasdodia.com.br\/index.php\/wp-json\/wp\/v2\/categories?post=54303"},{"taxonomy":"post_tag","embeddable":true,"href":"https:\/\/novasdodia.com.br\/index.php\/wp-json\/wp\/v2\/tags?post=54303"}],"curies":[{"name":"wp","href":"https:\/\/api.w.org\/{rel}","templated":true}]}}