{"id":54304,"date":"2026-08-31T20:25:38","date_gmt":"2026-08-31T23:25:38","guid":{"rendered":"https:\/\/novasdodia.com.br\/index.php\/2026\/08\/31\/para-alem-do-diagnostico-amplifica-discute-as-diferentes-formas-de-ser-e-compreender-o-desenvolvimento-ifsp\/"},"modified":"2026-08-31T20:25:38","modified_gmt":"2026-08-31T23:25:38","slug":"para-alem-do-diagnostico-amplifica-discute-as-diferentes-formas-de-ser-e-compreender-o-desenvolvimento-ifsp","status":"publish","type":"post","link":"https:\/\/novasdodia.com.br\/index.php\/2026\/08\/31\/para-alem-do-diagnostico-amplifica-discute-as-diferentes-formas-de-ser-e-compreender-o-desenvolvimento-ifsp\/","title":{"rendered":"Para al\u00e9m do diagn\u00f3stico: Amplifica discute as diferentes formas de ser e compreender o desenvolvimento &#8211; IFSP"},"content":{"rendered":"<p><\/p>\n<div>\n<div class=\"subtitle\">\n<p class=\"secondaryHeading\">No encontro desta quarta, Renata Filipak conversa sobre transtornos do desenvolvimento e amplia o olhar sobre diferentes formas de existir;\u00a0confira\u00a0no canal do IFSP no YouTube\u00a0<\/p>\n<\/div>\n<p><!-- fim .content-header-options-1 --><\/p>\n<p>\u00a0<\/p>\n<p data-start=\"6022\" data-end=\"6181\">O Amplifica promove, no dia 2 de setembro, \u00e0s 15h, uma conversa sobre as diferentes formas de ser e os transtornos do desenvolvimento. O programa recebe Renata Filipak, do Instituto Federal de S\u00e3o Paulo (IFSP), para discutir o tema e ampliar o olhar sobre as particularidades do desenvolvimento humano.<br \/>A conversa pretende contribuir para a compreens\u00e3o dos transtornos do desenvolvimento, abordando aspectos que fazem parte da realidade de muitas pessoas e fam\u00edlias e incentivando uma perspectiva baseada em informa\u00e7\u00e3o e acolhimento.<\/p>\n<p data-start=\"6022\" data-end=\"6181\">A palestra integra a programa\u00e7\u00e3o do Amplifica, iniciativa voltada \u00e0 dissemina\u00e7\u00e3o de conhecimentos que contribuem para o desenvolvimento humano e institucional.<\/p>\n<p data-start=\"6022\" data-end=\"6181\"><iframe loading=\"lazy\" title=\"Amplifica: Diferentes Formas de Ser: Saberes sobre Transtornos do Desenvolvimento\" width=\"640\" height=\"360\" src=\"https:\/\/www.youtube.com\/embed\/nTrw8RcvD6c?feature=oembed\" frameborder=\"0\" allow=\"accelerometer; autoplay; clipboard-write; encrypted-media; gyroscope; picture-in-picture; web-share\" referrerpolicy=\"strict-origin-when-cross-origin\" allowfullscreen><\/iframe><\/p>\n<p><strong>Cronograma setembro<\/strong><\/p>\n<p>Desenvolvido\u00a0por meio de um projeto institucional com a professora Marina Kanthack Paccini Razze, o Amplifica surgiu da percep\u00e7\u00e3o da for\u00e7a da coletividade para ampliar saberes e contribuir\u00a0com o surgimento de uma sociedade mais esclarecida.<\/p>\n<p>Para isso, o projeto re\u00fane profissionais de diferentes \u00e1reas do conhecimento, que, de forma virtual, oferecem: palestras, oficinas, minicursos, rodas de conversa, mesas tem\u00e1ticas e v\u00eddeos curtos com dicas sobre temas variados e desafiadores que dizem respeito ao nosso viver, em suas m\u00faltiplas dimens\u00f5es.<\/p>\n<p>As a\u00e7\u00f5es est\u00e3o previstas para serem transmitidas semanalmente, \u00e0s quartas-feiras, \u00e0s 15h, no\u00a0canal do IFSP no YouTube. O projeto conta com o apoio da Pr\u00f3-Reitoria de Desenvolvimento Institucional.\u00a0<\/p>\n<p>Confira tamb\u00e9m os epis\u00f3dios anteriores na\u00a0p\u00e1gina do programa.<\/p>\n<\/div>\n","protected":false},"excerpt":{"rendered":"<p>No encontro desta quarta, Renata Filipak conversa sobre transtornos do desenvolvimento e amplia o olhar sobre diferentes formas de existir;\u00a0confira\u00a0no canal do IFSP no YouTube\u00a0 \u00a0 O Amplifica promove, no dia 2 de setembro, \u00e0s 15h, uma conversa sobre as diferentes formas de ser e os transtornos do desenvolvimento. O programa recebe Renata Filipak, do [&hellip;]<\/p>\n","protected":false},"author":1,"featured_media":0,"comment_status":"","ping_status":"","sticky":false,"template":"","format":"standard","meta":{"footnotes":""},"categories":[1],"tags":[],"class_list":["post-54304","post","type-post","status-publish","format-standard","hentry","category-noticias"],"amp_enabled":true,"_links":{"self":[{"href":"https:\/\/novasdodia.com.br\/index.php\/wp-json\/wp\/v2\/posts\/54304","targetHints":{"allow":["GET"]}}],"collection":[{"href":"https:\/\/novasdodia.com.br\/index.php\/wp-json\/wp\/v2\/posts"}],"about":[{"href":"https:\/\/novasdodia.com.br\/index.php\/wp-json\/wp\/v2\/types\/post"}],"author":[{"embeddable":true,"href":"https:\/\/novasdodia.com.br\/index.php\/wp-json\/wp\/v2\/users\/1"}],"replies":[{"embeddable":true,"href":"https:\/\/novasdodia.com.br\/index.php\/wp-json\/wp\/v2\/comments?post=54304"}],"version-history":[{"count":0,"href":"https:\/\/novasdodia.com.br\/index.php\/wp-json\/wp\/v2\/posts\/54304\/revisions"}],"wp:attachment":[{"href":"https:\/\/novasdodia.com.br\/index.php\/wp-json\/wp\/v2\/media?parent=54304"}],"wp:term":[{"taxonomy":"category","embeddable":true,"href":"https:\/\/novasdodia.com.br\/index.php\/wp-json\/wp\/v2\/categories?post=54304"},{"taxonomy":"post_tag","embeddable":true,"href":"https:\/\/novasdodia.com.br\/index.php\/wp-json\/wp\/v2\/tags?post=54304"}],"curies":[{"name":"wp","href":"https:\/\/api.w.org\/{rel}","templated":true}]}}