{"id":54310,"date":"2026-09-01T00:37:36","date_gmt":"2026-09-01T03:37:36","guid":{"rendered":"https:\/\/novasdodia.com.br\/index.php\/2026\/09\/01\/inspira-ifsp-debate-autonomia-e-importancia-da-representacao-estudantil-ifsp\/"},"modified":"2026-09-01T00:37:36","modified_gmt":"2026-09-01T03:37:36","slug":"inspira-ifsp-debate-autonomia-e-importancia-da-representacao-estudantil-ifsp","status":"publish","type":"post","link":"https:\/\/novasdodia.com.br\/index.php\/2026\/09\/01\/inspira-ifsp-debate-autonomia-e-importancia-da-representacao-estudantil-ifsp\/","title":{"rendered":"Inspira IFSP debate autonomia e import\u00e2ncia da representa\u00e7\u00e3o estudantil\u00a0 &#8211; IFSP"},"content":{"rendered":"<p><\/p>\n<div>\n<div class=\"subtitle\">\n<p>Novo epis\u00f3dio do podcast apresenta a proposta de regulamenta\u00e7\u00e3o das entidades estudantis e convida estudantes a participarem da consulta at\u00e9 08\/09<\/p>\n<\/div>\n<p><!-- fim .content-header-options-1 --><\/p>\n<p><span data-contrast=\"auto\">Como os estudantes podem se organizar para defender seus direitos e contribuir para a constru\u00e7\u00e3o de melhorias no IFSP? <\/span><\/p>\n<p><span data-contrast=\"auto\">O novo epis\u00f3dio do <\/span><b><span data-contrast=\"auto\">I<\/span><\/b>nspira IFSP conversa sobre essas quest\u00f5es a partir da proposta de regulamenta\u00e7\u00e3o das entidades de representa\u00e7\u00e3o estudantil da Institui\u00e7\u00e3o.\u00a0<\/p>\n<p>O epis\u00f3dio recebe Agostinho de Rezende, chefe de Gabinete do IFSP, que destaca a import\u00e2ncia da proposta e explica como a minuta busca organizar a rela\u00e7\u00e3o entre a Institui\u00e7\u00e3o e as entidades estudantis, preservando sua liberdade e autonomia.\u00a0<\/p>\n<blockquote>\n<p>\u00a0\u00a0\u00a0YouTube\u00a0<\/p>\n<p>\u00a0 Spotify<\/p>\n<\/blockquote>\n<p>Tamb\u00e9m participa Clara Brito Alves dos Santos, diretora do Gr\u00eamio Estudantil do Campus Pirituba, que compartilha a experi\u00eancia da representa\u00e7\u00e3o estudantil e ressalta a import\u00e2ncia da mobiliza\u00e7\u00e3o dos estudantes na defesa de seus direitos e na conquista de melhorias para a comunidade acad\u00eamica.\u00a0<\/p>\n<p>Clara tamb\u00e9m destaca o valor do di\u00e1logo e do apoio institucional para que as entidades possam desenvolver suas atividades e contribuir para melhorias tanto para as pr\u00f3prias organiza\u00e7\u00f5es quanto para os estudantes que representam.\u00a0<\/p>\n<p>A minuta da regulamenta\u00e7\u00e3o est\u00e1 em consulta at\u00e9 o dia 08 de setembro, e os estudantes podem enviar sugest\u00f5es de altera\u00e7\u00e3o, inclus\u00e3o ou exclus\u00e3o de trechos da proposta.\u00a0<\/p>\n<p>Ou\u00e7a o novo epis\u00f3dio do Inspira IFSP e entenda a proposta, conhe\u00e7a as possibilidades previstas para as entidades de representa\u00e7\u00e3o estudantil e saiba como participar da constru\u00e7\u00e3o da regulamenta\u00e7\u00e3o.\u00a0<\/p>\n<p>Sua voz importa!\u00a0<\/p>\n<p>Acesse o epis\u00f3dio em:<\/p>\n<p>\u00a0\u00a0YouTube\u00a0<\/p>\n<p>\u00a0Spotify<\/p>\n<\/div>\n","protected":false},"excerpt":{"rendered":"<p>Novo epis\u00f3dio do podcast apresenta a proposta de regulamenta\u00e7\u00e3o das entidades estudantis e convida estudantes a participarem da consulta at\u00e9 08\/09 Como os estudantes podem se organizar para defender seus direitos e contribuir para a constru\u00e7\u00e3o de melhorias no IFSP? O novo epis\u00f3dio do Inspira IFSP conversa sobre essas quest\u00f5es a partir da proposta de [&hellip;]<\/p>\n","protected":false},"author":1,"featured_media":0,"comment_status":"","ping_status":"","sticky":false,"template":"","format":"standard","meta":{"footnotes":""},"categories":[1],"tags":[],"class_list":["post-54310","post","type-post","status-publish","format-standard","hentry","category-noticias"],"amp_enabled":true,"_links":{"self":[{"href":"https:\/\/novasdodia.com.br\/index.php\/wp-json\/wp\/v2\/posts\/54310","targetHints":{"allow":["GET"]}}],"collection":[{"href":"https:\/\/novasdodia.com.br\/index.php\/wp-json\/wp\/v2\/posts"}],"about":[{"href":"https:\/\/novasdodia.com.br\/index.php\/wp-json\/wp\/v2\/types\/post"}],"author":[{"embeddable":true,"href":"https:\/\/novasdodia.com.br\/index.php\/wp-json\/wp\/v2\/users\/1"}],"replies":[{"embeddable":true,"href":"https:\/\/novasdodia.com.br\/index.php\/wp-json\/wp\/v2\/comments?post=54310"}],"version-history":[{"count":0,"href":"https:\/\/novasdodia.com.br\/index.php\/wp-json\/wp\/v2\/posts\/54310\/revisions"}],"wp:attachment":[{"href":"https:\/\/novasdodia.com.br\/index.php\/wp-json\/wp\/v2\/media?parent=54310"}],"wp:term":[{"taxonomy":"category","embeddable":true,"href":"https:\/\/novasdodia.com.br\/index.php\/wp-json\/wp\/v2\/categories?post=54310"},{"taxonomy":"post_tag","embeddable":true,"href":"https:\/\/novasdodia.com.br\/index.php\/wp-json\/wp\/v2\/tags?post=54310"}],"curies":[{"name":"wp","href":"https:\/\/api.w.org\/{rel}","templated":true}]}}