{"id":54311,"date":"2026-09-01T01:19:35","date_gmt":"2026-09-01T04:19:35","guid":{"rendered":"https:\/\/novasdodia.com.br\/index.php\/2026\/09\/01\/exposicao-olhares-entra-em-cartaz-no-patio-ciane-shopping-nesta-terca-feira-1o-agencia-de-noticias\/"},"modified":"2026-09-01T01:19:35","modified_gmt":"2026-09-01T04:19:35","slug":"exposicao-olhares-entra-em-cartaz-no-patio-ciane-shopping-nesta-terca-feira-1o-agencia-de-noticias","status":"publish","type":"post","link":"https:\/\/novasdodia.com.br\/index.php\/2026\/09\/01\/exposicao-olhares-entra-em-cartaz-no-patio-ciane-shopping-nesta-terca-feira-1o-agencia-de-noticias\/","title":{"rendered":"Exposi\u00e7\u00e3o \u2018Olhares\u2019 entra em cartaz no P\u00e1tio Cian\u00ea Shopping nesta ter\u00e7a-feira (1\u00ba) \u2013 Ag\u00eancia de Not\u00edcias"},"content":{"rendered":"<p><\/p>\n<div>\n<div class=\"col\">\n<p class=\"mt-0\">\n\t\t\t\t\t\t<strong><br \/>\n\t\t\t\t\t\t\t<span class=\"far fa-calendar mr-1 mt-2\"\/><br \/>\n\t\t\t\t\t\t\t31 de agosto de 2026<br \/>\n\t\t\t\t\t\t\t<span class=\"far fa-clock ml-3 mt-2\"\/><br \/>\n\t\t\t\t\t\t\t17:05<br \/>\n\t\t\t\t\t\t<\/strong>\n\t\t\t\t\t<\/p>\n<p class=\"mb-0\">Por: <strong>Evelyn Azevedo<\/strong><\/p>\n<\/p><\/div>\n<\/p><\/div>\n<div>\n<p>A exposi\u00e7\u00e3o \u2018Olhares\u2019 entra em cartaz nesta ter\u00e7a-feira (1\u00ba) no P\u00e1tio Cian\u00ea Shopping, com curadoria do fot\u00f3grafo F\u00e1bio Rog\u00e9rio. A mostra gratuita poder\u00e1 ser visitada no Bloco B do Piso 2 do empreendimento, at\u00e9 o dia 30 de setembro.<\/p>\n<p class=\"\">Promovida pela Prefeitura de Sorocaba, por meio da Secretaria de Cultura (Secult) e da Biblioteca Comunit\u00e1ria \u201cMilton Expedito\u201d, a exposi\u00e7\u00e3o faz homenagem ao Dia do Rep\u00f3rter Fotogr\u00e1fico, celebrado em 2 de setembro.<\/p>\n<p class=\"\">A mostra conta com 28 fotos produzidas pelos alunos do curso gratuito de fotografia da Biblioteca Comunit\u00e1ria, capturando nuances e perspectivas do dia a dia. O projeto \u00e9 fruto do trabalho volunt\u00e1rio do fotojornalista F\u00e1bio Rog\u00e9rio.<\/p>\n<p class=\"\">Os alunos participantes s\u00e3o: Andr\u00e9 Camargo, Caroline Faustino, Juliano Postigo, Michele Dronov, M\u00e1rio Cesar Oliveira, Rudnei Vieira, Felipe Cust\u00f3dio, Alisson Zanella, Josu\u00e9 de Lima, L\u00edgia Molina, Fernando Heleno, Raquel Azevedo, Jorge Camargo e Daniel Ferranti Elias.<\/p>\n<p class=\"\">F\u00e1bio iniciou na \u00e1rea como jornaleiro do Di\u00e1rio de Sorocaba, passando a desenvolver atividades, como laboratorista fotogr\u00e1fico e, logo ap\u00f3s surgir uma oportunidade, tornou-se fot\u00f3grafo do jornal, local onde trabalhou at\u00e9 ser contratado pelo Cruzeiro do Sul, em 2002. Formado em Fotografia e p\u00f3s-graduado em Estilo, Comunica\u00e7\u00e3o e Produ\u00e7\u00e3o de Moda, foi, neste ano, um dos contemplados com o pr\u00eamio \u2018Os Movimentos das Cidades\u2019, com seu projeto Fotografia Terap\u00eautica.<\/p>\n<p class=\"\">A exposi\u00e7\u00e3o \u2018Olhares\u2019 poder\u00e1 ser conferida de segunda a s\u00e1bado, das 10h \u00e0s 22h, e, aos domingos, das 12h \u00e0s 20h, no P\u00e1tio Cian\u00ea Shopping, localizado na Avenida Afonso Vergueiro, 823, no Centro de Sorocaba, ao lado do Terminal Santo Ant\u00f4nio.<\/p>\n<\/p><\/div>\n","protected":false},"excerpt":{"rendered":"<p>31 de agosto de 2026 17:05 Por: Evelyn Azevedo A exposi\u00e7\u00e3o \u2018Olhares\u2019 entra em cartaz nesta ter\u00e7a-feira (1\u00ba) no P\u00e1tio Cian\u00ea Shopping, com curadoria do fot\u00f3grafo F\u00e1bio Rog\u00e9rio. A mostra gratuita poder\u00e1 ser visitada no Bloco B do Piso 2 do empreendimento, at\u00e9 o dia 30 de setembro. Promovida pela Prefeitura de Sorocaba, por meio [&hellip;]<\/p>\n","protected":false},"author":1,"featured_media":0,"comment_status":"","ping_status":"","sticky":false,"template":"","format":"standard","meta":{"footnotes":""},"categories":[1],"tags":[],"class_list":["post-54311","post","type-post","status-publish","format-standard","hentry","category-noticias"],"amp_enabled":true,"_links":{"self":[{"href":"https:\/\/novasdodia.com.br\/index.php\/wp-json\/wp\/v2\/posts\/54311","targetHints":{"allow":["GET"]}}],"collection":[{"href":"https:\/\/novasdodia.com.br\/index.php\/wp-json\/wp\/v2\/posts"}],"about":[{"href":"https:\/\/novasdodia.com.br\/index.php\/wp-json\/wp\/v2\/types\/post"}],"author":[{"embeddable":true,"href":"https:\/\/novasdodia.com.br\/index.php\/wp-json\/wp\/v2\/users\/1"}],"replies":[{"embeddable":true,"href":"https:\/\/novasdodia.com.br\/index.php\/wp-json\/wp\/v2\/comments?post=54311"}],"version-history":[{"count":0,"href":"https:\/\/novasdodia.com.br\/index.php\/wp-json\/wp\/v2\/posts\/54311\/revisions"}],"wp:attachment":[{"href":"https:\/\/novasdodia.com.br\/index.php\/wp-json\/wp\/v2\/media?parent=54311"}],"wp:term":[{"taxonomy":"category","embeddable":true,"href":"https:\/\/novasdodia.com.br\/index.php\/wp-json\/wp\/v2\/categories?post=54311"},{"taxonomy":"post_tag","embeddable":true,"href":"https:\/\/novasdodia.com.br\/index.php\/wp-json\/wp\/v2\/tags?post=54311"}],"curies":[{"name":"wp","href":"https:\/\/api.w.org\/{rel}","templated":true}]}}