{"id":54316,"date":"2026-09-01T06:55:47","date_gmt":"2026-09-01T09:55:47","guid":{"rendered":"https:\/\/novasdodia.com.br\/index.php\/2026\/09\/01\/alunos-participantes-do-procon-jp-vai-as-aulas-recebem-aula-pratica-sobre-testagem-dos-combustiveis\/"},"modified":"2026-09-01T06:55:47","modified_gmt":"2026-09-01T09:55:47","slug":"alunos-participantes-do-procon-jp-vai-as-aulas-recebem-aula-pratica-sobre-testagem-dos-combustiveis","status":"publish","type":"post","link":"https:\/\/novasdodia.com.br\/index.php\/2026\/09\/01\/alunos-participantes-do-procon-jp-vai-as-aulas-recebem-aula-pratica-sobre-testagem-dos-combustiveis\/","title":{"rendered":"Alunos participantes do \u2018Procon-JP vai \u00e0s aulas\u2019 recebem aula pr\u00e1tica sobre testagem dos combust\u00edveis"},"content":{"rendered":"<p><\/p>\n<div id=\"texto\">\n<p>Alunos do 9\u00ba ano de cinco escolas da Rede Municipal de Ensino que est\u00e3o participando do programa \u2018Procon-JP vai \u00e0s aulas\u2019 2026 receberam aula pr\u00e1tica sobre como se realiza os testes de qualidade e quantidade em combust\u00edveis. Os estudantes acompanharam o passo a passo da investiga\u00e7\u00e3o durante uma fiscaliza\u00e7\u00e3o.<\/p>\n<p>Os fiscais da Secretaria Municipal de Prote\u00e7\u00e3o e Defesa do Consumidor de Jo\u00e3o Pessoa expuseram como se realiza o teste de vaz\u00e3o nos combust\u00edveis e o que \u00e9 considerado irregular pelos padr\u00f5es da Ag\u00eancia Nacional do Petr\u00f3leo (ANP) e Instituto Nacional de Metrologia (Inmetro). A atividade faz parte do curso sobre No\u00e7\u00f5es B\u00e1sicas dos Direitos do Consumidor ministrado pelo programa.<\/p>\n<p>De acordo com o secret\u00e1rio do Procon-JP, J\u00fanior Pires, os estudantes que participaram da aula pr\u00e1tica puderam manusear o equipamento que \u00e9 usado durante as fiscaliza\u00e7\u00f5es aos postos, sob a supervis\u00e3o atenta dos fiscais. \u201cOs alunos agora sabem como fazemos para medir a qualidade e a quantidade dos combust\u00edveis que est\u00e3o nas bombas dos postos\u201d, disse.<\/p>\n<figure class=\"wp-block-gallery has-nested-images columns-default is-cropped wp-block-gallery-1 is-layout-flex wp-block-gallery-is-layout-flex\">\n<figure class=\"wp-block-image size-large\"><\/figure>\n<figure class=\"wp-block-image size-large\"><\/figure>\n<figure class=\"wp-block-image size-large\"><\/figure>\n<\/figure>\n<p><strong>Mais de 2,5 mil<\/strong> \u2013 O programa \u00e9 uma parceria do Procon-JP com a Secretaria Municipal de Educa\u00e7\u00e3o e Cultura (Sedec), que \u00e9 respons\u00e1vel pela sele\u00e7\u00e3o final dos alunos e disponibiliza os espa\u00e7os f\u00edsicos para o curso, que s\u00e3o realizados na pr\u00f3pria escola em que o estudante frequenta as aulas durante o ano letivo. Em 2026, foram contemplados 2.556 alunos do 9\u00ba ano do Fundamental e do EJA da Rede Municipal de Ensino.<\/p>\n<p><strong>Bolsa e certificado<\/strong> \u2013 O Procon-JP vai \u00e0s aulas 2026 faz parte dos programas de inclus\u00e3o social da Prefeitura de Jo\u00e3o Pessoa atrav\u00e9s do Procon-JP e existe desde 2021, beneficiando 12.821 estudantes desde a primeira edi\u00e7\u00e3o. Todos os alunos que concluem o curso recebem uma bolsa de R$ 700,00, al\u00e9m do certificado de participa\u00e7\u00e3o.<\/p>\n<p><strong>As escolas<\/strong> \u2013 Participaram da oficina no \u00faltimo s\u00e1bado, os alunos de cinco escolas que est\u00e3o fazendo o curso: Escola Municipal Deputado Fernando Milanez (Gramame); Escola Municipal Fenelon C\u00e2mara |(Geisel); Escola Municipal Presidente Jo\u00e3o Pessoa (Jardim Veneza); Escola Municipal Professor Hugo Moura (Padre Z\u00e9); e Escola Municipal Major Jos\u00e9 de Barros Moreira (Mandacaru).<\/p>\n<p><strong>N\u00fameros:<\/strong><\/p>\n<p>Total de alunos contemplados em seis anos: <strong>12.821<\/strong><\/p>\n<p>Total de alunos contemplados em 2026: <strong>2.556<\/strong><\/p>\n<\/p><\/div>\n","protected":false},"excerpt":{"rendered":"<p>Alunos do 9\u00ba ano de cinco escolas da Rede Municipal de Ensino que est\u00e3o participando do programa \u2018Procon-JP vai \u00e0s aulas\u2019 2026 receberam aula pr\u00e1tica sobre como se realiza os testes de qualidade e quantidade em combust\u00edveis. Os estudantes acompanharam o passo a passo da investiga\u00e7\u00e3o durante uma fiscaliza\u00e7\u00e3o. Os fiscais da Secretaria Municipal de [&hellip;]<\/p>\n","protected":false},"author":1,"featured_media":0,"comment_status":"","ping_status":"","sticky":false,"template":"","format":"standard","meta":{"footnotes":""},"categories":[1],"tags":[],"class_list":["post-54316","post","type-post","status-publish","format-standard","hentry","category-noticias"],"amp_enabled":true,"_links":{"self":[{"href":"https:\/\/novasdodia.com.br\/index.php\/wp-json\/wp\/v2\/posts\/54316","targetHints":{"allow":["GET"]}}],"collection":[{"href":"https:\/\/novasdodia.com.br\/index.php\/wp-json\/wp\/v2\/posts"}],"about":[{"href":"https:\/\/novasdodia.com.br\/index.php\/wp-json\/wp\/v2\/types\/post"}],"author":[{"embeddable":true,"href":"https:\/\/novasdodia.com.br\/index.php\/wp-json\/wp\/v2\/users\/1"}],"replies":[{"embeddable":true,"href":"https:\/\/novasdodia.com.br\/index.php\/wp-json\/wp\/v2\/comments?post=54316"}],"version-history":[{"count":0,"href":"https:\/\/novasdodia.com.br\/index.php\/wp-json\/wp\/v2\/posts\/54316\/revisions"}],"wp:attachment":[{"href":"https:\/\/novasdodia.com.br\/index.php\/wp-json\/wp\/v2\/media?parent=54316"}],"wp:term":[{"taxonomy":"category","embeddable":true,"href":"https:\/\/novasdodia.com.br\/index.php\/wp-json\/wp\/v2\/categories?post=54316"},{"taxonomy":"post_tag","embeddable":true,"href":"https:\/\/novasdodia.com.br\/index.php\/wp-json\/wp\/v2\/tags?post=54316"}],"curies":[{"name":"wp","href":"https:\/\/api.w.org\/{rel}","templated":true}]}}