{"id":54321,"date":"2026-09-01T10:25:44","date_gmt":"2026-09-01T13:25:44","guid":{"rendered":"https:\/\/novasdodia.com.br\/index.php\/2026\/09\/01\/alegria-emocao-e-grande-publico-marcam-a-final-do-iv-festival-de-musica-estudantil-no-valentina\/"},"modified":"2026-09-01T10:25:44","modified_gmt":"2026-09-01T13:25:44","slug":"alegria-emocao-e-grande-publico-marcam-a-final-do-iv-festival-de-musica-estudantil-no-valentina","status":"publish","type":"post","link":"https:\/\/novasdodia.com.br\/index.php\/2026\/09\/01\/alegria-emocao-e-grande-publico-marcam-a-final-do-iv-festival-de-musica-estudantil-no-valentina\/","title":{"rendered":"Alegria, emo\u00e7\u00e3o e grande p\u00fablico marcam a final do IV Festival de M\u00fasica Estudantil, no Valentina"},"content":{"rendered":"<p><\/p>\n<div id=\"texto\">\n<p>O Parque Linear II do Valentina ficou lotado na noite desta segunda-feira (31) para acompanhar a grande final do IV Festival de M\u00fasica Estudantil de Jo\u00e3o Pessoa. O evento realizado pela Prefeitura de Jo\u00e3o Pessoa por meio da Secretaria de Educa\u00e7\u00e3o e Cultura (Sedec), atrav\u00e9s do Departamento de Projetos Integradores (DPI) e da Se\u00e7\u00e3o de Bandas Escolares, celebrou o talento dos estudantes da Rede Municipal de Ensino.<\/p>\n<p>Na abertura do evento, a secret\u00e1ria executiva de Educa\u00e7\u00e3o, Luciana Dias, destacou o orgulho da gest\u00e3o em promover a cultura nas escolas e parabenizou os finalistas pela dedica\u00e7\u00e3o e belas apresenta\u00e7\u00f5es.<\/p>\n<figure class=\"wp-block-gallery has-nested-images columns-default is-cropped wp-block-gallery-1 is-layout-flex wp-block-gallery-is-layout-flex\">\n<figure class=\"wp-block-image size-large\"><\/figure>\n<figure class=\"wp-block-image size-large\"><\/figure>\n<figure class=\"wp-block-image size-large\"><\/figure>\n<\/figure>\n<p>\u201c\u00c9 motivo de grande orgulho para a gest\u00e3o promover a cultura e a m\u00fasica em nossas escolas, valorizando talentos, incentivando a criatividade e fortalecendo a forma\u00e7\u00e3o dos nossos estudantes. Parabenizamos todos os finalistas pela dedica\u00e7\u00e3o, pelo empenho e pelas belas apresenta\u00e7\u00f5es. Cada momento no palco revela o talento e o potencial da nossa Rede Municipal de Ensino\u201d, disse.<\/p>\n<p>A disputa foi dividida em tr\u00eas categorias: Ensino Fundamental I (Infantil), Ensino Fundamental II (Juvenil) e Educa\u00e7\u00e3o de Jovens e Adultos (EJA).<\/p>\n<figure class=\"wp-block-gallery has-nested-images columns-default is-cropped wp-block-gallery-2 is-layout-flex wp-block-gallery-is-layout-flex\">\n<figure class=\"wp-block-image size-large\"><\/figure>\n<figure class=\"wp-block-image size-large\"><\/figure>\n<\/figure>\n<p>Os oito estudantes finalistas deram um show no palco, acompanhados por uma banda formada exclusivamente por professores de m\u00fasica da Rede Municipal.<\/p>\n<p><strong>Vencedores \u2013 <\/strong>Na categoria Infantil (1\u00b0 ao 5\u00b0), interpretando a m\u00fasica \u2018Jo\u00e3o e Maria\u2019 (Chico Buarque e Sivuca), a aluna Maria Alice Acelino Pimentel, da Escola Municipal Lions Tamba\u00fa, foi a grande vencedora. \u201cEu t\u00f4 muito feliz, sempre foi meu sonho. Agrade\u00e7o aos meus pais, a minha fam\u00edlia, tamb\u00e9m aos meus professores, meus amigos e minhas amigas, que me ajudaram e sempre estiveram me apoiando. Obrigado a dire\u00e7\u00e3o da Escola Lions Tamba\u00fa, a banda da Sedec, que foi perfeita e maravilhosa. Eu estou muito honrada em dar esse orgulho \u00e0 escola e a minha fam\u00edlia. Foi perfeito, foi maravilhoso\u201d, agradeceu a aluna.<\/p>\n<figure class=\"wp-block-gallery has-nested-images columns-default is-cropped wp-block-gallery-3 is-layout-flex wp-block-gallery-is-layout-flex\">\n<figure class=\"wp-block-image size-large\"><\/figure>\n<\/figure>\n<p>Na categoria Juvenil (6\u00ba ao 9\u00ba ano) quem conquistou a maioria dos votos dos jurados foi a aluna Yanne Talita Fernandes de Morais, da Escola Municipal Padre Pedro Serr\u00e3o, que interpretou a m\u00fasica \u2018Frevo Mulher\u2019 (Z\u00e9 Ramalho).<\/p>\n<div class=\"wp-block-image\">\n<figure class=\"aligncenter size-large\"><\/figure>\n<\/div>\n<p>Ela falou do sentimento de ter ficado em primeiro lugar. \u201c\u00c9 uma alegria muito grande pelo fato de eu ter ficado muito nervosa. Eu pensei at\u00e9 que n\u00e3o conseguiria, pensei que ficaria em segundo ou em terceiro. Ent\u00e3o \u00e9 uma alegria muito grande, eu me emocionei muito, fiquei muito feliz. \u00c9 uma coisa que eu n\u00e3o consigo explicar a sensa\u00e7\u00e3o de ter chegado at\u00e9 aqui, a sensa\u00e7\u00e3o de ter conseguido o primeiro lugar\u201d, disse.<\/p>\n<p>Na categoria de Educa\u00e7\u00e3o de Jovens e Adultos (EJA), representando a for\u00e7a da EJA, as apresenta\u00e7\u00f5es resgataram cl\u00e1ssicos do forr\u00f3 com muita emo\u00e7\u00e3o.<\/p>\n<div class=\"wp-block-image\">\n<figure class=\"aligncenter size-large\"><\/figure>\n<\/div>\n<p>Quem levantou o p\u00fablico foi a estudante da Escola Municipal Afonso Pereira, Josenilda Paz de Oliveira Pessoa. Ela interpretou a m\u00fasica \u2018Me Usa\u2019 (Banda Magn\u00edficos).<\/p>\n<p>\u201cFoi muito bom, foi uma sensa\u00e7\u00e3o incr\u00edvel. Nunca aconteceu comigo. Foi a primeira vez que eu cantei pra tanta gente. J\u00e1 cantei nos barzinhos, mas n\u00e3o \u00e9 a mesma coisa n\u00e3o, \u00e9 totalmente diferente, \u00e9 outra vibra\u00e7\u00e3o, muito forte\u201d, disse sorridente.<\/p>\n<figure class=\"wp-block-gallery has-nested-images columns-default is-cropped wp-block-gallery-4 is-layout-flex wp-block-gallery-is-layout-flex\">\n<figure class=\"wp-block-image size-large\"><\/figure>\n<figure class=\"wp-block-image size-large\"><\/figure>\n<\/figure>\n<p>O Festival de M\u00fasica Estudantil consolida-se no calend\u00e1rio da Capital como uma importante ferramenta de incentivo \u00e0s artes, integra\u00e7\u00e3o escolar e valoriza\u00e7\u00e3o do potencial dos alunos da rede p\u00fablica municipal.<\/p>\n<p><strong>Confira a classifica\u00e7\u00e3o geral<\/strong><\/p>\n<p><strong>Categoria Infantil (1\u00ba ao 5\u00ba ano)<\/strong><\/p>\n<p><strong>1\u00ba lugar: Escola Lions Tamba\u00fa: <\/strong>Maria Alice Acelino Pimentel \u2014 \u2018<em>Jo\u00e3o e Maria\u2019 <\/em>(Chico Buarque \/ Sivuca);<\/p>\n<p><strong>2\u00ba lugar: Escola Agostinho Fonseca: <\/strong>Grazielle Magn\u00f3lia Ramos Farias \u2014 \u2018<em>Uni Duni T\u00ea\u2019 <\/em>(Trem da Alegria);<\/p>\n<p><strong>3\u00ba lugar: lugar: Escola Joacil de Brito: <\/strong>Heitor Farias de Souza \u2014 \u2018<em>M\u00e1scara\u2019 <\/em>(Pitty).<\/p>\n<p><strong>Categoria Juvenil (6\u00ba ao 9\u00ba ano)<\/strong><\/p>\n<p><strong>1\u00ba lugar: Escola Padre Pedro Serr\u00e3o: <\/strong>Yanne Talita Fernandes de Morais \u2014 \u2018<em>Frevo Mulher\u2019 <\/em>(Z\u00e9 Ramalho);<\/p>\n<p><strong>2\u00ba lugar: Escola An\u00edsio Teixeira: <\/strong>Ariany Radassa da Concei\u00e7\u00e3o Santos \u2014 \u2018<em>Como Um Flash\u2019 <\/em>(Sandy &amp; Junior);<\/p>\n<p><strong>3\u00ba lugar: Escola Violeta Formiga: <\/strong>Ana Beatriz Gomes de Oliveira \u2014 \u2018<em>Deus de Obras Completas\u2019 <\/em>(Kemilly Santos);<\/p>\n<p><strong>Categoria Educa\u00e7\u00e3o de Jovens e Adultos (EJA)<\/strong><\/p>\n<p><strong>1\u00ba lugar: Escola Afonso Pereira: <\/strong>Josenilda Paz de Oliveira Pessoa \u2014 \u2018<em>Me Usa<\/em>\u2019 (Banda Magn\u00edficos).<\/p>\n<p><strong>2\u00ba lugar: Escola \u00cdndio Piragibe: <\/strong>Maria da Costa Fl\u00f4r \u2014 \u2018<em>Olha Pro C\u00e9u\u2019 <\/em>(Luiz Gonzaga);<\/p>\n<\/p><\/div>\n","protected":false},"excerpt":{"rendered":"<p>O Parque Linear II do Valentina ficou lotado na noite desta segunda-feira (31) para acompanhar a grande final do IV Festival de M\u00fasica Estudantil de Jo\u00e3o Pessoa. O evento realizado pela Prefeitura de Jo\u00e3o Pessoa por meio da Secretaria de Educa\u00e7\u00e3o e Cultura (Sedec), atrav\u00e9s do Departamento de Projetos Integradores (DPI) e da Se\u00e7\u00e3o de [&hellip;]<\/p>\n","protected":false},"author":1,"featured_media":0,"comment_status":"","ping_status":"","sticky":false,"template":"","format":"standard","meta":{"footnotes":""},"categories":[1],"tags":[],"class_list":["post-54321","post","type-post","status-publish","format-standard","hentry","category-noticias"],"amp_enabled":true,"_links":{"self":[{"href":"https:\/\/novasdodia.com.br\/index.php\/wp-json\/wp\/v2\/posts\/54321","targetHints":{"allow":["GET"]}}],"collection":[{"href":"https:\/\/novasdodia.com.br\/index.php\/wp-json\/wp\/v2\/posts"}],"about":[{"href":"https:\/\/novasdodia.com.br\/index.php\/wp-json\/wp\/v2\/types\/post"}],"author":[{"embeddable":true,"href":"https:\/\/novasdodia.com.br\/index.php\/wp-json\/wp\/v2\/users\/1"}],"replies":[{"embeddable":true,"href":"https:\/\/novasdodia.com.br\/index.php\/wp-json\/wp\/v2\/comments?post=54321"}],"version-history":[{"count":0,"href":"https:\/\/novasdodia.com.br\/index.php\/wp-json\/wp\/v2\/posts\/54321\/revisions"}],"wp:attachment":[{"href":"https:\/\/novasdodia.com.br\/index.php\/wp-json\/wp\/v2\/media?parent=54321"}],"wp:term":[{"taxonomy":"category","embeddable":true,"href":"https:\/\/novasdodia.com.br\/index.php\/wp-json\/wp\/v2\/categories?post=54321"},{"taxonomy":"post_tag","embeddable":true,"href":"https:\/\/novasdodia.com.br\/index.php\/wp-json\/wp\/v2\/tags?post=54321"}],"curies":[{"name":"wp","href":"https:\/\/api.w.org\/{rel}","templated":true}]}}