{"id":54322,"date":"2026-09-01T10:29:44","date_gmt":"2026-09-01T13:29:44","guid":{"rendered":"https:\/\/novasdodia.com.br\/index.php\/2026\/09\/01\/mutirao-leva-servicos-a-pessoas-em-situacao-de-rua-cgnoticias\/"},"modified":"2026-09-01T10:29:44","modified_gmt":"2026-09-01T13:29:44","slug":"mutirao-leva-servicos-a-pessoas-em-situacao-de-rua-cgnoticias","status":"publish","type":"post","link":"https:\/\/novasdodia.com.br\/index.php\/2026\/09\/01\/mutirao-leva-servicos-a-pessoas-em-situacao-de-rua-cgnoticias\/","title":{"rendered":"Mutir\u00e3o leva servi\u00e7os a pessoas em situa\u00e7\u00e3o de rua \u2013 CGNot\u00edcias"},"content":{"rendered":"<p><\/p>\n<div>\n<p>A Unidade de Acolhimento Institucional para Adultos e Fam\u00edlias (UAIFA 1), no Bairro Jardim Veraneio, realizou um mutir\u00e3o intersetorial para atender a popula\u00e7\u00e3o em situa\u00e7\u00e3o de rua. A a\u00e7\u00e3o, em alus\u00e3o ao Dia Nacional da Luta da Popula\u00e7\u00e3o de Rua, reuniu cinco servi\u00e7os e entidades da rede de prote\u00e7\u00e3o social e atendeu cerca de 80 pessoas.<\/p>\n<p>Durante o mutir\u00e3o, foram oferecidos atendimentos jur\u00eddicos, servi\u00e7os de sa\u00fade, atualiza\u00e7\u00e3o do Cadastro \u00danico, orienta\u00e7\u00f5es sobre benef\u00edcios sociais, al\u00e9m de inscri\u00e7\u00f5es e atualiza\u00e7\u00f5es cadastrais para programas habitacionais.<\/p>\n<p>A secret\u00e1ria-adjunta de Assist\u00eancia Social, In\u00eas Mongenout, destacou a import\u00e2ncia da integra\u00e7\u00e3o dos servi\u00e7os.<\/p>\n<p>\u201cQuando trazemos a rede de prote\u00e7\u00e3o para dentro da unidade de acolhimento, encurtamos dist\u00e2ncias e abrimos portas reais para a autonomia. O papel da assist\u00eancia social vai al\u00e9m de acolher, nosso compromisso \u00e9 oferecer as ferramentas para que cada pessoa reconstrua seu projeto de vida e resgate sua cidadania com dignidade e oportunidade\u201d, afirmou.<\/p>\n<p>Entre os atendidos esteve Gilberto da Silva Oliveira, que est\u00e1 acolhido na unidade h\u00e1 quatro meses e atualmente trabalha no Centro POP. Durante a a\u00e7\u00e3o, ele realizou o cadastro habitacional junto \u00e0 Ag\u00eancia Municipal de Habita\u00e7\u00e3o (EMHA).<\/p>\n<p>\u201cDepois de tudo o que passei, dei uma virada na minha vida. Consegui um trabalho, estou comprando meus m\u00f3veis e logo vou para o meu canto. Ter esses servi\u00e7os aqui na UAIFA facilitou demais para mim, que trabalho o dia todo. Sou muito grato por esse acolhimento, pois foi a partir daqui que consegui um emprego e estou reconstruindo a minha hist\u00f3ria com foco no meu objetivo, que \u00e9 ter a minha liberdade e a minha casa\u201d, relatou.<\/p>\n<p>Tamb\u00e9m participaram da a\u00e7\u00e3o o N\u00facleo de Direitos Humanos da Defensoria P\u00fablica do Estado (NUDEDH), com orienta\u00e7\u00f5es jur\u00eddicas e encaminhamentos; a Pastoral dos Migrantes, com atendimento a estrangeiros; o Consult\u00f3rio na Rua, com avalia\u00e7\u00f5es e encaminhamentos de sa\u00fade; a EMHA, com servi\u00e7os habitacionais; e a equipe do Cadastro \u00danico, respons\u00e1vel por novos cadastros e atualiza\u00e7\u00f5es de dados.<\/p>\n<\/div>\n<p><script async defer async defer src=\"https:\/\/connect.facebook.net\/en_US\/sdk.js?ver=1#xfbml=1&amp;version=v3.2\" id=\"prefeitura-campogrande-script-facebook-sdk-js\"><\/script><\/p>\n","protected":false},"excerpt":{"rendered":"<p>A Unidade de Acolhimento Institucional para Adultos e Fam\u00edlias (UAIFA 1), no Bairro Jardim Veraneio, realizou um mutir\u00e3o intersetorial para atender a popula\u00e7\u00e3o em situa\u00e7\u00e3o de rua. A a\u00e7\u00e3o, em alus\u00e3o ao Dia Nacional da Luta da Popula\u00e7\u00e3o de Rua, reuniu cinco servi\u00e7os e entidades da rede de prote\u00e7\u00e3o social e atendeu cerca de 80 [&hellip;]<\/p>\n","protected":false},"author":1,"featured_media":0,"comment_status":"","ping_status":"","sticky":false,"template":"","format":"standard","meta":{"footnotes":""},"categories":[],"tags":[],"class_list":["post-54322","post","type-post","status-publish","format-standard","hentry"],"amp_enabled":true,"_links":{"self":[{"href":"https:\/\/novasdodia.com.br\/index.php\/wp-json\/wp\/v2\/posts\/54322","targetHints":{"allow":["GET"]}}],"collection":[{"href":"https:\/\/novasdodia.com.br\/index.php\/wp-json\/wp\/v2\/posts"}],"about":[{"href":"https:\/\/novasdodia.com.br\/index.php\/wp-json\/wp\/v2\/types\/post"}],"author":[{"embeddable":true,"href":"https:\/\/novasdodia.com.br\/index.php\/wp-json\/wp\/v2\/users\/1"}],"replies":[{"embeddable":true,"href":"https:\/\/novasdodia.com.br\/index.php\/wp-json\/wp\/v2\/comments?post=54322"}],"version-history":[{"count":0,"href":"https:\/\/novasdodia.com.br\/index.php\/wp-json\/wp\/v2\/posts\/54322\/revisions"}],"wp:attachment":[{"href":"https:\/\/novasdodia.com.br\/index.php\/wp-json\/wp\/v2\/media?parent=54322"}],"wp:term":[{"taxonomy":"category","embeddable":true,"href":"https:\/\/novasdodia.com.br\/index.php\/wp-json\/wp\/v2\/categories?post=54322"},{"taxonomy":"post_tag","embeddable":true,"href":"https:\/\/novasdodia.com.br\/index.php\/wp-json\/wp\/v2\/tags?post=54322"}],"curies":[{"name":"wp","href":"https:\/\/api.w.org\/{rel}","templated":true}]}}