{"id":54325,"date":"2026-09-01T12:31:34","date_gmt":"2026-09-01T15:31:34","guid":{"rendered":"https:\/\/novasdodia.com.br\/index.php\/2026\/09\/01\/rio-cria-nucleo-integrado-para-combater-furto-e-receptacao-de-cabos-prefeitura-da-cidade-do-rio-de-janeiro\/"},"modified":"2026-09-01T12:31:34","modified_gmt":"2026-09-01T15:31:34","slug":"rio-cria-nucleo-integrado-para-combater-furto-e-receptacao-de-cabos-prefeitura-da-cidade-do-rio-de-janeiro","status":"publish","type":"post","link":"https:\/\/novasdodia.com.br\/index.php\/2026\/09\/01\/rio-cria-nucleo-integrado-para-combater-furto-e-receptacao-de-cabos-prefeitura-da-cidade-do-rio-de-janeiro\/","title":{"rendered":"Rio cria N\u00facleo Integrado para combater furto e recepta\u00e7\u00e3o de cabos &#8211; Prefeitura da Cidade do Rio de Janeiro"},"content":{"rendered":"<p><\/p>\n<div wp_automatic_readability=\"204.25635200297\">\n<div class=\"image-post\" wp_automatic_readability=\"36\">\n                     Estrutura permanente vai reunir Prefeitura, Governo do Estado e concession\u00e1rias para compartilhar intelig\u00eancia, planejar opera\u00e7\u00f5es e fiscalizar tamb\u00e9m os estabelecimentos que compram material furtado                  <\/div>\n<p>A Prefeitura do Rio e o Governo do Estado anunciaram, nesta ter\u00e7a-feira (01\/09), a cria\u00e7\u00e3o do N\u00facleo Integrado de Combate a Furtos e Recepta\u00e7\u00e3o de Cabos, uma estrutura permanente de atua\u00e7\u00e3o conjunta para enfrentar o problema que j\u00e1 provocou preju\u00edzos superiores a R$ 69 milh\u00f5es somente nas redes municipais de ilumina\u00e7\u00e3o p\u00fablica e sinaliza\u00e7\u00e3o semaf\u00f3rica.<\/p>\n<blockquote wp_automatic_readability=\"13\">\n<p>\u2014 Quando a Prefeitura do Rio e o Governo do Estado trabalham em parceria, a gente consegue enfrentar esse tipo de problema que n\u00e3o \u00e9 simples, mas \u00e9 poss\u00edvel de resolver. Por isso hoje publicamos no Di\u00e1rio Oficial a cria\u00e7\u00e3o do N\u00facleo Integrado de Combate a Furtos e Recepta\u00e7\u00e3o de Cabos. Para combater esse tipo de crime, a gente precisa de intelig\u00eancia, e esse esfor\u00e7o operacional vai dar resultado para a popula\u00e7\u00e3o \u2014, disse o prefeito Eduardo Cavaliere.<\/p>\n<\/blockquote>\n<p>Institu\u00eddo por decreto assinado pelo prefeito Eduardo Cavaliere, o N\u00facleo ser\u00e1 coordenado pela Secretaria Municipal de Ordem P\u00fablica (Seop) e reunir\u00e1 informa\u00e7\u00f5es das for\u00e7as de seguran\u00e7a, dos \u00f3rg\u00e3os municipais e das concession\u00e1rias em um \u00fanico ambiente. A estrutura contar\u00e1 com representantes dos \u00f3rg\u00e3os que integram o Sistema de Seguran\u00e7a Municipal, da Rioluz e da CET-Rio.<\/p>\n<blockquote wp_automatic_readability=\"15\">\n<p>\u2014 N\u00f3s estamos integrando todas as bases para colocar intelig\u00eancia e atacar aquilo que causa mais dano \u00e0 opera\u00e7\u00e3o no territ\u00f3rio de uma cidade, que s\u00e3o os furtos dessas estruturas. N\u00e3o estamos s\u00f3 integrando a opera\u00e7\u00e3o, estamos integrando tamb\u00e9m os dados estrat\u00e9gicos. Temos como principais objetivos prevenir o furto, identificar os criminosos e, principalmente, atacar a recepta\u00e7\u00e3o \u2014, disse o secret\u00e1rio de Ordem P\u00fablica, Marcus Belchior.<\/p>\n<\/blockquote>\n<p>Tamb\u00e9m poder\u00e3o participar das reuni\u00f5es, atividades e opera\u00e7\u00f5es representantes das secretarias estaduais de Seguran\u00e7a P\u00fablica, Pol\u00edcia Civil e Pol\u00edcia Militar, do Gabinete de Seguran\u00e7a Institucional do Estado, de concession\u00e1rias de servi\u00e7os p\u00fablicos, empresas de energia e telecomunica\u00e7\u00f5es e outras institui\u00e7\u00f5es relacionadas ao enfrentamento do problema.<\/p>\n<blockquote wp_automatic_readability=\"12\">\n<p>\u2014 Vivemos um momento na Seguran\u00e7a P\u00fablica que demonstra uma verdade que nem sempre foi muito clara: uma institui\u00e7\u00e3o sozinha n\u00e3o consegue resolver o problema da cidade e do estado e da popula\u00e7\u00e3o como um todo. A integra\u00e7\u00e3o dos \u00f3rg\u00e3os municipais e estaduais, falando a mesma linguagem e com os mesmos prop\u00f3sitos, gera resultados positivos e aumenta a sensa\u00e7\u00e3o de seguran\u00e7a. O poder p\u00fablico precisa se ajudar para reverter o quadro que vivemos. Essa uni\u00e3o se torna imperativa \u2014, concluiu Roberto Le\u00e3o, chefe do Gabinete de Seguran\u00e7a Institucional do Governo do Estado.<\/p>\n<\/blockquote>\n<p>O novo n\u00facleo reunir\u00e1 informa\u00e7\u00f5es das for\u00e7as de seguran\u00e7a, dos \u00f3rg\u00e3os municipais e das concession\u00e1rias em um \u00fanico ambiente. O objetivo \u00e9 identificar locais, hor\u00e1rios e padr\u00f5es recorrentes dos furtos, mapear ferros-velhos e estabelecimentos suspeitos de recepta\u00e7\u00e3o, cruzar informa\u00e7\u00f5es sobre ocorr\u00eancias e materiais furtados e produzir intelig\u00eancia para orientar fiscaliza\u00e7\u00f5es, investiga\u00e7\u00f5es e opera\u00e7\u00f5es conjuntas.<\/p>\n<p>A estrat\u00e9gia muda a l\u00f3gica de enfrentamento do problema. Al\u00e9m de atuar nos locais onde os furtos acontecem com maior frequ\u00eancia, as opera\u00e7\u00f5es ter\u00e3o como foco toda a cadeia criminosa, abrangendo o furto, o transporte, o armazenamento, a recepta\u00e7\u00e3o e a comercializa\u00e7\u00e3o dos materiais. A inten\u00e7\u00e3o \u00e9 atingir especialmente os estabelecimentos que compram, armazenam ou comercializam cabos e outros componentes de origem irregular.<\/p>\n<p>O trabalho n\u00e3o ficar\u00e1 restrito aos cabos. A atua\u00e7\u00e3o do N\u00facleo tamb\u00e9m abranger\u00e1 componentes de sem\u00e1foros e da ilumina\u00e7\u00e3o p\u00fablica, equipamentos das redes de energia e telecomunica\u00e7\u00f5es, estruturas dos sistemas de transporte, monitoramento e seguran\u00e7a, al\u00e9m de tampas, grelhas, grades e outros componentes met\u00e1licos da infraestrutura urbana.<\/p>\n<p><strong>A\u00e7\u00f5es orientadas por intelig\u00eancia<\/strong><\/p>\n<p>A CIVITAS Rio ser\u00e1 respons\u00e1vel por gerar os dados de intelig\u00eancia utilizados no planejamento das a\u00e7\u00f5es. O \u00f3rg\u00e3o lidera o Sistema Municipal de Seguran\u00e7a e Intelig\u00eancia, rede pr\u00f3pria da Prefeitura criada para organizar a atividade de intelig\u00eancia municipal voltada \u00e0 seguran\u00e7a p\u00fablica.<\/p>\n<p>Recentemente, a CIVITAS Rio tamb\u00e9m fechou uma parceria com a Light para integrar dados operacionais da concession\u00e1ria ao ambiente de intelig\u00eancia da Prefeitura, incluindo ocorr\u00eancias relacionadas \u00e0 infraestrutura, como interrup\u00e7\u00f5es no fornecimento de energia e viola\u00e7\u00f5es de galerias.<\/p>\n<p>A CET-Rio encaminha mensalmente \u00e0s Pol\u00edcias Civil e Militar relat\u00f3rios com os registros, informa\u00e7\u00f5es que passar\u00e3o a contribuir tamb\u00e9m para o trabalho integrado do novo N\u00facleo, que vai reunir e analisar dados sobre furtos, danos, fiscaliza\u00e7\u00f5es, autua\u00e7\u00f5es, apreens\u00f5es, interdi\u00e7\u00f5es e licenciamento de estabelecimentos que trabalham com sucata e materiais met\u00e1licos. Tamb\u00e9m ser\u00e3o utilizadas informa\u00e7\u00f5es dos sistemas municipais de videomonitoramento e dados legalmente compartilhados pelos \u00f3rg\u00e3os de seguran\u00e7a p\u00fablica e demais participantes.<\/p>\n<p>Todo o tratamento e compartilhamento das informa\u00e7\u00f5es dever\u00e1 respeitar as normas de prote\u00e7\u00e3o de dados pessoais, seguran\u00e7a da informa\u00e7\u00e3o, sigilo e controle de acesso. O decreto tamb\u00e9m permite a celebra\u00e7\u00e3o de acordos de coopera\u00e7\u00e3o, conv\u00eanios e outros instrumentos necess\u00e1rios ao desenvolvimento das a\u00e7\u00f5es.<\/p>\n<p><strong>Prefeitura poder\u00e1 avaliar desapropria\u00e7\u00e3o de im\u00f3veis<\/strong><\/p>\n<p>Nos estabelecimentos irregulares, al\u00e9m das medidas policiais e criminais, poder\u00e3o ser adotadas a\u00e7\u00f5es administrativas, como fiscaliza\u00e7\u00e3o de licen\u00e7as e documentos, verifica\u00e7\u00e3o da origem dos materiais, apreens\u00e3o, interdi\u00e7\u00e3o, aplica\u00e7\u00e3o de san\u00e7\u00f5es e encaminhamento das informa\u00e7\u00f5es aos \u00f3rg\u00e3os respons\u00e1veis pela investiga\u00e7\u00e3o dos crimes.<br \/>Os \u00f3rg\u00e3os municipais acompanhar\u00e3o a situa\u00e7\u00e3o dos locais fiscalizados para impedir a continuidade das atividades irregulares. Dependendo das circunst\u00e2ncias e desde que estejam presentes os requisitos previstos na legisla\u00e7\u00e3o, a Prefeitura tamb\u00e9m poder\u00e1 avaliar a desapropria\u00e7\u00e3o do im\u00f3vel.<\/p>\n<p><strong>N\u00fameros do preju\u00edzo<\/strong><\/p>\n<p>A dimens\u00e3o do problema pode ser observada nos sistemas de ilumina\u00e7\u00e3o p\u00fablica e de sinaliza\u00e7\u00e3o de tr\u00e2nsito. Entre 2021 e 2026, foram registradas 94.824 ocorr\u00eancias relacionadas ao furto de cabos da ilumina\u00e7\u00e3o p\u00fablica, causando aproximadamente R$ 42 milh\u00f5es em preju\u00edzos. No per\u00edodo, foram furtados 1.816 quil\u00f4metros de cabos.<br \/>Na rede semaf\u00f3rica administrada pela CET-Rio, o preju\u00edzo acumulado desde 2021 chega a aproximadamente R$ 27 milh\u00f5es, considerando manuten\u00e7\u00e3o e reposi\u00e7\u00e3o de cabos e controladores. Nesse per\u00edodo, foram furtados 457 quil\u00f4metros de cabos, dist\u00e2ncia semelhante ao percurso rodovi\u00e1rio entre Rio de Janeiro e S\u00e3o Paulo, al\u00e9m de 488 controladores de sinais. Somados, os preju\u00edzos nas redes de ilumina\u00e7\u00e3o p\u00fablica e sem\u00e1foros ultrapassam R$ 69 milh\u00f5es.<\/p>\n<p><strong>Novas medidas para proteger os sem\u00e1foros<\/strong><\/p>\n<p>Como parte da estrat\u00e9gia de enfrentamento aos furtos, a CET-Rio iniciou a substitui\u00e7\u00e3o dos cabos de cobre dos sinais de tr\u00e2nsito por um novo material sem valor comercial. O novo cabeamento tem colora\u00e7\u00e3o laranja e a inscri\u00e7\u00e3o \u201csem valor comercial\u201d, o que facilita a identifica\u00e7\u00e3o e reduz o interesse econ\u00f4mico pelo material. A substitui\u00e7\u00e3o ser\u00e1 realizada gradualmente, de acordo com a necessidade t\u00e9cnica, principalmente ap\u00f3s ocorr\u00eancias de furto e na implanta\u00e7\u00e3o de novos sem\u00e1foros.<\/p>\n<p>Ao todo, nove cruzamentos j\u00e1 foram substitu\u00eddos na Zona Norte da cidade: rua 24 de Maio com a rua S\u00e3o Paulo; rua Fernando Esquerdo com a rua Conde de Azambuja; avenida Marechal Rondon com as ruas Henrique Dias, Marechal Bittencourt e Vitor Meireles; rua S\u00e3o Francisco Xavier com a rua Radialista Waldir Amaral; Boulevard Vinte e Oito de Setembro com rua Felipe Camar\u00e3o; rua Cirne Maia com Rua Getulio e com a travessa de pedestre, pr\u00f3xima \u00e0 rua Tenente Fran\u00e7a.<\/p>\n<p>Entre janeiro e julho de 2026, 455 sinais de tr\u00e2nsito foram afetados por furtos, o equivalente a 14,6% do parque semaf\u00f3rico da cidade. No per\u00edodo, foram registradas 1.633 ocorr\u00eancias, com preju\u00edzo superior a R$ 3,2 milh\u00f5es. A Grande Tijuca, Centro e Grande M\u00e9ier concentraram a maior incid\u00eancia no primeiro semestre deste ano.<\/p>\n<p><strong>Outras a\u00e7\u00f5es<\/strong><\/p>\n<p>Al\u00e9m da utiliza\u00e7\u00e3o do novo cabeamento, a CET-Rio vem adotando diferentes solu\u00e7\u00f5es para dificultar o acesso aos equipamentos e reduzir a reincid\u00eancia dos furtos. Entre as medidas est\u00e3o a soldagem das caixas que abrigam os cabos, instala\u00e7\u00e3o de equipamentos em pontos mais elevados, utiliza\u00e7\u00e3o de garras antifurto e enterramento do cabeamento el\u00e9trico em locais considerados cr\u00edticos.<\/p>\n<p>Na rede de ilumina\u00e7\u00e3o p\u00fablica, a RioLuz v\u00eam adotando medidas como substitui\u00e7\u00e3o de cabeamento por alum\u00ednio, concretagem de caixas de passagem, instala\u00e7\u00e3o de caixas antifurto para projetores, utiliza\u00e7\u00e3o de cabeamento a\u00e9reo na Avenida Brasil e implanta\u00e7\u00e3o de eletrocalhas antifurto no T\u00fanel Noel Rosa.<\/p>\n<p><strong>Light j\u00e1 teve preju\u00edzo de R$10,4 milh\u00f5es em 2026 com roubos<\/strong><\/p>\n<p>A Light \u00e9 uma das concession\u00e1rias com maior preju\u00edzo por conta de furtos de cabos. Somente entre janeiro e julho de 2026, foram registradas 780 ocorr\u00eancias de furtos de cabos na \u00e1rea de concess\u00e3o da Light. S\u00e3o mais de 78 quil\u00f4metros de cabos furtados e preju\u00edzo estimado em aproximadamente R$ 10,4 milh\u00f5es.<\/p>\n<p>Entre 2023 e 2025, a companhia identificou 1.571 ocorr\u00eancias desse tipo, que resultaram no furto de aproximadamente 435 quil\u00f4metros de cabos, preju\u00edzo estimado em R$ 45 milh\u00f5es e impactos no fornecimento de energia para cerca de 255 mil clientes.<\/p>\n<p>Para combater essas a\u00e7\u00f5es, a Light mant\u00e9m parceria com o Disque-Den\u00fancia e refor\u00e7a a import\u00e2ncia da colabora\u00e7\u00e3o da popula\u00e7\u00e3o. Informa\u00e7\u00f5es podem ser repassadas de forma an\u00f4nima pelos telefones (21) 2253-1177 ou 0300-253-1177.<\/p>\n<p>             <!-- Compartilhe ---><\/p>\n<p>\t\t\t <!-- TAGS --><\/p>\n<section class=\"category-tags\">\n<div class=\"marcacao-category\">\n<article class=\"category-post\">\n<p>Categoria: <\/p>\n<\/article>\n<li>1 de setembro de 2026<\/li><\/div>\n<article class=\"tags\">\n\t\t\t\t\tMarca\u00e7\u00f5es: CET-Rio Civitas Furto de cabos n\u00facleo integrado Ordem P\u00fablica recepta\u00e7\u00e3o de cabos rioluz roubo de cabos seop<br \/><\/article>\n<\/section>\n<p>            <!-- Mais Not&iacute;cias --><\/p>\n<p>\t\t<!-- Conte&uacute;do SIDEBAR --><\/p><\/div>\n","protected":false},"excerpt":{"rendered":"<p>Estrutura permanente vai reunir Prefeitura, Governo do Estado e concession\u00e1rias para compartilhar intelig\u00eancia, planejar opera\u00e7\u00f5es e fiscalizar tamb\u00e9m os estabelecimentos que compram material furtado A Prefeitura do Rio e o Governo do Estado anunciaram, nesta ter\u00e7a-feira (01\/09), a cria\u00e7\u00e3o do N\u00facleo Integrado de Combate a Furtos e Recepta\u00e7\u00e3o de Cabos, uma estrutura permanente de atua\u00e7\u00e3o [&hellip;]<\/p>\n","protected":false},"author":1,"featured_media":0,"comment_status":"","ping_status":"","sticky":false,"template":"","format":"standard","meta":{"footnotes":""},"categories":[1],"tags":[],"class_list":["post-54325","post","type-post","status-publish","format-standard","hentry","category-noticias"],"amp_enabled":true,"_links":{"self":[{"href":"https:\/\/novasdodia.com.br\/index.php\/wp-json\/wp\/v2\/posts\/54325","targetHints":{"allow":["GET"]}}],"collection":[{"href":"https:\/\/novasdodia.com.br\/index.php\/wp-json\/wp\/v2\/posts"}],"about":[{"href":"https:\/\/novasdodia.com.br\/index.php\/wp-json\/wp\/v2\/types\/post"}],"author":[{"embeddable":true,"href":"https:\/\/novasdodia.com.br\/index.php\/wp-json\/wp\/v2\/users\/1"}],"replies":[{"embeddable":true,"href":"https:\/\/novasdodia.com.br\/index.php\/wp-json\/wp\/v2\/comments?post=54325"}],"version-history":[{"count":0,"href":"https:\/\/novasdodia.com.br\/index.php\/wp-json\/wp\/v2\/posts\/54325\/revisions"}],"wp:attachment":[{"href":"https:\/\/novasdodia.com.br\/index.php\/wp-json\/wp\/v2\/media?parent=54325"}],"wp:term":[{"taxonomy":"category","embeddable":true,"href":"https:\/\/novasdodia.com.br\/index.php\/wp-json\/wp\/v2\/categories?post=54325"},{"taxonomy":"post_tag","embeddable":true,"href":"https:\/\/novasdodia.com.br\/index.php\/wp-json\/wp\/v2\/tags?post=54325"}],"curies":[{"name":"wp","href":"https:\/\/api.w.org\/{rel}","templated":true}]}}