{"id":54326,"date":"2026-09-01T12:35:50","date_gmt":"2026-09-01T15:35:50","guid":{"rendered":"https:\/\/novasdodia.com.br\/index.php\/2026\/09\/01\/prefcg-amplia-rua-lino-villacha-e-facilita-acesso-ao-nova-lima-cgnoticias\/"},"modified":"2026-09-01T12:35:50","modified_gmt":"2026-09-01T15:35:50","slug":"prefcg-amplia-rua-lino-villacha-e-facilita-acesso-ao-nova-lima-cgnoticias","status":"publish","type":"post","link":"https:\/\/novasdodia.com.br\/index.php\/2026\/09\/01\/prefcg-amplia-rua-lino-villacha-e-facilita-acesso-ao-nova-lima-cgnoticias\/","title":{"rendered":"PrefCG\u00a0amplia Rua Lino\u00a0Villach\u00e1\u00a0e\u00a0facilita acesso ao Nova Lima\u00a0 \u2013 CGNot\u00edcias"},"content":{"rendered":"<p><\/p>\n<div>\n<p>A Prefeitura de Campo Grande est\u00e1 investindo no alargamento da Rua Lino\u00a0Villach\u00e1,\u00a0uma importante\u00a0via do Nova Lima. Os servi\u00e7os come\u00e7aram na semana passada e fazem parte das obras previstas para a Etapa D do bairro, com previs\u00e3o de conclus\u00e3o at\u00e9 o final de setembro.\u00a0<\/p>\n<p>A\u00a0via\u00a0liga a Avenida Coronel Antonino \u00e0 entrada do Hospital S\u00e3o Juli\u00e3o e tem papel importante na\u00a0conex\u00e3o\u00a0entre diferentes pontos da regi\u00e3o. O projeto prev\u00ea a amplia\u00e7\u00e3o da pista para melhorar o fluxo de ve\u00edculos e oferecer mais espa\u00e7o para quem utiliza o trecho diariamente.\u00a0<\/p>\n<p>Para a prefeita Adriane Lopes, a obra atende uma necessidade de quem vive e circula pelo bairro.\u00a0\u201cEstamos fazendo uma melhoria importante em uma via que tem um movimento grande no Nova Lima. O alargamento vai trazer mais espa\u00e7o para os ve\u00edculos e melhorar o dia a dia de quem mora, trabalha ou passa pela regi\u00e3o.\u201d, afirmou.\u00a0<\/p>\n<p>A melhoria complementa a estrutura j\u00e1 implantada no Nova Lima. Todas as vias previstas no projeto do bairro j\u00e1 foram pavimentadas e,\u00a0somente\u00a0nesta\u00a0etapa, foram investidos R$ 15,5 milh\u00f5es.\u00a0<\/p>\n<p>A obra faz parte dos investimentos da Prefeitura para melhorar a infraestrutura e levar mais qualidade de vida \u00e0 popula\u00e7\u00e3o.\u00a0<\/p>\n<p><em>#PraTodosVerem: A imagem mostra m\u00e1quinas na pista ampliando a Rua Lino Vilach\u00e1<\/em><\/p>\n<\/div>\n<p><script async defer async defer src=\"https:\/\/connect.facebook.net\/en_US\/sdk.js?ver=1#xfbml=1&amp;version=v3.2\" id=\"prefeitura-campogrande-script-facebook-sdk-js\"><\/script><\/p>\n","protected":false},"excerpt":{"rendered":"<p>A Prefeitura de Campo Grande est\u00e1 investindo no alargamento da Rua Lino\u00a0Villach\u00e1,\u00a0uma importante\u00a0via do Nova Lima. Os servi\u00e7os come\u00e7aram na semana passada e fazem parte das obras previstas para a Etapa D do bairro, com previs\u00e3o de conclus\u00e3o at\u00e9 o final de setembro.\u00a0 A\u00a0via\u00a0liga a Avenida Coronel Antonino \u00e0 entrada do Hospital S\u00e3o Juli\u00e3o e [&hellip;]<\/p>\n","protected":false},"author":1,"featured_media":0,"comment_status":"","ping_status":"","sticky":false,"template":"","format":"standard","meta":{"footnotes":""},"categories":[],"tags":[],"class_list":["post-54326","post","type-post","status-publish","format-standard","hentry"],"amp_enabled":true,"_links":{"self":[{"href":"https:\/\/novasdodia.com.br\/index.php\/wp-json\/wp\/v2\/posts\/54326","targetHints":{"allow":["GET"]}}],"collection":[{"href":"https:\/\/novasdodia.com.br\/index.php\/wp-json\/wp\/v2\/posts"}],"about":[{"href":"https:\/\/novasdodia.com.br\/index.php\/wp-json\/wp\/v2\/types\/post"}],"author":[{"embeddable":true,"href":"https:\/\/novasdodia.com.br\/index.php\/wp-json\/wp\/v2\/users\/1"}],"replies":[{"embeddable":true,"href":"https:\/\/novasdodia.com.br\/index.php\/wp-json\/wp\/v2\/comments?post=54326"}],"version-history":[{"count":0,"href":"https:\/\/novasdodia.com.br\/index.php\/wp-json\/wp\/v2\/posts\/54326\/revisions"}],"wp:attachment":[{"href":"https:\/\/novasdodia.com.br\/index.php\/wp-json\/wp\/v2\/media?parent=54326"}],"wp:term":[{"taxonomy":"category","embeddable":true,"href":"https:\/\/novasdodia.com.br\/index.php\/wp-json\/wp\/v2\/categories?post=54326"},{"taxonomy":"post_tag","embeddable":true,"href":"https:\/\/novasdodia.com.br\/index.php\/wp-json\/wp\/v2\/tags?post=54326"}],"curies":[{"name":"wp","href":"https:\/\/api.w.org\/{rel}","templated":true}]}}