{"id":54329,"date":"2026-09-01T13:59:37","date_gmt":"2026-09-01T16:59:37","guid":{"rendered":"https:\/\/novasdodia.com.br\/index.php\/2026\/09\/01\/semu-abre-inscricoes-para-curso-de-requeijao-de-copo-cgnoticias\/"},"modified":"2026-09-01T13:59:37","modified_gmt":"2026-09-01T16:59:37","slug":"semu-abre-inscricoes-para-curso-de-requeijao-de-copo-cgnoticias","status":"publish","type":"post","link":"https:\/\/novasdodia.com.br\/index.php\/2026\/09\/01\/semu-abre-inscricoes-para-curso-de-requeijao-de-copo-cgnoticias\/","title":{"rendered":"Semu\u00a0abre inscri\u00e7\u00f5es para curso de Requeij\u00e3o de Copo\u00a0 \u2013 CGNot\u00edcias"},"content":{"rendered":"<p><\/p>\n<div>\n<p>A Prefeitura de Campo Grande, por meio da Secretaria Executiva da Mulher (Semu), est\u00e1 com inscri\u00e7\u00f5es abertas para o Curso de Requeij\u00e3o de Copo, que ser\u00e1 realizado nos dias 15 e 16 de setembro, das 14h \u00e0s 17h, na Casa da Sopa, no Jardim\u00a0In\u00e1polis.\u00a0<\/p>\n<p>A capacita\u00e7\u00e3o busca oferecer conhecimento pr\u00e1tico que pode ser utilizado tanto como atividade manual quanto como oportunidade de gera\u00e7\u00e3o de renda.\u00a0<\/p>\n<p>Durante o curso, as participantes poder\u00e3o aprender t\u00e9cnicas de produ\u00e7\u00e3o de requeij\u00e3o e adquirir uma habilidade que pode contribuir para a renda familiar. O conhecimento tamb\u00e9m pode ser o primeiro passo para quem deseja transformar a produ\u00e7\u00e3o de alimentos em uma pequena atividade empreendedora.\u00a0<\/p>\n<p>Al\u00e9m de estimular o aprendizado e a criatividade, a iniciativa promove autonomia e amplia as possibilidades de qualifica\u00e7\u00e3o e gera\u00e7\u00e3o de renda para as mulheres.\u00a0<\/p>\n<p><strong>Servi\u00e7o<\/strong>\u00a0<\/p>\n<p>Curso de Requeij\u00e3o de Copo\u00a0<br \/>Data: 15 e 16 de setembro\u00a0<br \/>Hor\u00e1rio: 14h \u00e0s 17h\u00a0<br \/>Local: \u00a0Casa da Sopa \u2013\u00a0Rua Granito, 55, Jardim In\u00e1polis\u00a0<br \/>Inscri\u00e7\u00f5es: WhatsApp \u2013 67 981317879\u00a0<\/p>\n<p><em>#PraTodosVerem: A imagem mostra o requeij\u00e3o sendo colocado na forma<\/em><\/p>\n<\/div>\n<p><script async defer async defer src=\"https:\/\/connect.facebook.net\/en_US\/sdk.js?ver=1#xfbml=1&amp;version=v3.2\" id=\"prefeitura-campogrande-script-facebook-sdk-js\"><\/script><\/p>\n","protected":false},"excerpt":{"rendered":"<p>A Prefeitura de Campo Grande, por meio da Secretaria Executiva da Mulher (Semu), est\u00e1 com inscri\u00e7\u00f5es abertas para o Curso de Requeij\u00e3o de Copo, que ser\u00e1 realizado nos dias 15 e 16 de setembro, das 14h \u00e0s 17h, na Casa da Sopa, no Jardim\u00a0In\u00e1polis.\u00a0 A capacita\u00e7\u00e3o busca oferecer conhecimento pr\u00e1tico que pode ser utilizado tanto [&hellip;]<\/p>\n","protected":false},"author":1,"featured_media":0,"comment_status":"","ping_status":"","sticky":false,"template":"","format":"standard","meta":{"footnotes":""},"categories":[],"tags":[],"class_list":["post-54329","post","type-post","status-publish","format-standard","hentry"],"amp_enabled":true,"_links":{"self":[{"href":"https:\/\/novasdodia.com.br\/index.php\/wp-json\/wp\/v2\/posts\/54329","targetHints":{"allow":["GET"]}}],"collection":[{"href":"https:\/\/novasdodia.com.br\/index.php\/wp-json\/wp\/v2\/posts"}],"about":[{"href":"https:\/\/novasdodia.com.br\/index.php\/wp-json\/wp\/v2\/types\/post"}],"author":[{"embeddable":true,"href":"https:\/\/novasdodia.com.br\/index.php\/wp-json\/wp\/v2\/users\/1"}],"replies":[{"embeddable":true,"href":"https:\/\/novasdodia.com.br\/index.php\/wp-json\/wp\/v2\/comments?post=54329"}],"version-history":[{"count":0,"href":"https:\/\/novasdodia.com.br\/index.php\/wp-json\/wp\/v2\/posts\/54329\/revisions"}],"wp:attachment":[{"href":"https:\/\/novasdodia.com.br\/index.php\/wp-json\/wp\/v2\/media?parent=54329"}],"wp:term":[{"taxonomy":"category","embeddable":true,"href":"https:\/\/novasdodia.com.br\/index.php\/wp-json\/wp\/v2\/categories?post=54329"},{"taxonomy":"post_tag","embeddable":true,"href":"https:\/\/novasdodia.com.br\/index.php\/wp-json\/wp\/v2\/tags?post=54329"}],"curies":[{"name":"wp","href":"https:\/\/api.w.org\/{rel}","templated":true}]}}