{"id":54342,"date":"2026-09-01T19:31:41","date_gmt":"2026-09-01T22:31:41","guid":{"rendered":"https:\/\/novasdodia.com.br\/index.php\/2026\/09\/01\/prefeitura-de-joao-pessoa-realiza-encontro-com-novos-especialistas-concursados-reforcando-a-rede-municipal-de-ensino\/"},"modified":"2026-09-01T19:31:41","modified_gmt":"2026-09-01T22:31:41","slug":"prefeitura-de-joao-pessoa-realiza-encontro-com-novos-especialistas-concursados-reforcando-a-rede-municipal-de-ensino","status":"publish","type":"post","link":"https:\/\/novasdodia.com.br\/index.php\/2026\/09\/01\/prefeitura-de-joao-pessoa-realiza-encontro-com-novos-especialistas-concursados-reforcando-a-rede-municipal-de-ensino\/","title":{"rendered":"Prefeitura de Jo\u00e3o Pessoa realiza encontro com novos especialistas concursados, refor\u00e7ando a Rede Municipal de Ensino"},"content":{"rendered":"<p><\/p>\n<div id=\"texto\">\n<p>A Secretaria de Educa\u00e7\u00e3o e Cultura de Jo\u00e3o Pessoa (Sedec) promoveu, nesta ter\u00e7a-feira (1\u00ba), um encontro formativo para acolher os novos profissionais \u2013 assistentes sociais, pedagogos e psic\u00f3logos \u2013 aprovados no \u00faltimo concurso p\u00fablico promovido pela Prefeitura. O encontro aconteceu na Escola de Forma\u00e7\u00e3o, no bairro Expedicion\u00e1rios, e foi pautado na escuta ativa e na apresenta\u00e7\u00e3o do organograma e dos referenciais legais da Rede Municipal, abrindo um canal direto para que os profissionais apresentassem suas principais demandas de atua\u00e7\u00e3o.<\/p>\n<p>As reivindica\u00e7\u00f5es e percep\u00e7\u00f5es do grupo foram acompanhadas de perto pela secret\u00e1ria de Educa\u00e7\u00e3o, Am\u00e9rica Castro; e pela secret\u00e1ria executiva, Luciana Dias. Ambas ouviram atentamente os novos servidores ao lado da equipe da Diretoria de Ensino, Gest\u00e3o e Escola de Forma\u00e7\u00e3o (Degef). \u201cA chegada desses novos profissionais fortalece a nossa rede e amplia o compromisso com uma educa\u00e7\u00e3o p\u00fablica cada vez mais inclusiva, acolhedora e de qualidade. Foi um encontro muito especial com os novos especialistas da nossa Rede Municipal de Ensino. Juntos, vamos transformar desafios em oportunidades e fazer cada vez mais pela educa\u00e7\u00e3o e pelos nossos estudantes\u201d, ressaltou Am\u00e9rica Castro.<\/p>\n<p>Durante a programa\u00e7\u00e3o, as representantes da Se\u00e7\u00e3o de Apoio aos Especialistas da Sedec, a pedagoga Neomisia Pires, a psic\u00f3loga Ana Rog\u00e9lia Duarte e a assistente social Almira Almeida, apresentaram as a\u00e7\u00f5es cont\u00ednuas de fortalecimento voltadas a este grupo. Elas tamb\u00e9m detalharam as diretrizes para a atua\u00e7\u00e3o profissional dos especialistas da Rede Municipal de Jo\u00e3o Pessoa.<\/p>\n<figure class=\"wp-block-gallery has-nested-images columns-default is-cropped wp-block-gallery-1 is-layout-flex wp-block-gallery-is-layout-flex\">\n<figure class=\"wp-block-image size-large\"><\/figure>\n<\/figure>\n<p><strong>Foco no processo de ensino-aprendizagem \u2013<\/strong> Outro momento central do encontro foi conduzido pela diretora do Departamento de Educa\u00e7\u00e3o Infantil, professora doutora Maria Sonaly Machado de Lima, e a equipe do Departamento de Ensino Fundamental (DEF), juntamente com a diretora Cl\u00e1udia Duarte, que apresentaram as diretrizes pedag\u00f3gicas, os documentos norteadores e os mais recentes indicadores educacionais do Munic\u00edpio.<\/p>\n<p>Diante do panorama apresentado, os novos especialistas manifestaram o desejo de aprofundar o conhecimento sobre as ferramentas locais e os sistemas de avalia\u00e7\u00e3o interna e externa adotados pela rede, incluindo a an\u00e1lise de dados do SAEV, SIAVE e CAED. O objetivo do grupo \u00e9 alinhar o suporte psicossocial e pedag\u00f3gico diretamente ao foco central das unidades de ensino: o desenvolvimento e a aprendizagem dos estudantes.<\/p>\n<figure class=\"wp-block-gallery has-nested-images columns-default is-cropped wp-block-gallery-2 is-layout-flex wp-block-gallery-is-layout-flex\">\n<figure class=\"wp-block-image size-large\"><\/figure>\n<\/figure>\n<p><strong>Diagn\u00f3stico <\/strong>\u2013 Durante o encontro, um levantamento mapeou as principais necessidades formativas da equipe t\u00e9cnica para subsidiar as pr\u00f3ximas a\u00e7\u00f5es da Sedec. O diagn\u00f3stico revelou que 35% das men\u00e7\u00f5es se concentraram no eixo de processos de trabalho, fluxos e pr\u00e1ticas coletivas. A apropria\u00e7\u00e3o de diretrizes pedag\u00f3gicas, documentos norteadores e avalia\u00e7\u00e3o somaram 27% das respostas, seguida pelas demandas de atribui\u00e7\u00f5es, especificidades e identidade profissional (21%), que destacaram o combate ao desvio de fun\u00e7\u00e3o.<\/p>\n<p>Por fim, o eixo de acolhimento, conviv\u00eancia e sa\u00fade mental representou 17% das demandas apresentadas pelos novos servidores. \u201cAo t\u00e9rmino da plen\u00e1ria, os profissionais elogiaram o formato do encontro formativo. Eles destacaram que a abertura de espa\u00e7os voltados \u00e0 escuta e \u00e0 contextualiza\u00e7\u00e3o dos programas da Sedec \u00e9 fundamental para integrar e fortalecer a equipe t\u00e9cnica que acaba de ingressar no Munic\u00edpio\u201d, afirmou a diretora do DEF, Claudia Duarte.<\/p>\n<p><strong>Pr\u00f3ximas capacita\u00e7\u00f5es<\/strong> \u2013 O diagn\u00f3stico gerado a partir do encontro sinaliza para a gest\u00e3o municipal a import\u00e2ncia de investir em forma\u00e7\u00f5es continuadas din\u00e2micas. Mais do que apresentar a teoria curricular, as pr\u00f3ximas capacita\u00e7\u00f5es devem oferecer ferramentas pr\u00e1ticas e coletivas, preparando os especialistas para estruturar rotinas eficientes e combater desvios de fun\u00e7\u00e3o no dia a dia das escolas.<\/p>\n<\/p><\/div>\n","protected":false},"excerpt":{"rendered":"<p>A Secretaria de Educa\u00e7\u00e3o e Cultura de Jo\u00e3o Pessoa (Sedec) promoveu, nesta ter\u00e7a-feira (1\u00ba), um encontro formativo para acolher os novos profissionais \u2013 assistentes sociais, pedagogos e psic\u00f3logos \u2013 aprovados no \u00faltimo concurso p\u00fablico promovido pela Prefeitura. O encontro aconteceu na Escola de Forma\u00e7\u00e3o, no bairro Expedicion\u00e1rios, e foi pautado na escuta ativa e na [&hellip;]<\/p>\n","protected":false},"author":1,"featured_media":0,"comment_status":"","ping_status":"","sticky":false,"template":"","format":"standard","meta":{"footnotes":""},"categories":[1],"tags":[],"class_list":["post-54342","post","type-post","status-publish","format-standard","hentry","category-noticias"],"amp_enabled":true,"_links":{"self":[{"href":"https:\/\/novasdodia.com.br\/index.php\/wp-json\/wp\/v2\/posts\/54342","targetHints":{"allow":["GET"]}}],"collection":[{"href":"https:\/\/novasdodia.com.br\/index.php\/wp-json\/wp\/v2\/posts"}],"about":[{"href":"https:\/\/novasdodia.com.br\/index.php\/wp-json\/wp\/v2\/types\/post"}],"author":[{"embeddable":true,"href":"https:\/\/novasdodia.com.br\/index.php\/wp-json\/wp\/v2\/users\/1"}],"replies":[{"embeddable":true,"href":"https:\/\/novasdodia.com.br\/index.php\/wp-json\/wp\/v2\/comments?post=54342"}],"version-history":[{"count":0,"href":"https:\/\/novasdodia.com.br\/index.php\/wp-json\/wp\/v2\/posts\/54342\/revisions"}],"wp:attachment":[{"href":"https:\/\/novasdodia.com.br\/index.php\/wp-json\/wp\/v2\/media?parent=54342"}],"wp:term":[{"taxonomy":"category","embeddable":true,"href":"https:\/\/novasdodia.com.br\/index.php\/wp-json\/wp\/v2\/categories?post=54342"},{"taxonomy":"post_tag","embeddable":true,"href":"https:\/\/novasdodia.com.br\/index.php\/wp-json\/wp\/v2\/tags?post=54342"}],"curies":[{"name":"wp","href":"https:\/\/api.w.org\/{rel}","templated":true}]}}