{"id":54350,"date":"2026-09-02T01:49:34","date_gmt":"2026-09-02T04:49:34","guid":{"rendered":"https:\/\/novasdodia.com.br\/index.php\/2026\/09\/02\/teleferico-da-providencia-atinge-a-marca-de-4-milhoes-de-passageiros-apos-retomada-da-operacao-prefeitura-da-cidade-do-rio-de-janeiro\/"},"modified":"2026-09-02T01:49:34","modified_gmt":"2026-09-02T04:49:34","slug":"teleferico-da-providencia-atinge-a-marca-de-4-milhoes-de-passageiros-apos-retomada-da-operacao-prefeitura-da-cidade-do-rio-de-janeiro","status":"publish","type":"post","link":"https:\/\/novasdodia.com.br\/index.php\/2026\/09\/02\/teleferico-da-providencia-atinge-a-marca-de-4-milhoes-de-passageiros-apos-retomada-da-operacao-prefeitura-da-cidade-do-rio-de-janeiro\/","title":{"rendered":"Telef\u00e9rico da Provid\u00eancia atinge a marca de 4 milh\u00f5es de passageiros ap\u00f3s retomada da opera\u00e7\u00e3o &#8211; Prefeitura da Cidade do Rio de Janeiro"},"content":{"rendered":"<p><\/p>\n<div id=\"main\">\n<div class=\"wrapper-breadcrumbs\" wp_automatic_readability=\"32.417336595596\">\n<div class=\"image-post\" wp_automatic_readability=\"34\">\n                     O modal \u00e9 gerido pelo Cons\u00f3rcio Rio Provid\u00eancia, com investimentos da Prefeitura. Foto: Divulga\u00e7\u00e3o\/CCPAR                  <\/div>\n<p>O Telef\u00e9rico da Provid\u00eancia atingiu, nesta ter\u00e7a-feira, dia 1\u00ba de setembro, a marca de 4 milh\u00f5es de passageiros transportados desde a retomada da opera\u00e7\u00e3o integral, em 9 de fevereiro de 2025. O transporte municipal, que \u00e9 gratuito para os moradores do Morro da Provid\u00eancia e visitantes, tamb\u00e9m registrou o recorde de 12.645 de usu\u00e1rios em um \u00fanico dia, em 5 de junho deste ano. As marcas refor\u00e7am a import\u00e2ncia desse transporte como alternativa para os moradores da regi\u00e3o, facilitando o deslocamento e o acesso ao Centro. O modal \u00e9 gerido pelo Cons\u00f3rcio Rio Provid\u00eancia, com investimentos da Prefeitura do Rio e gest\u00e3o e fiscaliza\u00e7\u00e3o do contrato de concess\u00e3o realizados pela Companhia Carioca de Parcerias e Investimentos (CCPar).<\/p>\n<blockquote wp_automatic_readability=\"18\">\n<p>\u2013 Alcan\u00e7amos uma marca relevante em t\u00e3o pouco tempo porque \u00e9 um transporte gratuito, que funciona todos os dias da semana, inclusive domingos e feriados, e em hor\u00e1rios estendidos nos dias \u00fateis. Entrou na rotina do morador, facilitando seu deslocamento e dando mais qualidade de vida a quem precisa trabalhar, estudar e \u00e0queles que t\u00eam dificuldade de locomo\u00e7\u00e3o, al\u00e9m de ter ampliado o acesso aos visitantes. \u00c9 uma demonstra\u00e7\u00e3o de que investimentos em infraestrutura e parcerias podem gerar resultados concretos para a cidade e, principalmente, para quem utiliza o transporte p\u00fablico diariamente -, afirmou o secret\u00e1rio municipal de Desenvolvimento Econ\u00f4mico, Osmar Lima.<\/p>\n<\/blockquote>\n<p>\u00a0<\/p>\n<p><strong>Hist\u00f3rico <\/strong><\/p>\n<p>Inaugurado em julho de 2014, o Telef\u00e9rico da Provid\u00eancia foi constru\u00eddo no \u00e2mbito do programa Morar Carioca, com investimento de R$ 75 milh\u00f5es, por meio do Programa de Acelera\u00e7\u00e3o do Crescimento (PAC). O servi\u00e7o foi interrompido em 2017 e passou por um amplo processo de recupera\u00e7\u00e3o, iniciado em 2021 e coordenado pela CCPar. As obras de moderniza\u00e7\u00e3o inclu\u00edram a reforma das tr\u00eas esta\u00e7\u00f5es, a recupera\u00e7\u00e3o das torres met\u00e1licas e a atualiza\u00e7\u00e3o do sistema eletromec\u00e2nico. Ao todo, a Prefeitura do Rio investiu R$ 42 milh\u00f5es na recupera\u00e7\u00e3o e moderniza\u00e7\u00e3o do equipamento.<\/p>\n<p>             <!-- Compartilhe ---><\/p>\n<p>\t\t\t <!-- TAGS --><\/p>\n<section class=\"category-tags\">\n<div class=\"marcacao-category\">\n<article class=\"category-post\">\n<p>Categoria: <\/p>\n<\/article>\n<li>1 de setembro de 2026<\/li><\/div>\n<article class=\"tags\">\n\t\t\t\t\tMarca\u00e7\u00f5es: Acelera\u00e7\u00e3o do Crescimento (PAC) morro da provid\u00eancia programa morar carioca Telef\u00e9rico da Provid\u00eancia<br \/><\/article>\n<\/section>\n<p>            <!-- Mais Not&iacute;cias --><\/p>\n<p>\t\t<!-- Conte&uacute;do SIDEBAR --><\/p><\/div>\n<\/p><\/div>\n","protected":false},"excerpt":{"rendered":"<p>O modal \u00e9 gerido pelo Cons\u00f3rcio Rio Provid\u00eancia, com investimentos da Prefeitura. Foto: Divulga\u00e7\u00e3o\/CCPAR O Telef\u00e9rico da Provid\u00eancia atingiu, nesta ter\u00e7a-feira, dia 1\u00ba de setembro, a marca de 4 milh\u00f5es de passageiros transportados desde a retomada da opera\u00e7\u00e3o integral, em 9 de fevereiro de 2025. O transporte municipal, que \u00e9 gratuito para os moradores do [&hellip;]<\/p>\n","protected":false},"author":1,"featured_media":0,"comment_status":"","ping_status":"","sticky":false,"template":"","format":"standard","meta":{"footnotes":""},"categories":[1],"tags":[],"class_list":["post-54350","post","type-post","status-publish","format-standard","hentry","category-noticias"],"amp_enabled":true,"_links":{"self":[{"href":"https:\/\/novasdodia.com.br\/index.php\/wp-json\/wp\/v2\/posts\/54350","targetHints":{"allow":["GET"]}}],"collection":[{"href":"https:\/\/novasdodia.com.br\/index.php\/wp-json\/wp\/v2\/posts"}],"about":[{"href":"https:\/\/novasdodia.com.br\/index.php\/wp-json\/wp\/v2\/types\/post"}],"author":[{"embeddable":true,"href":"https:\/\/novasdodia.com.br\/index.php\/wp-json\/wp\/v2\/users\/1"}],"replies":[{"embeddable":true,"href":"https:\/\/novasdodia.com.br\/index.php\/wp-json\/wp\/v2\/comments?post=54350"}],"version-history":[{"count":0,"href":"https:\/\/novasdodia.com.br\/index.php\/wp-json\/wp\/v2\/posts\/54350\/revisions"}],"wp:attachment":[{"href":"https:\/\/novasdodia.com.br\/index.php\/wp-json\/wp\/v2\/media?parent=54350"}],"wp:term":[{"taxonomy":"category","embeddable":true,"href":"https:\/\/novasdodia.com.br\/index.php\/wp-json\/wp\/v2\/categories?post=54350"},{"taxonomy":"post_tag","embeddable":true,"href":"https:\/\/novasdodia.com.br\/index.php\/wp-json\/wp\/v2\/tags?post=54350"}],"curies":[{"name":"wp","href":"https:\/\/api.w.org\/{rel}","templated":true}]}}