{"id":54352,"date":"2026-09-02T03:55:41","date_gmt":"2026-09-02T06:55:41","guid":{"rendered":"https:\/\/novasdodia.com.br\/index.php\/2026\/09\/02\/semhab-promove-palestra-para-servidores-marcando-a-abertura-da-campanha-setembro-amarelo\/"},"modified":"2026-09-02T03:55:41","modified_gmt":"2026-09-02T06:55:41","slug":"semhab-promove-palestra-para-servidores-marcando-a-abertura-da-campanha-setembro-amarelo","status":"publish","type":"post","link":"https:\/\/novasdodia.com.br\/index.php\/2026\/09\/02\/semhab-promove-palestra-para-servidores-marcando-a-abertura-da-campanha-setembro-amarelo\/","title":{"rendered":"Semhab promove palestra para servidores marcando a abertura da campanha Setembro Amarelo"},"content":{"rendered":"<p><\/p>\n<div id=\"texto\">\n<p>\u00c9 preciso cuidar de quem cuida. Foi com esse prop\u00f3sito que a Secretaria de Habita\u00e7\u00e3o\u00a0da Prefeitura de Jo\u00e3o Pessoa promoveu, nesta ter\u00e7a-feira (1\u00ba), uma palestra para marcar a abertura do Setembro Amarelo, m\u00eas dedicado a campanha de conscientiza\u00e7\u00e3o sobre a sa\u00fade mental e o combate ao suic\u00eddio. A palestra teve como p\u00fablico-alvo os servidores da pr\u00f3pria Semhab, proporcionando a eles uma melhor compreens\u00e3o sobre as limita\u00e7\u00f5es pessoais que enfrentam no dia a dia e no desempenho profissional.<\/p>\n<figure class=\"wp-block-gallery has-nested-images columns-default is-cropped wp-block-gallery-1 is-layout-flex wp-block-gallery-is-layout-flex\">\n<figure class=\"wp-block-image size-large\"><\/figure>\n<figure class=\"wp-block-image size-large\"><\/figure>\n<\/figure>\n<p>\u201cO bem-estar de nossos colaboradores \u00e9 fundamental para o bom desempenho da Secretaria. Por isso, aproveitamos a campanha do Setembro Amarelo para fazer uma reflex\u00e3o sobre como est\u00e1 o lado psicol\u00f3gico de cada um, j\u00e1 que \u00e0s vezes a pessoa est\u00e1 precisando de uma ajuda, uma orienta\u00e7\u00e3o, e n\u00e3o sabe a quem deve procurar\u201d, afirmou a secret\u00e1ria de Habita\u00e7\u00e3o, Socorro Gadelha.<\/p>\n<p>O secret\u00e1rio Executivo de Habita\u00e7\u00e3o, Beto Pirulito, ressaltou que trabalhar o lado psicol\u00f3gico dos servidores \u00e9 promover a humaniza\u00e7\u00e3o dentro da Semhab e, assim, oferecer um servi\u00e7o de qualidade e humanizado ao p\u00fablico que procura a Prefeitura.\u00a0\u201cO nosso trabalho aqui na Semhab \u00e9 acima de tudo promover a humaniza\u00e7\u00e3o no atendimento \u00e0s pessoas. Mas para chegar ao objetivo desejado e cumprir a orienta\u00e7\u00e3o do prefeito Leo Bezerra, n\u00f3s precisamos cuidar dos nossos servidores\u201d, frisou.<\/p>\n<p><strong>Palestra <\/strong>\u2013 A palestra foi ministrada pela psic\u00f3loga Jeanne Maria Vit\u00f3rio, que destacou a import\u00e2ncia de se debater o tema, lembrando que o desequil\u00edbrio da sa\u00fade mental pode levar a depress\u00e3o e at\u00e9 o suic\u00eddio. \u201c\u00c9 preciso que tenhamos um olhar cl\u00ednico sobre nossos amigos e ajud\u00e1-los a superar uma dificuldade que ele esteja enfrentando. Por isso precisamos saber como abordar e chegar perto do colega para oferecer ajuda\u201d, comentou.<\/p>\n<p>A diretora da equipe t\u00e9cnica e social da Semhab, Regina Franca, disse que \u00e9 muito importante cuidar da sa\u00fade mental dos servidores, o que vai resultar numa presta\u00e7\u00e3o de servi\u00e7o mais eficiente. \u201cA palestra foi pensada para cuidar dos colegas que trabalham cuidando e atendendo as pessoas que chegam \u00e0 Secretaria com uma carga emocional elevada, depressivas, com problemas financeiros. N\u00f3s temos que encontrar uma solu\u00e7\u00e3o para os problemas delas, porque o servi\u00e7o social \u00e9 quem lida com o p\u00fablico, geralmente pessoas com diversos tipos de problemas\u201d, observou.<\/p>\n<\/p><\/div>\n","protected":false},"excerpt":{"rendered":"<p>\u00c9 preciso cuidar de quem cuida. Foi com esse prop\u00f3sito que a Secretaria de Habita\u00e7\u00e3o\u00a0da Prefeitura de Jo\u00e3o Pessoa promoveu, nesta ter\u00e7a-feira (1\u00ba), uma palestra para marcar a abertura do Setembro Amarelo, m\u00eas dedicado a campanha de conscientiza\u00e7\u00e3o sobre a sa\u00fade mental e o combate ao suic\u00eddio. A palestra teve como p\u00fablico-alvo os servidores da [&hellip;]<\/p>\n","protected":false},"author":1,"featured_media":0,"comment_status":"","ping_status":"","sticky":false,"template":"","format":"standard","meta":{"footnotes":""},"categories":[1],"tags":[],"class_list":["post-54352","post","type-post","status-publish","format-standard","hentry","category-noticias"],"amp_enabled":true,"_links":{"self":[{"href":"https:\/\/novasdodia.com.br\/index.php\/wp-json\/wp\/v2\/posts\/54352","targetHints":{"allow":["GET"]}}],"collection":[{"href":"https:\/\/novasdodia.com.br\/index.php\/wp-json\/wp\/v2\/posts"}],"about":[{"href":"https:\/\/novasdodia.com.br\/index.php\/wp-json\/wp\/v2\/types\/post"}],"author":[{"embeddable":true,"href":"https:\/\/novasdodia.com.br\/index.php\/wp-json\/wp\/v2\/users\/1"}],"replies":[{"embeddable":true,"href":"https:\/\/novasdodia.com.br\/index.php\/wp-json\/wp\/v2\/comments?post=54352"}],"version-history":[{"count":0,"href":"https:\/\/novasdodia.com.br\/index.php\/wp-json\/wp\/v2\/posts\/54352\/revisions"}],"wp:attachment":[{"href":"https:\/\/novasdodia.com.br\/index.php\/wp-json\/wp\/v2\/media?parent=54352"}],"wp:term":[{"taxonomy":"category","embeddable":true,"href":"https:\/\/novasdodia.com.br\/index.php\/wp-json\/wp\/v2\/categories?post=54352"},{"taxonomy":"post_tag","embeddable":true,"href":"https:\/\/novasdodia.com.br\/index.php\/wp-json\/wp\/v2\/tags?post=54352"}],"curies":[{"name":"wp","href":"https:\/\/api.w.org\/{rel}","templated":true}]}}