{"id":54356,"date":"2026-09-02T07:25:44","date_gmt":"2026-09-02T10:25:44","guid":{"rendered":"https:\/\/novasdodia.com.br\/index.php\/2026\/09\/02\/prefeitura-de-joao-pessoa-lanca-exposicao-imersiva-pedro-americo-o-pintor-do-brasil\/"},"modified":"2026-09-02T07:25:44","modified_gmt":"2026-09-02T10:25:44","slug":"prefeitura-de-joao-pessoa-lanca-exposicao-imersiva-pedro-americo-o-pintor-do-brasil","status":"publish","type":"post","link":"https:\/\/novasdodia.com.br\/index.php\/2026\/09\/02\/prefeitura-de-joao-pessoa-lanca-exposicao-imersiva-pedro-americo-o-pintor-do-brasil\/","title":{"rendered":"Prefeitura de Jo\u00e3o Pessoa lan\u00e7a exposi\u00e7\u00e3o imersiva \u2018Pedro Am\u00e9rico, o Pintor do Brasil\u2019"},"content":{"rendered":"<p><\/p>\n<div id=\"texto\">\n<p>A Prefeitura de Jo\u00e3o Pessoa, por meio da Secretaria de Ci\u00eancia e Tecnologia (Secitec-JP), em parceria com a Ag\u00eancia de Fomento de Inova\u00e7\u00e3o Tecnol\u00f3gica de Jo\u00e3o Pessoa (Inovatec-JP), lan\u00e7a, na pr\u00f3xima segunda-feira (7), Dia da Independ\u00eancia do Brasil, \u00e0s 16h, a prova de conceito de exposi\u00e7\u00e3o imersiva do projeto \u2018Pedro Am\u00e9rico, o Pintor do Brasil\u2019. A experi\u00eancia estar\u00e1 aberta ao p\u00fablico at\u00e9 a sexta-feira (11), no espa\u00e7o imersivo Luzzco, no Altiplano Cabo Branco, com entrada gratuita.<\/p>\n<p>A iniciativa foi desenvolvida no \u00e2mbito do Programa Municipal de Apoio a Projetos de Pesquisa, Desenvolvimento, Inova\u00e7\u00e3o e Forma\u00e7\u00e3o de Recursos Humanos (PMAPDI) e prop\u00f5e uma nova maneira de aproximar o p\u00fablico da trajet\u00f3ria e da produ\u00e7\u00e3o art\u00edstica de Pedro Am\u00e9rico de Figueiredo e Melo. Natural de Areia, no Brejo paraibano, o pintor \u00e9 reconhecido como um dos nomes mais importantes da arte brasileira.<\/p>\n<p>Coordenado pelo professor doutor Carlos Federico Buonfiglio Dowling, da Universidade Federal da Para\u00edba (UFPB), o projeto desenvolve um roteiro narrativo, dram\u00e1tico e conceitual, associado ao planejamento de uma infraestrutura para exposi\u00e7\u00f5es imersivas e interativas.<\/p>\n<p>A proposta, segundo o professor e cineasta Carlos Dowling, busca proporcionar aos visitantes uma experi\u00eancia educativa, emocionante e multissensorial, conectando-os a aspectos da vida, da forma\u00e7\u00e3o e da obra de Pedro Am\u00e9rico. Ao mesmo tempo, pretende estimular o desenvolvimento cient\u00edfico e tecnol\u00f3gico e fortalecer a cultura da inova\u00e7\u00e3o nos setores da educa\u00e7\u00e3o, da cultura, do turismo e da hospitalidade em Jo\u00e3o Pessoa.<\/p>\n<figure class=\"wp-block-gallery has-nested-images columns-default is-cropped wp-block-gallery-1 is-layout-flex wp-block-gallery-is-layout-flex\">\n<figure class=\"wp-block-image size-full\"><\/figure>\n<\/figure>\n<p><strong>Arte, hist\u00f3ria e inova\u00e7\u00e3o \u2013 <\/strong>A prova de conceito apresentar\u00e1 o potencial das tecnologias selecionadas para compor uma futura exposi\u00e7\u00e3o de maior abrang\u00eancia. O objetivo \u00e9 demonstrar como recursos audiovisuais e digitais podem contribuir para uma nova leitura da obra de Pedro Am\u00e9rico, ampliando a intera\u00e7\u00e3o do p\u00fablico com as pinturas e com o contexto hist\u00f3rico em que foram produzidas.<\/p>\n<p>A concep\u00e7\u00e3o do projeto utiliza recursos como realidade virtual e aumentada, proje\u00e7\u00f5es mapeadas, \u00e1udio imersivo, intelig\u00eancia artificial generativa, holografia, anima\u00e7\u00f5es, telas interativas, jogos educativos, reconstru\u00e7\u00f5es tridimensionais e experi\u00eancias acionadas pelos movimentos dos visitantes.<\/p>\n<p>Mais do que observar as pinturas, o p\u00fablico ser\u00e1 convidado a interagir com seus elementos, conhecer as t\u00e9cnicas utilizadas pelo artista e compreender as rela\u00e7\u00f5es entre arte, hist\u00f3ria e identidade nacional. A proposta tamb\u00e9m permite explorar detalhes das obras que, muitas vezes, passam despercebidos em uma observa\u00e7\u00e3o convencional.<\/p>\n<p>Entre as pinturas selecionadas para as experi\u00eancias est\u00e3o \u2018Independ\u00eancia ou Morte\u2019, tamb\u00e9m conhecida como \u2018O Grito do Ipiranga\u2019, \u2018A Batalha do Ava\u00ed\u2019 e \u2018A Rabequista \u00c1rabe\u2019. As obras ser\u00e3o abordadas por meio de diferentes linguagens, com contextualiza\u00e7\u00f5es hist\u00f3ricas, anima\u00e7\u00f5es, sonoridades, proje\u00e7\u00f5es e atividades interativas.<\/p>\n<figure class=\"wp-block-gallery has-nested-images columns-default is-cropped wp-block-gallery-2 is-layout-flex wp-block-gallery-is-layout-flex\">\n<figure class=\"wp-block-image size-full\"><\/figure>\n<\/figure>\n<p><strong>Experi\u00eancia organizada em esta\u00e7\u00f5es \u2013 <\/strong>O projeto completo foi concebido para ser organizado em esta\u00e7\u00f5es interdependentes, formando uma trilha de conhecimento e viv\u00eancia sobre Pedro Am\u00e9rico. Uma delas prop\u00f5e uma experi\u00eancia virtual dedicada \u00e0 luz, \u00e0 sombra, \u00e0 cor e ao som, permitindo que os visitantes explorem a constru\u00e7\u00e3o visual e emocional das pinturas.<\/p>\n<p>Outra esta\u00e7\u00e3o prev\u00ea a recria\u00e7\u00e3o cenogr\u00e1fica do ateli\u00ea de Pedro Am\u00e9rico, com m\u00f3veis, ferramentas, elementos de \u00e9poca e representa\u00e7\u00f5es digitais do artista. A proposta \u00e9 transportar o visitante para o ambiente de trabalho de um pintor do s\u00e9culo XIX, apresentando os desafios t\u00e9cnicos e as etapas envolvidas na cria\u00e7\u00e3o de uma obra.<\/p>\n<p>O percurso tamb\u00e9m inclui uma instala\u00e7\u00e3o multim\u00eddia sobre a vida e as viagens de Pedro Am\u00e9rico, com v\u00eddeos, anima\u00e7\u00f5es, mapas interativos e conte\u00fados sobre as influ\u00eancias art\u00edsticas presentes em sua produ\u00e7\u00e3o.<\/p>\n<p>Uma das experi\u00eancias previstas utilizar\u00e1 intelig\u00eancia artificial generativa para auxiliar os visitantes na cria\u00e7\u00e3o de pinturas digitais inspiradas no estilo do artista. A tecnologia poder\u00e1 sugerir cores, pinceladas e aperfei\u00e7oamentos, permitindo que cada participante produza sua pr\u00f3pria composi\u00e7\u00e3o e a compartilhe em uma exposi\u00e7\u00e3o instant\u00e2nea.<\/p>\n<p>A juventude de Pedro Am\u00e9rico tamb\u00e9m ganhar\u00e1 destaque em uma esta\u00e7\u00e3o dedicada ao seu talento precoce. Por meio de uma linha do tempo interativa, documentos, narra\u00e7\u00f5es e anima\u00e7\u00f5es, o p\u00fablico poder\u00e1 acompanhar momentos importantes da inf\u00e2ncia, da forma\u00e7\u00e3o e do desenvolvimento t\u00e9cnico do pintor.<\/p>\n<p>A obra \u2018A Rabequista \u00c1rabe\u2019 dever\u00e1 inspirar uma instala\u00e7\u00e3o com vis\u00e3o computacional, na qual o visitante poder\u00e1 assumir simbolicamente o papel de maestro e reger a personagem retratada. J\u00e1 \u2018A Batalha do Ava\u00ed\u2019 ser\u00e1 trabalhada com proje\u00e7\u00e3o mapeada e \u00e1udio envolvente, enquanto \u2018Independ\u00eancia ou Morte\u2019 ganhar\u00e1 contextualiza\u00e7\u00e3o hist\u00f3rica, anima\u00e7\u00f5es e recursos que permitir\u00e3o explorar personagens e detalhes da pintura.<\/p>\n<p>O projeto prev\u00ea ainda um espa\u00e7o destinado a fotografias e ao compartilhamento da experi\u00eancia nas redes sociais, com cen\u00e1rios, ilumina\u00e7\u00e3o e elementos visuais inspirados nas obras do artista.<\/p>\n<figure class=\"wp-block-gallery has-nested-images columns-default is-cropped wp-block-gallery-3 is-layout-flex wp-block-gallery-is-layout-flex\">\n<figure class=\"wp-block-image size-full\"><\/figure>\n<\/figure>\n<p><strong>Educa\u00e7\u00e3o e valoriza\u00e7\u00e3o da identidade paraibana \u2013 <\/strong>A dimens\u00e3o educativa \u00e9 um dos eixos centrais da proposta. As atividades foram planejadas para ajudar os visitantes a compreender como os artistas transformam o mundo real em pintura, conhecer o contexto hist\u00f3rico vivido por Pedro Am\u00e9rico e reconhecer o virtuosismo t\u00e9cnico presente em suas obras.<\/p>\n<p>De acordo com o coordenador Carlos Dowling, a inten\u00e7\u00e3o \u00e9 despertar a curiosidade de crian\u00e7as, jovens e adultos, especialmente de estudantes das escolas p\u00fablicas, oferecendo uma experi\u00eancia de aprendizagem mais din\u00e2mica e participativa. Ao aproximar as novas gera\u00e7\u00f5es do legado de Pedro Am\u00e9rico, a iniciativa contribui para a preserva\u00e7\u00e3o da mem\u00f3ria, para a valoriza\u00e7\u00e3o do patrim\u00f4nio cultural e para o fortalecimento da identidade paraibana. A combina\u00e7\u00e3o entre conte\u00fados hist\u00f3ricos e ferramentas digitais tamb\u00e9m amplia as possibilidades de acessibilidade, participa\u00e7\u00e3o e circula\u00e7\u00e3o do conhecimento.<\/p>\n<p><strong>Contribui\u00e7\u00e3o para o turismo cultural \u2013 <\/strong>Al\u00e9m dos impactos educacionais e culturais, o projeto foi concebido como uma experi\u00eancia adapt\u00e1vel a outros personagens importantes da ci\u00eancia, da t\u00e9cnica e das artes paraibanas. A proposta poder\u00e1 servir de base para a cria\u00e7\u00e3o de novos ambientes imersivos e para o desenvolvimento de uma programa\u00e7\u00e3o cultural permanente em Jo\u00e3o Pessoa.<\/p>\n<p>Com \u2018Pedro Am\u00e9rico, o Pintor do Brasil\u2019, Jo\u00e3o Pessoa transforma o legado de um de seus paraibanos mais ilustres em uma experi\u00eancia contempor\u00e2nea, aproximando passado e futuro por meio da arte, da educa\u00e7\u00e3o e da tecnologia.<\/p>\n<p><strong>Servi\u00e7o:<\/strong><\/p>\n<p>Evento: Lan\u00e7amento da prova de conceito de exposi\u00e7\u00e3o imersiva \u2018Pedro Am\u00e9rico, o Pintor do Brasil\u2019<\/p>\n<p>Abertura: Segunda-feira (7)<\/p>\n<p>Hor\u00e1rio: 16h<\/p>\n<p>Local: Luzzco<\/p>\n<p>Endere\u00e7o: Rua Severino Garcia Galv\u00e3o, n\u00ba 161, Altiplano, Jo\u00e3o Pessoa\u2013PB<\/p>\n<p>Realiza\u00e7\u00e3o: Prefeitura Municipal de Jo\u00e3o Pessoa<\/p>\n<p>Iniciativa: Secitec-JP e Inovatec-JP<\/p>\n<\/p><\/div>\n","protected":false},"excerpt":{"rendered":"<p>A Prefeitura de Jo\u00e3o Pessoa, por meio da Secretaria de Ci\u00eancia e Tecnologia (Secitec-JP), em parceria com a Ag\u00eancia de Fomento de Inova\u00e7\u00e3o Tecnol\u00f3gica de Jo\u00e3o Pessoa (Inovatec-JP), lan\u00e7a, na pr\u00f3xima segunda-feira (7), Dia da Independ\u00eancia do Brasil, \u00e0s 16h, a prova de conceito de exposi\u00e7\u00e3o imersiva do projeto \u2018Pedro Am\u00e9rico, o Pintor do Brasil\u2019. [&hellip;]<\/p>\n","protected":false},"author":1,"featured_media":0,"comment_status":"","ping_status":"","sticky":false,"template":"","format":"standard","meta":{"footnotes":""},"categories":[1],"tags":[],"class_list":["post-54356","post","type-post","status-publish","format-standard","hentry","category-noticias"],"amp_enabled":true,"_links":{"self":[{"href":"https:\/\/novasdodia.com.br\/index.php\/wp-json\/wp\/v2\/posts\/54356","targetHints":{"allow":["GET"]}}],"collection":[{"href":"https:\/\/novasdodia.com.br\/index.php\/wp-json\/wp\/v2\/posts"}],"about":[{"href":"https:\/\/novasdodia.com.br\/index.php\/wp-json\/wp\/v2\/types\/post"}],"author":[{"embeddable":true,"href":"https:\/\/novasdodia.com.br\/index.php\/wp-json\/wp\/v2\/users\/1"}],"replies":[{"embeddable":true,"href":"https:\/\/novasdodia.com.br\/index.php\/wp-json\/wp\/v2\/comments?post=54356"}],"version-history":[{"count":0,"href":"https:\/\/novasdodia.com.br\/index.php\/wp-json\/wp\/v2\/posts\/54356\/revisions"}],"wp:attachment":[{"href":"https:\/\/novasdodia.com.br\/index.php\/wp-json\/wp\/v2\/media?parent=54356"}],"wp:term":[{"taxonomy":"category","embeddable":true,"href":"https:\/\/novasdodia.com.br\/index.php\/wp-json\/wp\/v2\/categories?post=54356"},{"taxonomy":"post_tag","embeddable":true,"href":"https:\/\/novasdodia.com.br\/index.php\/wp-json\/wp\/v2\/tags?post=54356"}],"curies":[{"name":"wp","href":"https:\/\/api.w.org\/{rel}","templated":true}]}}