{"id":54362,"date":"2026-09-02T10:17:36","date_gmt":"2026-09-02T13:17:36","guid":{"rendered":"https:\/\/novasdodia.com.br\/index.php\/2026\/09\/02\/transporte-publico-tem-horarios-alterados-em-feriado-nacional-cgnoticias\/"},"modified":"2026-09-02T10:17:36","modified_gmt":"2026-09-02T13:17:36","slug":"transporte-publico-tem-horarios-alterados-em-feriado-nacional-cgnoticias","status":"publish","type":"post","link":"https:\/\/novasdodia.com.br\/index.php\/2026\/09\/02\/transporte-publico-tem-horarios-alterados-em-feriado-nacional-cgnoticias\/","title":{"rendered":"Transporte p\u00fablico tem hor\u00e1rios alterados em feriado nacional\u00a0 \u2013 CGNot\u00edcias"},"content":{"rendered":"<p><\/p>\n<div>\n<p>A Ag\u00eancia Municipal de Transporte e Tr\u00e2nsito (Agetran) estruturou um esquema especial de transporte p\u00fablico para o feriado do Dia da Independ\u00eancia. O plano operacional estar\u00e1 ativo nesta segunda-feira (7) para atender as necessidades de deslocamento da popula\u00e7\u00e3o de Campo Grande.\u00a0<\/p>\n<p>A organiza\u00e7\u00e3o estipula diferentes cronogramas de circula\u00e7\u00e3o. As linhas 244, 322, 410, 418, 419, 422 e 424 atuar\u00e3o em fun\u00e7\u00e3o das demandas do setor industrial. J\u00e1 as rotas 515 e 522 operar\u00e3o com a escala equivalente aos s\u00e1bados. Os demais trajetos cumprir\u00e3o o quadro de hor\u00e1rios de domingos e feriados.\u00a0<\/p>\n<p>O sistema contar\u00e1 com suporte log\u00edstico nos terminais Guaicurus, Moren\u00e3o, Bandeirantes, Aero Rancho, J\u00falio de Castilho, General Os\u00f3rio, Nova Bahia e H\u00e9rcules\u00a0Maymone. Cada esta\u00e7\u00e3o manter\u00e1 quatro ve\u00edculos com tripula\u00e7\u00e3o \u00e0 disposi\u00e7\u00e3o, entre 5h e 19h, para o atendimento de solicita\u00e7\u00f5es eventuais.\u00a0<\/p>\n<p>A autarquia determinou ao Cons\u00f3rcio Guaicurus o acompanhamento cont\u00ednuo da frota. A concession\u00e1ria dever\u00e1 aplicar os ajustes necess\u00e1rios ap\u00f3s os hor\u00e1rios de maior fluxo. Os per\u00edodos de aten\u00e7\u00e3o compreendem as faixas das 5h30 \u00e0s 8h30, das 10h30 \u00e0s 13h30 e das 16h \u00e0s 18h30.\u00a0<\/p>\n<p>Qualquer modifica\u00e7\u00e3o na escala\u00a0limitar\u00e1-se\u00a0ao aumento da oferta de \u00f4nibus. A\u00a0Agetran\u00a0monitorar\u00e1 a opera\u00e7\u00e3o em tempo real, executando interven\u00e7\u00f5es para assegurar o funcionamento eficiente, acess\u00edvel e \u00e1gil do servi\u00e7o nos hor\u00e1rios de maior movimenta\u00e7\u00e3o.\u00a0<\/p>\n<p><em>#PraTodosVerem: A imagem mostra um \u00f4nibus circulando pela cidade<\/em><\/p>\n<\/div>\n<p><script async defer async defer src=\"https:\/\/connect.facebook.net\/en_US\/sdk.js?ver=1#xfbml=1&amp;version=v3.2\" id=\"prefeitura-campogrande-script-facebook-sdk-js\"><\/script><\/p>\n","protected":false},"excerpt":{"rendered":"<p>A Ag\u00eancia Municipal de Transporte e Tr\u00e2nsito (Agetran) estruturou um esquema especial de transporte p\u00fablico para o feriado do Dia da Independ\u00eancia. O plano operacional estar\u00e1 ativo nesta segunda-feira (7) para atender as necessidades de deslocamento da popula\u00e7\u00e3o de Campo Grande.\u00a0 A organiza\u00e7\u00e3o estipula diferentes cronogramas de circula\u00e7\u00e3o. As linhas 244, 322, 410, 418, 419, [&hellip;]<\/p>\n","protected":false},"author":1,"featured_media":0,"comment_status":"","ping_status":"","sticky":false,"template":"","format":"standard","meta":{"footnotes":""},"categories":[],"tags":[],"class_list":["post-54362","post","type-post","status-publish","format-standard","hentry"],"amp_enabled":true,"_links":{"self":[{"href":"https:\/\/novasdodia.com.br\/index.php\/wp-json\/wp\/v2\/posts\/54362","targetHints":{"allow":["GET"]}}],"collection":[{"href":"https:\/\/novasdodia.com.br\/index.php\/wp-json\/wp\/v2\/posts"}],"about":[{"href":"https:\/\/novasdodia.com.br\/index.php\/wp-json\/wp\/v2\/types\/post"}],"author":[{"embeddable":true,"href":"https:\/\/novasdodia.com.br\/index.php\/wp-json\/wp\/v2\/users\/1"}],"replies":[{"embeddable":true,"href":"https:\/\/novasdodia.com.br\/index.php\/wp-json\/wp\/v2\/comments?post=54362"}],"version-history":[{"count":0,"href":"https:\/\/novasdodia.com.br\/index.php\/wp-json\/wp\/v2\/posts\/54362\/revisions"}],"wp:attachment":[{"href":"https:\/\/novasdodia.com.br\/index.php\/wp-json\/wp\/v2\/media?parent=54362"}],"wp:term":[{"taxonomy":"category","embeddable":true,"href":"https:\/\/novasdodia.com.br\/index.php\/wp-json\/wp\/v2\/categories?post=54362"},{"taxonomy":"post_tag","embeddable":true,"href":"https:\/\/novasdodia.com.br\/index.php\/wp-json\/wp\/v2\/tags?post=54362"}],"curies":[{"name":"wp","href":"https:\/\/api.w.org\/{rel}","templated":true}]}}