{"id":54363,"date":"2026-09-02T11:37:39","date_gmt":"2026-09-02T14:37:39","guid":{"rendered":"https:\/\/novasdodia.com.br\/index.php\/2026\/09\/02\/alunos-da-rede-municipal-de-ensino-e-banda-da-sedec-reforcam-tradicao-no-desfile-de-7-de-setembro\/"},"modified":"2026-09-02T11:37:39","modified_gmt":"2026-09-02T14:37:39","slug":"alunos-da-rede-municipal-de-ensino-e-banda-da-sedec-reforcam-tradicao-no-desfile-de-7-de-setembro","status":"publish","type":"post","link":"https:\/\/novasdodia.com.br\/index.php\/2026\/09\/02\/alunos-da-rede-municipal-de-ensino-e-banda-da-sedec-reforcam-tradicao-no-desfile-de-7-de-setembro\/","title":{"rendered":"Alunos da Rede Municipal de Ensino e Banda da Sedec refor\u00e7am tradi\u00e7\u00e3o no desfile de 7 de Setembro"},"content":{"rendered":"<p><\/p>\n<div id=\"texto\">\n<p>Escolas e bandas marciais da Rede Municipal de Ensino de Jo\u00e3o Pessoa ir\u00e3o participar, nesta segunda-feira (7), do tradicional desfile c\u00edvico-militar alusivo aos 204 anos da Independ\u00eancia do Brasil, que ser\u00e1 realizado na Avenida Duarte da Silveira, no Centro da Capital.<\/p>\n<figure class=\"wp-block-gallery has-nested-images columns-default is-cropped wp-block-gallery-1 is-layout-flex wp-block-gallery-is-layout-flex\">\n<figure class=\"wp-block-image size-full\"><\/figure>\n<figure class=\"wp-block-image size-full\"><\/figure>\n<\/figure>\n<p>\u201cA presen\u00e7a da Rede Municipal de Ensino na Avenida Duarte da Silveira refor\u00e7a o compromisso da gest\u00e3o com a forma\u00e7\u00e3o cidad\u00e3, mostrando que a escola p\u00fablica de Jo\u00e3o Pessoa \u00e9 sin\u00f4nimo de dedica\u00e7\u00e3o, cultura, arte e civismo\u201d, ressaltou o chefe da Se\u00e7\u00e3o de Bandas Escolares da Secretaria de Educa\u00e7\u00e3o de Jo\u00e3o Pessoa, R\u00f4mulo Albuquerque.<\/p>\n<p>A programa\u00e7\u00e3o conta com as bandas marciais das Escolas Municipais Santos Dumont, Frutuoso Barbosa, Fernando Milanez e Aruanda. Tamb\u00e9m ir\u00e3o participar mais de 600 alunos da Rede Municipal de Ensino.<\/p>\n<p>Representando a Secretaria de Educa\u00e7\u00e3o e Cultura da Capital (Sedec), a tradicional Banda Marcial da Sedec entra na Avenida com 115 componentes unindo professores, alunos, ex-alunos e colaboradores.<\/p>\n<figure class=\"wp-block-gallery has-nested-images columns-default is-cropped wp-block-gallery-2 is-layout-flex wp-block-gallery-is-layout-flex\">\n<figure class=\"wp-block-image size-full\"><\/figure>\n<figure class=\"wp-block-image size-full\"><\/figure>\n<\/figure>\n<p>Sob a reg\u00eancia do maestro Clailton Fran\u00e7a e com a dire\u00e7\u00e3o coreogr\u00e1fica de Silvana Ferreira, o grupo desfila estruturado em Pavilh\u00e3o, Corpo Coreogr\u00e1fico, Baliza, Mor e o Corpo Musical que \u00e9 formado pelos instrumentos de percuss\u00e3o e metais.<\/p>\n<p>O repert\u00f3rio preparado pela Banda da Sedec para a ocasi\u00e3o conta com as seguintes pe\u00e7as: \u2018Ritmos do mundo\u2019, \u2018Brasil marcha de guerra\u2019 e \u2018Quem \u00e9 Ele\u2019, al\u00e9m de releituras de sucessos populares como \u2018Os incr\u00edveis\u2019, \u2018Jeito sexy\u2019, \u2018Waka waka\u2019 e \u2018Dan\u00e7ando calipso\u2019.<\/p>\n<\/p><\/div>\n","protected":false},"excerpt":{"rendered":"<p>Escolas e bandas marciais da Rede Municipal de Ensino de Jo\u00e3o Pessoa ir\u00e3o participar, nesta segunda-feira (7), do tradicional desfile c\u00edvico-militar alusivo aos 204 anos da Independ\u00eancia do Brasil, que ser\u00e1 realizado na Avenida Duarte da Silveira, no Centro da Capital. \u201cA presen\u00e7a da Rede Municipal de Ensino na Avenida Duarte da Silveira refor\u00e7a o [&hellip;]<\/p>\n","protected":false},"author":1,"featured_media":0,"comment_status":"","ping_status":"","sticky":false,"template":"","format":"standard","meta":{"footnotes":""},"categories":[1],"tags":[],"class_list":["post-54363","post","type-post","status-publish","format-standard","hentry","category-noticias"],"amp_enabled":true,"_links":{"self":[{"href":"https:\/\/novasdodia.com.br\/index.php\/wp-json\/wp\/v2\/posts\/54363","targetHints":{"allow":["GET"]}}],"collection":[{"href":"https:\/\/novasdodia.com.br\/index.php\/wp-json\/wp\/v2\/posts"}],"about":[{"href":"https:\/\/novasdodia.com.br\/index.php\/wp-json\/wp\/v2\/types\/post"}],"author":[{"embeddable":true,"href":"https:\/\/novasdodia.com.br\/index.php\/wp-json\/wp\/v2\/users\/1"}],"replies":[{"embeddable":true,"href":"https:\/\/novasdodia.com.br\/index.php\/wp-json\/wp\/v2\/comments?post=54363"}],"version-history":[{"count":0,"href":"https:\/\/novasdodia.com.br\/index.php\/wp-json\/wp\/v2\/posts\/54363\/revisions"}],"wp:attachment":[{"href":"https:\/\/novasdodia.com.br\/index.php\/wp-json\/wp\/v2\/media?parent=54363"}],"wp:term":[{"taxonomy":"category","embeddable":true,"href":"https:\/\/novasdodia.com.br\/index.php\/wp-json\/wp\/v2\/categories?post=54363"},{"taxonomy":"post_tag","embeddable":true,"href":"https:\/\/novasdodia.com.br\/index.php\/wp-json\/wp\/v2\/tags?post=54363"}],"curies":[{"name":"wp","href":"https:\/\/api.w.org\/{rel}","templated":true}]}}