{"id":54372,"date":"2026-09-02T15:12:35","date_gmt":"2026-09-02T18:12:35","guid":{"rendered":"https:\/\/novasdodia.com.br\/index.php\/2026\/09\/02\/cg-e-turim-reforcam-acordo-durante-reuniao-cgnoticias\/"},"modified":"2026-09-02T15:12:35","modified_gmt":"2026-09-02T18:12:35","slug":"cg-e-turim-reforcam-acordo-durante-reuniao-cgnoticias","status":"publish","type":"post","link":"https:\/\/novasdodia.com.br\/index.php\/2026\/09\/02\/cg-e-turim-reforcam-acordo-durante-reuniao-cgnoticias\/","title":{"rendered":"CG e Turim\u00a0refor\u00e7am acordo durante reuni\u00e3o\u00a0 \u2013 CGNot\u00edcias"},"content":{"rendered":"<p><\/p>\n<div>\n<p>As cidades de Campo Grande e Turim, na It\u00e1lia, refor\u00e7aram, durante reuni\u00e3o na manh\u00e3 desta quarta-feira (02), o acordo de cidades irm\u00e3s firmado h\u00e1 mais de vinte anos. A parceria busca estrat\u00e9gias para trocas relacionadas ao desenvolvimento econ\u00f4mico e social dos dois munic\u00edpios.\u00a0<\/p>\n<p>Para a prefeita Adriane Lopes, essa \u00e9 uma oportunidade para ampliar ainda mais\u00a0a previs\u00e3o de crescimento econ\u00f4mico na Capital. \u201cAtualmente Campo Grande tem o PIB acima da m\u00e9dia esperada para o pa\u00eds, e estando\u00a0em pleno crescimento\u00a0e expans\u00e3o. N\u00f3s estamos nessa busca de novas conex\u00f5es com cidades industrializadas, como \u00e9 o caso de Turim\u201d, comenta.\u00a0<\/p>\n<p>Ela lembra que essa parceria\u00a0amplia o alcance de novas alian\u00e7as e crescimento do parque industrial da Capital. \u201cHoje n\u00f3s estamos no centro da Rota Bioce\u00e2nica,\u00a0e\u00a0queremos estreitar o contato com a Europa para fortalecer a chegada de ind\u00fastrias na cidade\u201d.\u00a0<\/p>\n<figure class=\"wp-block-image aligncenter size-large\"><figcaption class=\"wp-element-caption\">Prefeito de Turim, Stefano Lo Rosso, Prefeita Adriane Lopes, e a vice-prefeita Camilla Nascimento (Foto: Roberto Ajala)<\/figcaption><\/figure>\n<p>Durante a reuni\u00e3o, o prefeito de Turim, Stefano\u00a0Lo\u00a0Russo, comentou sobre a\u00a0oportunidade para o crescimento de empresas italianas aqui no pa\u00eds. \u201cQuando a gente escuta falar sobre\u00a0o Brasil, muito se houve sobre S\u00e3o Paulo e outros estados, pouco se escuta sobre Mato Grosso do Sul. Esse \u00e9 um cen\u00e1rio ainda pouco explorado pela It\u00e1lia e demais\u00a0pa\u00edses europeus\u201d,\u00a0lembra.\u00a0<\/p>\n<p>Para ele, as oportunidades de expans\u00e3o para nesta regi\u00e3o do pa\u00eds fortalecem ainda mais o acordo firmado em 2003.\u00a0Refor\u00e7ando a ideia, Adriane ainda comentou que a Capital \u00e9 a segunda cidade do estado em produ\u00e7\u00e3o e exporta\u00e7\u00e3o de gr\u00e3os e celulose, e o objetivo\u00a0\u00e9 que essa mat\u00e9ria prima seja processada ainda na cidade, gerando maior valor aos produtos comercializados.\u00a0<\/p>\n<p><strong>Presen\u00e7a italiana em Campo Grande<\/strong>\u00a0<\/p>\n<p>Lo\u00a0Russo comenta que, em sua primeira visita \u00e0 Campo Grande, h\u00e1 mais de 20 anos, tem percebido significativas mudan\u00e7as no munic\u00edpio. \u201cComo prefeito, sempre que vamos a outras cidades, avaliamos como o local \u00e9, e \u00e9\u00a0not\u00f3rio, principalmente, quando se trata\u00a0de seguran\u00e7a, organiza\u00e7\u00e3o e moderniza\u00e7\u00e3o, as mudan\u00e7as vividas por aqui\u201d.\u00a0<\/p>\n<p>Ele ainda lembra que desde ent\u00e3o, cerca de mil italianos vieram para a\u00a0capital para trabalhos volunt\u00e1rios no Hospital S\u00e3o Juli\u00e3o. Tamb\u00e9m presente na reuni\u00e3o, o c\u00f4nsul-geral da It\u00e1lia no Brasil, Mauro\u00a0Campanela, lembrou que, somente no estado, s\u00e3o mais de 3,5\u00a0mil italianos residentes.\u00a0<\/p>\n<p><em>#PraTodosVerem: A imagem mostra a reuni\u00e3o entre representantes de Turim, na It\u00e1lia, e de Campo Grande, acontecendo<\/em><\/p>\n<\/div>\n<p><script async defer async defer src=\"https:\/\/connect.facebook.net\/en_US\/sdk.js?ver=1#xfbml=1&amp;version=v3.2\" id=\"prefeitura-campogrande-script-facebook-sdk-js\"><\/script><\/p>\n","protected":false},"excerpt":{"rendered":"<p>As cidades de Campo Grande e Turim, na It\u00e1lia, refor\u00e7aram, durante reuni\u00e3o na manh\u00e3 desta quarta-feira (02), o acordo de cidades irm\u00e3s firmado h\u00e1 mais de vinte anos. A parceria busca estrat\u00e9gias para trocas relacionadas ao desenvolvimento econ\u00f4mico e social dos dois munic\u00edpios.\u00a0 Para a prefeita Adriane Lopes, essa \u00e9 uma oportunidade para ampliar ainda [&hellip;]<\/p>\n","protected":false},"author":1,"featured_media":0,"comment_status":"","ping_status":"","sticky":false,"template":"","format":"standard","meta":{"footnotes":""},"categories":[],"tags":[],"class_list":["post-54372","post","type-post","status-publish","format-standard","hentry"],"amp_enabled":true,"_links":{"self":[{"href":"https:\/\/novasdodia.com.br\/index.php\/wp-json\/wp\/v2\/posts\/54372","targetHints":{"allow":["GET"]}}],"collection":[{"href":"https:\/\/novasdodia.com.br\/index.php\/wp-json\/wp\/v2\/posts"}],"about":[{"href":"https:\/\/novasdodia.com.br\/index.php\/wp-json\/wp\/v2\/types\/post"}],"author":[{"embeddable":true,"href":"https:\/\/novasdodia.com.br\/index.php\/wp-json\/wp\/v2\/users\/1"}],"replies":[{"embeddable":true,"href":"https:\/\/novasdodia.com.br\/index.php\/wp-json\/wp\/v2\/comments?post=54372"}],"version-history":[{"count":0,"href":"https:\/\/novasdodia.com.br\/index.php\/wp-json\/wp\/v2\/posts\/54372\/revisions"}],"wp:attachment":[{"href":"https:\/\/novasdodia.com.br\/index.php\/wp-json\/wp\/v2\/media?parent=54372"}],"wp:term":[{"taxonomy":"category","embeddable":true,"href":"https:\/\/novasdodia.com.br\/index.php\/wp-json\/wp\/v2\/categories?post=54372"},{"taxonomy":"post_tag","embeddable":true,"href":"https:\/\/novasdodia.com.br\/index.php\/wp-json\/wp\/v2\/tags?post=54372"}],"curies":[{"name":"wp","href":"https:\/\/api.w.org\/{rel}","templated":true}]}}