{"id":54375,"date":"2026-09-02T16:31:38","date_gmt":"2026-09-02T19:31:38","guid":{"rendered":"https:\/\/novasdodia.com.br\/index.php\/2026\/09\/02\/parceria-da-sedec-ifpb-e-uab-oferece-25-vagas-em-especializacao-em-ciencias-e-matematica\/"},"modified":"2026-09-02T16:31:38","modified_gmt":"2026-09-02T19:31:38","slug":"parceria-da-sedec-ifpb-e-uab-oferece-25-vagas-em-especializacao-em-ciencias-e-matematica","status":"publish","type":"post","link":"https:\/\/novasdodia.com.br\/index.php\/2026\/09\/02\/parceria-da-sedec-ifpb-e-uab-oferece-25-vagas-em-especializacao-em-ciencias-e-matematica\/","title":{"rendered":"Parceria da Sedec, IFPB e UAB oferece 25 vagas em especializa\u00e7\u00e3o em Ci\u00eancias e Matem\u00e1tica"},"content":{"rendered":"<p><\/p>\n<div id=\"texto\">\n<p>Educadores da Rede Municipal de Ensino de Jo\u00e3o Pessoa que sejam graduados em bacharelado ou licenciatura em Biologia, Qu\u00edmica, F\u00edsica, Matem\u00e1tica ou licenciatura em Ci\u00eancias nas \u00c1reas da Natureza ou Matem\u00e1tica poder\u00e3o se inscrever, at\u00e9 o dia 15 de setembro, no Processo Seletivo para ingresso no curso de Especializa\u00e7\u00e3o em Ensino de Ci\u00eancias e Matem\u00e1tica, ofertado pelo Campus Patos, na modalidade Educa\u00e7\u00e3o a Dist\u00e2ncia.<\/p>\n<p>A iniciativa \u00e9 fruto da parceria entre a Secretaria de Educa\u00e7\u00e3o e Cultura de Jo\u00e3o Pessoa (Sedec), o Instituto Federal da Para\u00edba (IFPB) e a Universidade Aberta do Brasil (UAB). Para o Polo Municipal UAB Jo\u00e3o Pessoa est\u00e3o sendo ofertadas 25 vagas.<\/p>\n<figure class=\"wp-block-gallery has-nested-images columns-default is-cropped wp-block-gallery-1 is-layout-flex wp-block-gallery-is-layout-flex\">\n<figure class=\"wp-block-image size-full\"><\/figure>\n<\/figure>\n<p>\u201cA especializa\u00e7\u00e3o representa uma excelente oportunidade para aprimorar conhecimentos, fortalecer a pr\u00e1tica docente e ampliar a qualifica\u00e7\u00e3o profissional dos professores. Embora seja ofertada na modalidade a dist\u00e2ncia, o curso contar\u00e1 com encontros presenciais aos s\u00e1bados ao final de cada m\u00f3dulo\u201d, explicou a chefe da Divis\u00e3o de Programas de Forma\u00e7\u00e3o em Educa\u00e7\u00e3o Superior da Sedec e coordenadora do Polo UAB Jo\u00e3o Pessoa, professora Dra. Cristiane Sousa de Assis.<\/p>\n<p>O Curso de Especializa\u00e7\u00e3o em Ensino de Ci\u00eancias e Matem\u00e1tica tem carga hor\u00e1ria de 360 horas, com dura\u00e7\u00e3o de 18 meses.<\/p>\n<p>Para a inscri\u00e7\u00e3o, o candidato dever\u00e1 obrigatoriamente ter Cadastro de Pessoa F\u00edsica (CPF), documento de identifica\u00e7\u00e3o com foto, endere\u00e7o eletr\u00f4nico (e-mail) v\u00e1lido e preencher o formul\u00e1rio de cadastro com os dados pessoais.<\/p>\n<p>Consulte o edital e a fa\u00e7a a inscri\u00e7\u00e3o atrav\u00e9s do seguinte endere\u00e7o eletr\u00f4nico: https:\/\/estudante.ifpb.edu.br\/editais\/425\/view<\/p>\n<\/p><\/div>\n","protected":false},"excerpt":{"rendered":"<p>Educadores da Rede Municipal de Ensino de Jo\u00e3o Pessoa que sejam graduados em bacharelado ou licenciatura em Biologia, Qu\u00edmica, F\u00edsica, Matem\u00e1tica ou licenciatura em Ci\u00eancias nas \u00c1reas da Natureza ou Matem\u00e1tica poder\u00e3o se inscrever, at\u00e9 o dia 15 de setembro, no Processo Seletivo para ingresso no curso de Especializa\u00e7\u00e3o em Ensino de Ci\u00eancias e Matem\u00e1tica, [&hellip;]<\/p>\n","protected":false},"author":1,"featured_media":0,"comment_status":"","ping_status":"","sticky":false,"template":"","format":"standard","meta":{"footnotes":""},"categories":[1],"tags":[],"class_list":["post-54375","post","type-post","status-publish","format-standard","hentry","category-noticias"],"amp_enabled":true,"_links":{"self":[{"href":"https:\/\/novasdodia.com.br\/index.php\/wp-json\/wp\/v2\/posts\/54375","targetHints":{"allow":["GET"]}}],"collection":[{"href":"https:\/\/novasdodia.com.br\/index.php\/wp-json\/wp\/v2\/posts"}],"about":[{"href":"https:\/\/novasdodia.com.br\/index.php\/wp-json\/wp\/v2\/types\/post"}],"author":[{"embeddable":true,"href":"https:\/\/novasdodia.com.br\/index.php\/wp-json\/wp\/v2\/users\/1"}],"replies":[{"embeddable":true,"href":"https:\/\/novasdodia.com.br\/index.php\/wp-json\/wp\/v2\/comments?post=54375"}],"version-history":[{"count":0,"href":"https:\/\/novasdodia.com.br\/index.php\/wp-json\/wp\/v2\/posts\/54375\/revisions"}],"wp:attachment":[{"href":"https:\/\/novasdodia.com.br\/index.php\/wp-json\/wp\/v2\/media?parent=54375"}],"wp:term":[{"taxonomy":"category","embeddable":true,"href":"https:\/\/novasdodia.com.br\/index.php\/wp-json\/wp\/v2\/categories?post=54375"},{"taxonomy":"post_tag","embeddable":true,"href":"https:\/\/novasdodia.com.br\/index.php\/wp-json\/wp\/v2\/tags?post=54375"}],"curies":[{"name":"wp","href":"https:\/\/api.w.org\/{rel}","templated":true}]}}