{"id":54392,"date":"2026-09-03T07:13:33","date_gmt":"2026-09-03T10:13:33","guid":{"rendered":"https:\/\/novasdodia.com.br\/index.php\/2026\/09\/03\/secretaria-de-economia-solidaria-inaugura-nucleo-na-praca-seca-com-cursos-gratuitos-na-area-da-beleza-prefeitura-da-cidade-do-rio-de-janeiro\/"},"modified":"2026-09-03T07:13:33","modified_gmt":"2026-09-03T10:13:33","slug":"secretaria-de-economia-solidaria-inaugura-nucleo-na-praca-seca-com-cursos-gratuitos-na-area-da-beleza-prefeitura-da-cidade-do-rio-de-janeiro","status":"publish","type":"post","link":"https:\/\/novasdodia.com.br\/index.php\/2026\/09\/03\/secretaria-de-economia-solidaria-inaugura-nucleo-na-praca-seca-com-cursos-gratuitos-na-area-da-beleza-prefeitura-da-cidade-do-rio-de-janeiro\/","title":{"rendered":"Secretaria de Economia Solid\u00e1ria inaugura n\u00facleo na Pra\u00e7a Seca com cursos gratuitos na \u00e1rea da beleza &#8211; Prefeitura da Cidade do Rio de Janeiro"},"content":{"rendered":"<p><\/p>\n<div id=\"main\">\n<div class=\"wrapper-breadcrumbs\" wp_automatic_readability=\"58.254924681344\">\n<div class=\"image-post\" wp_automatic_readability=\"33\">\n                     Daniele Ramos (E) \u00e9 uma das aluna inscritas no curso de extens\u00e3o de c\u00edlios. Foto: Divulga\u00e7\u00e3o SES                  <\/div>\n<p>A Secretaria de Economia Solid\u00e1ria do Rio (SES Rio) inaugurou, nesta quarta-feira, 2 de setembro, o N\u00facleo Pra\u00e7a Seca do Programa Impacta Rio. Localizado na Rua Baronesa, 782, o espa\u00e7o \u00e9 voltado \u00e0 qualifica\u00e7\u00e3o profissional na \u00e1rea da beleza. O novo espa\u00e7o iniciou as atividades com cursos gratuitos de trancista, coloca\u00e7\u00e3o de c\u00edlios e, pela primeira vez, design de sobrancelhas.<\/p>\n<p>As aulas come\u00e7aram nesta quarta-feira e ser\u00e3o realizadas duas vezes por semana, nos turnos da manh\u00e3 e da tarde. A previs\u00e3o \u00e9 de que o ciclo seja conclu\u00eddo em novembro, quando os alunos receber\u00e3o certificados de conclus\u00e3o. Com capacidade para atender at\u00e9 90 alunos por ciclo, o N\u00facleo Pra\u00e7a Seca amplia a oferta de cursos de qualifica\u00e7\u00e3o da SES Rio e cria novas oportunidades para quem busca capacita\u00e7\u00e3o e gera\u00e7\u00e3o de renda.<\/p>\n<blockquote wp_automatic_readability=\"13\">\n<p>\u2013 O N\u00facleo Pra\u00e7a Seca refor\u00e7a o compromisso da SES Rio de levar qualifica\u00e7\u00e3o profissional para diferentes regi\u00f5es da cidade, criando oportunidades concretas para quem quer aprender uma nova profiss\u00e3o ou ampliar suas possibilidades de gera\u00e7\u00e3o de renda. A \u00e1rea da beleza tem um mercado din\u00e2mico e com grande potencial de empreendedorismo. Ao oferecer cursos gratuitos, com material e estrutura adequados, buscamos reduzir barreiras de acesso \u00e0 qualifica\u00e7\u00e3o e preparar os alunos para novas oportunidades de trabalho -, afirma o secret\u00e1rio de Economia Solid\u00e1ria, Thiago Pereira.<\/p>\n<\/blockquote>\n<p>Para Daniele Ramos, de 42 anos, moradora do bairro Pra\u00e7a Seca, o curso representa uma oportunidade de qualifica\u00e7\u00e3o que seria dif\u00edcil de alcan\u00e7ar por conta do custo. Ela escolheu a forma\u00e7\u00e3o em extens\u00e3o de c\u00edlios e espera sair do Impacta Rio preparada para atuar na \u00e1rea. \u201cBusquei pela qualifica\u00e7\u00e3o de extens\u00e3o de c\u00edlios e era mais de R$ 500 em m\u00e9dia. Vi em tr\u00eas lugares diferentes e ficou invi\u00e1vel. Aqui \u00e9 de gra\u00e7a, ganho uniforme, material, lanche e ainda saio com certificado. Espero sair daqui com uma boa bagagem para trabalhar na \u00e1rea da beleza, que \u00e9 um setor muito aquecido\u201d, disse.<\/p>\n<p><strong>Inscri\u00e7\u00f5es abertas<\/strong><br \/>O N\u00facleo Pra\u00e7a Seca j\u00e1 est\u00e1 com vagas abertas para os cursos do pr\u00f3ximo ciclo, com in\u00edcio previsto para novembro. Podem se inscrever moradores da cidade do Rio de Janeiro a partir dos 16 anos. As inscri\u00e7\u00f5es devem ser realizadas pelo site da Prefeitura do Rio: https:\/\/pref.rio\/servicos\/cursos.<\/p>\n<p><strong>Impacta Rio<\/strong><br \/>O programa da Secretaria de Economia Solid\u00e1ria est\u00e1 presente em 11 n\u00facleos distribu\u00eddos pela cidade, oferecendo cursos gratuitos em \u00e1reas como corte e costura, barbeiro, auxiliar de cabeleireiro, manicure, design de sobrancelhas, extens\u00e3o de c\u00edlios, trancista, manuten\u00e7\u00e3o de celular, serigrafia e estamparia. Para mais informa\u00e7\u00f5es, acesse o site ses.prefeitura.rio.<\/p>\n<p>             <!-- Compartilhe ---><\/p>\n<p>\t\t\t <!-- TAGS --><\/p>\n<section class=\"category-tags\">\n<div class=\"marcacao-category\">\n<article class=\"category-post\">\n<p>Categoria: <\/p>\n<\/article>\n<li>2 de setembro de 2026<\/li><\/div>\n<article class=\"tags\">\n\t\t\t\t\t\t\t\t\t<\/article>\n<\/section>\n<p>            <!-- Mais Not&iacute;cias --><\/p>\n<p>\t\t<!-- Conte&uacute;do SIDEBAR --><\/p><\/div>\n<\/p><\/div>\n","protected":false},"excerpt":{"rendered":"<p>Daniele Ramos (E) \u00e9 uma das aluna inscritas no curso de extens\u00e3o de c\u00edlios. Foto: Divulga\u00e7\u00e3o SES A Secretaria de Economia Solid\u00e1ria do Rio (SES Rio) inaugurou, nesta quarta-feira, 2 de setembro, o N\u00facleo Pra\u00e7a Seca do Programa Impacta Rio. Localizado na Rua Baronesa, 782, o espa\u00e7o \u00e9 voltado \u00e0 qualifica\u00e7\u00e3o profissional na \u00e1rea da [&hellip;]<\/p>\n","protected":false},"author":1,"featured_media":0,"comment_status":"","ping_status":"","sticky":false,"template":"","format":"standard","meta":{"footnotes":""},"categories":[1],"tags":[],"class_list":["post-54392","post","type-post","status-publish","format-standard","hentry","category-noticias"],"amp_enabled":true,"_links":{"self":[{"href":"https:\/\/novasdodia.com.br\/index.php\/wp-json\/wp\/v2\/posts\/54392","targetHints":{"allow":["GET"]}}],"collection":[{"href":"https:\/\/novasdodia.com.br\/index.php\/wp-json\/wp\/v2\/posts"}],"about":[{"href":"https:\/\/novasdodia.com.br\/index.php\/wp-json\/wp\/v2\/types\/post"}],"author":[{"embeddable":true,"href":"https:\/\/novasdodia.com.br\/index.php\/wp-json\/wp\/v2\/users\/1"}],"replies":[{"embeddable":true,"href":"https:\/\/novasdodia.com.br\/index.php\/wp-json\/wp\/v2\/comments?post=54392"}],"version-history":[{"count":0,"href":"https:\/\/novasdodia.com.br\/index.php\/wp-json\/wp\/v2\/posts\/54392\/revisions"}],"wp:attachment":[{"href":"https:\/\/novasdodia.com.br\/index.php\/wp-json\/wp\/v2\/media?parent=54392"}],"wp:term":[{"taxonomy":"category","embeddable":true,"href":"https:\/\/novasdodia.com.br\/index.php\/wp-json\/wp\/v2\/categories?post=54392"},{"taxonomy":"post_tag","embeddable":true,"href":"https:\/\/novasdodia.com.br\/index.php\/wp-json\/wp\/v2\/tags?post=54392"}],"curies":[{"name":"wp","href":"https:\/\/api.w.org\/{rel}","templated":true}]}}