{"id":54400,"date":"2026-09-03T12:12:38","date_gmt":"2026-09-03T15:12:38","guid":{"rendered":"https:\/\/novasdodia.com.br\/index.php\/2026\/09\/03\/funesp-participa-da-inauguracao-do-centro-de-desenvolvimento-do-futebol-em-ms-cgnoticias\/"},"modified":"2026-09-03T12:12:38","modified_gmt":"2026-09-03T15:12:38","slug":"funesp-participa-da-inauguracao-do-centro-de-desenvolvimento-do-futebol-em-ms-cgnoticias","status":"publish","type":"post","link":"https:\/\/novasdodia.com.br\/index.php\/2026\/09\/03\/funesp-participa-da-inauguracao-do-centro-de-desenvolvimento-do-futebol-em-ms-cgnoticias\/","title":{"rendered":"Funesp participa da inaugura\u00e7\u00e3o do Centro de Desenvolvimento do Futebol em MS \u2013 CGNot\u00edcias"},"content":{"rendered":"<p><\/p>\n<div>\n<p>A Funda\u00e7\u00e3o Municipal de Esportes (Funesp) participou, na manh\u00e3 desta quinta-feira (3), da inaugura\u00e7\u00e3o do Centro de Desenvolvimento do Futebol, estrutura da Confedera\u00e7\u00e3o Brasileira de Futebol (CBF) em Mato Grosso do Sul. O evento marcou a entrega oficial do espa\u00e7o, que integra o legado da Copa do Mundo FIFA Brasil 2014, e tem como objetivo fomentar o desenvolvimento do futebol no Estado.<\/p>\n<p>A Funesp esteve representada pelo diretor-presidente, Maicon Mommad, que destacou a import\u00e2ncia da instala\u00e7\u00e3o do centro em Campo Grande para o fortalecimento do futebol, especialmente das categorias de base.<\/p>\n<p>O Centro de Desenvolvimento do Futebol conta com campo oficial de gramado sint\u00e9tico importado, arquibancadas, vesti\u00e1rios, ilumina\u00e7\u00e3o para jogos noturnos, \u00e1reas climatizadas e estacionamento para carros e \u00f4nibus. A estrutura foi planejada para contribuir com a forma\u00e7\u00e3o de atletas e o desenvolvimento das atividades relacionadas ao futebol em Mato Grosso do Sul.<\/p>\n<p>Durante a inaugura\u00e7\u00e3o, o presidente da CBF, Samir Xaud, ressaltou a expectativa de novos investimentos e oportunidades para o futebol Sul-mato-grossense.<\/p>\n<figure class=\"wp-block-image size-large\"><\/figure>\n<p>\u201cMuitas coisas boas vir\u00e3o para a regi\u00e3o. Esse \u00e9 o meu comprometimento com o presidente da Federa\u00e7\u00e3o de Mato Grosso do Sul. \u00c9 um novo momento do futebol do Estado.\u00a0Acredito muito na evolu\u00e7\u00e3o local e no poder do futebol para transformar vidas. Aqui temos um centro de primeiro mundo, e todo esse equipamento est\u00e1 \u00e0 disposi\u00e7\u00e3o de voc\u00eas\u201d, afirma.<\/p>\n<p>Para Maicon Mommad, a escolha de Campo Grande para sediar o centro considera a localiza\u00e7\u00e3o estrat\u00e9gica da Capital e sua capacidade de atender grande parte da popula\u00e7\u00e3o do Estado. Segundo ele, a estrutura tamb\u00e9m representa uma oportunidade para fortalecer o trabalho desenvolvido pelos clubes e ampliar a forma\u00e7\u00e3o de novos atletas.<\/p>\n<p>\u201cCampo Grande foi escolhida para receber o centro, primeiro, por ser um ponto log\u00edstico mais estrat\u00e9gico e por abranger a maior parte da popula\u00e7\u00e3o do Estado. Para n\u00f3s, \u00e9 de suma import\u00e2ncia que a gente consiga, com esse Centro de Desenvolvimento do Futebol, desenvolver principalmente o futebol de base, preparar as categorias e ajudar os clubes, tanto da Capital quanto do interior, a desenvolver novos atletas, para que o futebol, principalmente o da Capital, volte a permear o cen\u00e1rio nacional\u201d, destaca.<\/p>\n<p>A entrega do Centro de Desenvolvimento do Futebol passa a integrar as iniciativas voltadas ao fortalecimento do futebol e \u00e0 cria\u00e7\u00e3o de melhores condi\u00e7\u00f5es para atletas, clubes e profissionais da modalidade.<\/p>\n<\/div>\n<p><script async defer async defer src=\"https:\/\/connect.facebook.net\/en_US\/sdk.js?ver=1#xfbml=1&amp;version=v3.2\" id=\"prefeitura-campogrande-script-facebook-sdk-js\"><\/script><\/p>\n","protected":false},"excerpt":{"rendered":"<p>A Funda\u00e7\u00e3o Municipal de Esportes (Funesp) participou, na manh\u00e3 desta quinta-feira (3), da inaugura\u00e7\u00e3o do Centro de Desenvolvimento do Futebol, estrutura da Confedera\u00e7\u00e3o Brasileira de Futebol (CBF) em Mato Grosso do Sul. O evento marcou a entrega oficial do espa\u00e7o, que integra o legado da Copa do Mundo FIFA Brasil 2014, e tem como objetivo [&hellip;]<\/p>\n","protected":false},"author":1,"featured_media":0,"comment_status":"","ping_status":"","sticky":false,"template":"","format":"standard","meta":{"footnotes":""},"categories":[],"tags":[],"class_list":["post-54400","post","type-post","status-publish","format-standard","hentry"],"amp_enabled":true,"_links":{"self":[{"href":"https:\/\/novasdodia.com.br\/index.php\/wp-json\/wp\/v2\/posts\/54400","targetHints":{"allow":["GET"]}}],"collection":[{"href":"https:\/\/novasdodia.com.br\/index.php\/wp-json\/wp\/v2\/posts"}],"about":[{"href":"https:\/\/novasdodia.com.br\/index.php\/wp-json\/wp\/v2\/types\/post"}],"author":[{"embeddable":true,"href":"https:\/\/novasdodia.com.br\/index.php\/wp-json\/wp\/v2\/users\/1"}],"replies":[{"embeddable":true,"href":"https:\/\/novasdodia.com.br\/index.php\/wp-json\/wp\/v2\/comments?post=54400"}],"version-history":[{"count":0,"href":"https:\/\/novasdodia.com.br\/index.php\/wp-json\/wp\/v2\/posts\/54400\/revisions"}],"wp:attachment":[{"href":"https:\/\/novasdodia.com.br\/index.php\/wp-json\/wp\/v2\/media?parent=54400"}],"wp:term":[{"taxonomy":"category","embeddable":true,"href":"https:\/\/novasdodia.com.br\/index.php\/wp-json\/wp\/v2\/categories?post=54400"},{"taxonomy":"post_tag","embeddable":true,"href":"https:\/\/novasdodia.com.br\/index.php\/wp-json\/wp\/v2\/tags?post=54400"}],"curies":[{"name":"wp","href":"https:\/\/api.w.org\/{rel}","templated":true}]}}