{"id":54414,"date":"2026-09-03T17:06:38","date_gmt":"2026-09-03T20:06:38","guid":{"rendered":"https:\/\/novasdodia.com.br\/index.php\/2026\/09\/03\/sesau-articula-plano-emergencial-e-define-aporte-conjunto-com-ses-de-r-4-milhoes-para-a-santa-casa-cgnoticias\/"},"modified":"2026-09-03T17:06:38","modified_gmt":"2026-09-03T20:06:38","slug":"sesau-articula-plano-emergencial-e-define-aporte-conjunto-com-ses-de-r-4-milhoes-para-a-santa-casa-cgnoticias","status":"publish","type":"post","link":"https:\/\/novasdodia.com.br\/index.php\/2026\/09\/03\/sesau-articula-plano-emergencial-e-define-aporte-conjunto-com-ses-de-r-4-milhoes-para-a-santa-casa-cgnoticias\/","title":{"rendered":"Sesau articula plano emergencial e define aporte conjunto com SES de R$ 4 milh\u00f5es para a Santa Casa \u2013 CGNot\u00edcias"},"content":{"rendered":"<p><\/p>\n<div>\n<p>A Secretaria Municipal de Sa\u00fade (Sesau) iniciou imediatamente uma for\u00e7a-tarefa para buscar alternativas que evitem impactos \u00e0 popula\u00e7\u00e3o ap\u00f3s ser comunicada pela Santa Casa sobre a redu\u00e7\u00e3o de atendimentos. O hospital voltou a suspender cirurgias eletivas e atendimentos ambulatoriais, priorizando casos de urg\u00eancia e emerg\u00eancia, em raz\u00e3o de dificuldades relacionadas \u00e0 disponibilidade de insumos e \u00e0 composi\u00e7\u00e3o das equipes m\u00e9dicas, conforme informou a institui\u00e7\u00e3o.<\/p>\n<p>Desde o recebimento do comunicado, em menos de 24 horas, a Sesau mobilizou equipes t\u00e9cnicas e de contrato para avaliar medidas capazes de minimizar os impactos sobre os usu\u00e1rios do SUS. Nesta quinta-feira (3), representantes da Sesau, da Secretaria de Estado de Sa\u00fade (SES) e da Santa Casa se reuniram no gabinete da Secretaria Municipal, para alinhar a\u00e7\u00f5es emergenciais diante do cen\u00e1rio apresentado.<\/p>\n<p>Como resultado da reuni\u00e3o, ficou definido um aporte pontual de R$ 4 milh\u00f5es, destinado \u00e0 aquisi\u00e7\u00e3o de insumos para auxiliar a Santa Casa neste momento. O recurso ser\u00e1 disponibilizado j\u00e1 nos pr\u00f3ximos dias, ap\u00f3s a formaliza\u00e7\u00e3o e assinatura do termo aditivo necess\u00e1rio para efetivar o repasse.<\/p>\n<p>O secret\u00e1rio municipal de Sa\u00fade, Marcelo Vilela, destaca que a atua\u00e7\u00e3o da Sesau diante do cen\u00e1rio \u00e9 pautada pela responsabilidade com os recursos p\u00fablicos e, principalmente, pela garantia da assist\u00eancia \u00e0 popula\u00e7\u00e3o. Segundo ele, a estrat\u00e9gia \u00e9 atuar de forma integrada e buscar solu\u00e7\u00f5es imediatas sem perder de vista a organiza\u00e7\u00e3o e a sustentabilidade da rede de sa\u00fade.<\/p>\n<p>\u201cEm uma situa\u00e7\u00e3o como essa, nossa prioridade \u00e9 proteger o usu\u00e1rio do SUS. Estamos trabalhando de forma integrada, com di\u00e1logo, planejamento e responsabilidade, para encontrar solu\u00e7\u00f5es que garantam a continuidade da assist\u00eancia. O aporte emergencial \u00e9 uma medida concreta, mas precisamos tamb\u00e9m olhar para toda a rede, reorganizar o que for necess\u00e1rio e utilizar cada recurso da sa\u00fade onde ele possa produzir o maior benef\u00edcio para a popula\u00e7\u00e3o\u201d, afirmou.<\/p>\n<p>Tamb\u00e9m foi definida a cria\u00e7\u00e3o de uma for\u00e7a-tarefa com reuni\u00f5es t\u00e9cnicas di\u00e1rias, reunindo diferentes \u00e1reas da Sesau, a SES e representantes da Santa Casa. O objetivo \u00e9 acompanhar a situa\u00e7\u00e3o de forma cont\u00ednua, avaliar os servi\u00e7os ofertados, os recursos dispon\u00edveis e as necessidades mais urgentes da institui\u00e7\u00e3o.<\/p>\n<p>Entre os pontos que ser\u00e3o avaliados est\u00e3o a organiza\u00e7\u00e3o dos leitos e dos servi\u00e7os atualmente ofertados pela Santa Casa, al\u00e9m da possibilidade de reorganiza\u00e7\u00e3o de recursos e, quando necess\u00e1rio, da contratualiza\u00e7\u00e3o de determinados servi\u00e7os em outros prestadores.<\/p>\n<p>O superintendente de Aten\u00e7\u00e3o Especializada e Urg\u00eancia \u00e0 Sa\u00fade (Saues), Yama Higa, destaca que a for\u00e7a-tarefa permitir\u00e1 avaliar periodicamente cada servi\u00e7o e identificar alternativas vi\u00e1veis para reduzir os impactos na assist\u00eancia.<\/p>\n<p>\u201cPrecisamos avan\u00e7ar dentro dos recursos dispon\u00edveis, avaliando o que pode ser reorganizado e quais medidas podem produzir maior impacto na assist\u00eancia\u201d, afirmou.<\/p>\n<p>Paralelamente, a Sesau est\u00e1 mobilizando as demais institui\u00e7\u00f5es hospitalares contratualizadas pelo SUS para avaliar a amplia\u00e7\u00e3o excepcional de vagas e da capacidade de atendimento, como medida tempor\u00e1ria enquanto a Santa Casa busca solucionar as quest\u00f5es relacionadas \u00e0 contrata\u00e7\u00e3o e composi\u00e7\u00e3o das equipes m\u00e9dicas.<\/p>\n<p>A Sesau refor\u00e7a que acompanha a execu\u00e7\u00e3o dos servi\u00e7os contratualizados e, diante de qualquer altera\u00e7\u00e3o na oferta assistencial, adota as provid\u00eancias necess\u00e1rias para garantir a continuidade do atendimento aos usu\u00e1rios do SUS.<\/p>\n<\/div>\n<p><script async defer async defer src=\"https:\/\/connect.facebook.net\/en_US\/sdk.js?ver=1#xfbml=1&amp;version=v3.2\" id=\"prefeitura-campogrande-script-facebook-sdk-js\"><\/script><\/p>\n","protected":false},"excerpt":{"rendered":"<p>A Secretaria Municipal de Sa\u00fade (Sesau) iniciou imediatamente uma for\u00e7a-tarefa para buscar alternativas que evitem impactos \u00e0 popula\u00e7\u00e3o ap\u00f3s ser comunicada pela Santa Casa sobre a redu\u00e7\u00e3o de atendimentos. O hospital voltou a suspender cirurgias eletivas e atendimentos ambulatoriais, priorizando casos de urg\u00eancia e emerg\u00eancia, em raz\u00e3o de dificuldades relacionadas \u00e0 disponibilidade de insumos e [&hellip;]<\/p>\n","protected":false},"author":1,"featured_media":0,"comment_status":"","ping_status":"","sticky":false,"template":"","format":"standard","meta":{"footnotes":""},"categories":[],"tags":[],"class_list":["post-54414","post","type-post","status-publish","format-standard","hentry"],"amp_enabled":true,"_links":{"self":[{"href":"https:\/\/novasdodia.com.br\/index.php\/wp-json\/wp\/v2\/posts\/54414","targetHints":{"allow":["GET"]}}],"collection":[{"href":"https:\/\/novasdodia.com.br\/index.php\/wp-json\/wp\/v2\/posts"}],"about":[{"href":"https:\/\/novasdodia.com.br\/index.php\/wp-json\/wp\/v2\/types\/post"}],"author":[{"embeddable":true,"href":"https:\/\/novasdodia.com.br\/index.php\/wp-json\/wp\/v2\/users\/1"}],"replies":[{"embeddable":true,"href":"https:\/\/novasdodia.com.br\/index.php\/wp-json\/wp\/v2\/comments?post=54414"}],"version-history":[{"count":0,"href":"https:\/\/novasdodia.com.br\/index.php\/wp-json\/wp\/v2\/posts\/54414\/revisions"}],"wp:attachment":[{"href":"https:\/\/novasdodia.com.br\/index.php\/wp-json\/wp\/v2\/media?parent=54414"}],"wp:term":[{"taxonomy":"category","embeddable":true,"href":"https:\/\/novasdodia.com.br\/index.php\/wp-json\/wp\/v2\/categories?post=54414"},{"taxonomy":"post_tag","embeddable":true,"href":"https:\/\/novasdodia.com.br\/index.php\/wp-json\/wp\/v2\/tags?post=54414"}],"curies":[{"name":"wp","href":"https:\/\/api.w.org\/{rel}","templated":true}]}}