{"id":54417,"date":"2026-09-03T18:25:44","date_gmt":"2026-09-03T21:25:44","guid":{"rendered":"https:\/\/novasdodia.com.br\/index.php\/2026\/09\/03\/parque-das-tres-ruas-tem-tres-dias-de-eventos-no-feriadao-da-independencia\/"},"modified":"2026-09-03T18:25:44","modified_gmt":"2026-09-03T21:25:44","slug":"parque-das-tres-ruas-tem-tres-dias-de-eventos-no-feriadao-da-independencia","status":"publish","type":"post","link":"https:\/\/novasdodia.com.br\/index.php\/2026\/09\/03\/parque-das-tres-ruas-tem-tres-dias-de-eventos-no-feriadao-da-independencia\/","title":{"rendered":"Parque das Tr\u00eas Ruas tem tr\u00eas dias de eventos no feriad\u00e3o da Independ\u00eancia"},"content":{"rendered":"<p><\/p>\n<div id=\"texto\">\n<p>O feriado de 7 de setembro, em comemora\u00e7\u00e3o \u00e0 Independ\u00eancia do Brasil, ter\u00e1 uma programa\u00e7\u00e3o especial no Parque Linear das Tr\u00eas Ruas, no bairro dos Banc\u00e1rios. Entre s\u00e1bado (5) e segunda-feira (7), o espa\u00e7o re\u00fane a \u2018Noite do Brega\u2019, o \u2018Assustado da Independ\u00eancia\u2019, al\u00e9m dos tradicionais \u2018Festival de Gastronomia, Feira de Artesanato e Colecion\u00e1veis e Brech\u00f3\u2019.<\/p>\n<p>Ao longo dos tr\u00eas dias, das 16h \u00e0s 22h, o parque ser\u00e1 ocupado pelos Festival de Gastronomia, Feira de Artesanato e Colecion\u00e1veis e o brech\u00f3. O evento, como de costume, agrega artes\u00e3os e empreendedores, oferecendo ao p\u00fablico op\u00e7\u00f5es de compras, alimenta\u00e7\u00e3o e lazer.<\/p>\n<p>J\u00e1 no domingo (6), o destaque fica por conta da \u2018Noite do Brega\u2019. A partir das 18h, Ronaldo Rossi sobe ao palco para embalar o p\u00fablico com sucessos do g\u00eanero, em uma noite que promete muita m\u00fasica, nostalgia e aquela dose de romantismo.<\/p>\n<p>Finalmente, na segunda-feira (7), Dia da Independ\u00eancia do Brasil, a programa\u00e7\u00e3o come\u00e7a mais cedo. A partir das 16h, com o \u2018Assustado da Independ\u00eancia\u2019, uma matin\u00ea comandada pelo DJ Bob Wagner.<\/p>\n<figure class=\"wp-block-gallery has-nested-images columns-default is-cropped wp-block-gallery-1 is-layout-flex wp-block-gallery-is-layout-flex\">\n<figure class=\"wp-block-image size-large\"><\/figure>\n<figure class=\"wp-block-image size-large\"><\/figure>\n<\/figure>\n<p>Segundo o presidente do Comit\u00ea Gestor do Parque das Tr\u00eas Ruas, Jo\u00e3o Eduardo, a iniciativa busca fortalecer a rela\u00e7\u00e3o do espa\u00e7o com os moradores da regi\u00e3o. \u201cSer\u00e1 mais um momento de calorosa acolhida do Parque das Tr\u00eas Ruas aos seus frequentadores. Queremos que as fam\u00edlias encontrem aqui um espa\u00e7o de conviv\u00eancia, cultura, lazer e alegria. Celebrar a Independ\u00eancia do Brasil dessa forma, reunindo moradores, visitantes, artistas, artes\u00e3os e empreendedores, fortalece o sentimento de pertencimento e mostra que o parque est\u00e1 vivo e cada vez mais pr\u00f3ximo das pessoas\u201d, destaca.<\/p>\n<p>Al\u00e9m das atra\u00e7\u00f5es culturais, a programa\u00e7\u00e3o tamb\u00e9m pretende movimentar a economia criativa e dar visibilidade a pequenos empreendedores. A inten\u00e7\u00e3o \u00e9 oferecer ao p\u00fablico op\u00e7\u00f5es de gastronomia, artesanato, colecion\u00e1veis e brech\u00f3, ao mesmo tempo em que amplia alternativas gratuitas de cultura e lazer na regi\u00e3o da Zona Sul.<\/p>\n<p>A expectativa dos organizadores \u00e9 de intensa movimenta\u00e7\u00e3o durante os tr\u00eas dias, consolidando o Parque das Tr\u00eas Ruas como um espa\u00e7o de conviv\u00eancia e lazer para os moradores dos Banc\u00e1rios e de bairros vizinhos.<\/p>\n<p><strong>Programa\u00e7\u00e3o<\/strong><strong> no Parque das Tr\u00eas Ruas<\/strong><\/p>\n<p><strong>Dias: 5, 6 e 7 de setembro<\/strong><\/p>\n<p>Hor\u00e1rio: das 16h \u00e0s 22h<\/p>\n<p>Festival de Gastronomia<\/p>\n<p>Feira de Artesanato e Colecion\u00e1veis<\/p>\n<p>Brech\u00f3<\/p>\n<p><strong>Dia: 6 de setembro<\/strong><\/p>\n<p>Hor\u00e1rio: 18h<\/p>\n<p>Noite do Brega \u2013 Ronaldo Rossi<\/p>\n<p><strong>Dia: 7 de setembro<\/strong><\/p>\n<p>Hor\u00e1rio: 16h<\/p>\n<p>Assustado da Independ\u00eancia \u2013 DJ Bob Wagner<\/p>\n<\/p><\/div>\n","protected":false},"excerpt":{"rendered":"<p>O feriado de 7 de setembro, em comemora\u00e7\u00e3o \u00e0 Independ\u00eancia do Brasil, ter\u00e1 uma programa\u00e7\u00e3o especial no Parque Linear das Tr\u00eas Ruas, no bairro dos Banc\u00e1rios. Entre s\u00e1bado (5) e segunda-feira (7), o espa\u00e7o re\u00fane a \u2018Noite do Brega\u2019, o \u2018Assustado da Independ\u00eancia\u2019, al\u00e9m dos tradicionais \u2018Festival de Gastronomia, Feira de Artesanato e Colecion\u00e1veis e [&hellip;]<\/p>\n","protected":false},"author":1,"featured_media":0,"comment_status":"","ping_status":"","sticky":false,"template":"","format":"standard","meta":{"footnotes":""},"categories":[1],"tags":[],"class_list":["post-54417","post","type-post","status-publish","format-standard","hentry","category-noticias"],"amp_enabled":true,"_links":{"self":[{"href":"https:\/\/novasdodia.com.br\/index.php\/wp-json\/wp\/v2\/posts\/54417","targetHints":{"allow":["GET"]}}],"collection":[{"href":"https:\/\/novasdodia.com.br\/index.php\/wp-json\/wp\/v2\/posts"}],"about":[{"href":"https:\/\/novasdodia.com.br\/index.php\/wp-json\/wp\/v2\/types\/post"}],"author":[{"embeddable":true,"href":"https:\/\/novasdodia.com.br\/index.php\/wp-json\/wp\/v2\/users\/1"}],"replies":[{"embeddable":true,"href":"https:\/\/novasdodia.com.br\/index.php\/wp-json\/wp\/v2\/comments?post=54417"}],"version-history":[{"count":0,"href":"https:\/\/novasdodia.com.br\/index.php\/wp-json\/wp\/v2\/posts\/54417\/revisions"}],"wp:attachment":[{"href":"https:\/\/novasdodia.com.br\/index.php\/wp-json\/wp\/v2\/media?parent=54417"}],"wp:term":[{"taxonomy":"category","embeddable":true,"href":"https:\/\/novasdodia.com.br\/index.php\/wp-json\/wp\/v2\/categories?post=54417"},{"taxonomy":"post_tag","embeddable":true,"href":"https:\/\/novasdodia.com.br\/index.php\/wp-json\/wp\/v2\/tags?post=54417"}],"curies":[{"name":"wp","href":"https:\/\/api.w.org\/{rel}","templated":true}]}}