{"id":54425,"date":"2026-09-03T23:19:37","date_gmt":"2026-09-04T02:19:37","guid":{"rendered":"https:\/\/novasdodia.com.br\/index.php\/2026\/09\/03\/projeto-apoiado-pela-inova-ifsp-da-origem-a-livro-sobre-a-uva-de-palmeira-doeste-ifsp\/"},"modified":"2026-09-03T23:19:37","modified_gmt":"2026-09-04T02:19:37","slug":"projeto-apoiado-pela-inova-ifsp-da-origem-a-livro-sobre-a-uva-de-palmeira-doeste-ifsp","status":"publish","type":"post","link":"https:\/\/novasdodia.com.br\/index.php\/2026\/09\/03\/projeto-apoiado-pela-inova-ifsp-da-origem-a-livro-sobre-a-uva-de-palmeira-doeste-ifsp\/","title":{"rendered":"Projeto apoiado pela Inova-IFSP d\u00e1 origem a livro sobre a uva de Palmeira D\u2019Oeste &#8211; IFSP"},"content":{"rendered":"<p><\/p>\n<div>\n<div class=\"subtitle\">\n<p>Pesquisa percorreu etapas de diagn\u00f3stico, aprova\u00e7\u00e3o e divulga\u00e7\u00e3o cient\u00edfica e re\u00fane subs\u00eddios para uma futura Indica\u00e7\u00e3o Geogr\u00e1fica<\/p>\n<\/div>\n<p><!-- fim .content-header-options-1 --><\/p>\n<p class=\"isSelectedEnd\">Um projeto desenvolvido no Instituto Federal de S\u00e3o Paulo (IFSP), com apoio da Ag\u00eancia de Inova\u00e7\u00e3o e Transfer\u00eancia de Tecnologia (Inova-IFSP), deu origem ao livro <em>Palmeira D\u2019Oeste: onde a uva tem hist\u00f3ria, sabor e identidade<\/em>. A publica\u00e7\u00e3o ser\u00e1 lan\u00e7ada no s\u00e1bado, 12 de setembro, das 14h \u00e0s 17h, no Espa\u00e7o Sebrae, durante a 34\u00aa Feira da Uva de Palmeira D\u2019Oeste.<\/p>\n<p class=\"isSelectedEnd\">De autoria do professor de Geografia Alessandro Lemos de Oliveira, atualmente em exerc\u00edcio no Campus S\u00e3o Jos\u00e9 do Rio Preto, a obra re\u00fane resultados do projeto \u201cDiagn\u00f3stico de potencial de IG para a uva de Palmeira D\u2019Oeste\u201d, desenvolvido durante a atua\u00e7\u00e3o do docente no Campus Votuporanga.<\/p>\n<p class=\"isSelectedEnd\">Alessandro atuou em Votuporanga, entre 2019 e 2026, por meio de projeto institucional entre o Instituto Federal do Tocantins (IFTO) e o IFSP. Nesse per\u00edodo, foi respons\u00e1vel pela submiss\u00e3o da proposta ao Edital n\u00ba 495\/2023 da Inova-IFSP, voltado \u00e0 elabora\u00e7\u00e3o de projetos de Indica\u00e7\u00e3o Geogr\u00e1fica (IG).<\/p>\n<p class=\"isSelectedEnd\">O pr\u00f3prio livro registra sua origem no projeto contemplado pelo edital e apresenta como objetivo da pesquisa o levantamento de dados sobre a hist\u00f3ria da produ\u00e7\u00e3o de uvas em Palmeira D\u2019Oeste e seu potencial para uma Indica\u00e7\u00e3o Geogr\u00e1fica de Proced\u00eancia.<\/p>\n<p><strong>Uma demanda do territ\u00f3rio chega ao IFSP<\/strong><\/p>\n<p class=\"isSelectedEnd\">A pesquisa surgiu a partir de uma demanda que j\u00e1 vinha sendo discutida pelo Sebrae de Votuporanga com produtores da regi\u00e3o. Segundo Alessandro, entre 2021 e 2022 come\u00e7aram as conversas sobre a possibilidade de buscar uma Indica\u00e7\u00e3o Geogr\u00e1fica para a produ\u00e7\u00e3o de uvas. Em 2023, o Sebrae procurou o IFSP para estabelecer uma parceria voltada a a\u00e7\u00f5es de esclarecimento sobre o instrumento e seus poss\u00edveis benef\u00edcios.<\/p>\n<p class=\"isSelectedEnd\">Por conhecer a hist\u00f3ria da produ\u00e7\u00e3o de uvas no Noroeste Paulista, Alessandro passou a integrar a iniciativa e submeteu o projeto ao Edital n\u00ba 495\/2023 da Inova-IFSP.<\/p>\n<p class=\"isSelectedEnd\">A proposta teve como objetivo levantar o hist\u00f3rico do desenvolvimento do cultivo da uva em Palmeira D\u2019Oeste e seu entorno, sua import\u00e2ncia para a economia local e os elementos relacionados \u00e0 possibilidade de pleitear uma Indica\u00e7\u00e3o Geogr\u00e1fica de Proced\u00eancia.<\/p>\n<p class=\"isSelectedEnd\">O apoio da Inova-IFSP tamb\u00e9m envolveu orienta\u00e7\u00e3o e forma\u00e7\u00e3o para o desenvolvimento das atividades. Durante a prepara\u00e7\u00e3o do projeto, Alessandro participou do curso de Indica\u00e7\u00f5es Geogr\u00e1ficas e Marcas Coletivas, ofertado pelo Instituto Nacional da Propriedade Industrial (INPI), e de atividade sobre a trajet\u00f3ria da IG Parmigiano Reggiano promovida pelo IFSP.<\/p>\n<p class=\"isSelectedEnd\">\u201cA Inova-IFSP desempenhou um trabalho muito importante, desde as orienta\u00e7\u00f5es sobre a demanda a ser atendida junto ao Sebrae e aos produtores at\u00e9 as orienta\u00e7\u00f5es e capacita\u00e7\u00f5es dentro do campo de estudos da IG, uma vez que essa era uma \u00e1rea nova para mim\u201d, explica Alessandro.<\/p>\n<p><strong>Do diagn\u00f3stico ao livro<\/strong><\/p>\n<p class=\"isSelectedEnd\">A publica\u00e7\u00e3o \u00e9 resultado de uma trajet\u00f3ria que passou por diferentes etapas de pesquisa, sistematiza\u00e7\u00e3o e divulga\u00e7\u00e3o do conhecimento produzido pelo projeto.<\/p>\n<p class=\"isSelectedEnd\">Entre outubro e novembro de 2023, foram realizadas a\u00e7\u00f5es de sensibiliza\u00e7\u00e3o e reuni\u00f5es com lideran\u00e7as e produtores para apresentar o conceito de Indica\u00e7\u00e3o Geogr\u00e1fica e verificar o interesse em buscar uma Indica\u00e7\u00e3o de Proced\u00eancia para a uva. Entre novembro de 2023 e fevereiro de 2024, o projeto concentrou-se no resgate hist\u00f3rico da cultura da uva, no levantamento de dados e em pesquisas complementares.<\/p>\n<p class=\"isSelectedEnd\">O trabalho resultou na elabora\u00e7\u00e3o de um invent\u00e1rio da uva de Palmeira D\u2019Oeste, reunindo e sistematizando informa\u00e7\u00f5es hist\u00f3ricas, produtivas e territoriais necess\u00e1rias ao avan\u00e7o das discuss\u00f5es sobre uma futura IG. O Relat\u00f3rio Final do Projeto foi elaborado entre mar\u00e7o e abril de 2024 e, posteriormente, aprovado pela Inova-IFSP.<\/p>\n<p class=\"isSelectedEnd\">O relat\u00f3rio forneceu material para a produ\u00e7\u00e3o de <em>Palmeira D\u2019Oeste: onde a uva tem hist\u00f3ria, sabor e identidade<\/em>. O livro amplia o alcance das informa\u00e7\u00f5es reunidas durante o projeto ao organizar em uma publica\u00e7\u00e3o a trajet\u00f3ria da viticultura regional, dados sobre a produ\u00e7\u00e3o e elementos que poder\u00e3o subsidiar as pr\u00f3ximas etapas do processo de uma poss\u00edvel Indica\u00e7\u00e3o Geogr\u00e1fica.<\/p>\n<p class=\"isSelectedEnd\">Antes da publica\u00e7\u00e3o da obra, os resultados da pesquisa tamb\u00e9m chegaram ao meio cient\u00edfico. Em 2025, o trabalho sobre o potencial da uva de Palmeira D\u2019Oeste para uma Indica\u00e7\u00e3o Geogr\u00e1fica foi apresentado em congresso, ampliando a divulga\u00e7\u00e3o do conhecimento produzido a partir do projeto.<\/p>\n<p><strong>Pesquisa recupera a hist\u00f3ria da viticultura regional<\/strong><\/p>\n<p class=\"isSelectedEnd\">A constru\u00e7\u00e3o do diagn\u00f3stico envolveu pesquisa documental, levantamento de dados e di\u00e1logo com produtores e institui\u00e7\u00f5es. Participaram desse processo, de diferentes formas, a Embrapa de Jales, as Casas da Agricultura (CATI) de Palmeira D\u2019Oeste e Jales, o Sebrae de Votuporanga, a Associa\u00e7\u00e3o dos Produtores Rurais de Palmeira D\u2019Oeste e Regi\u00e3o, a Cooperativa Agropecu\u00e1ria de Palmeira D\u2019Oeste (COOAPALM), a Cooperativa Agr\u00edcola Sul Brasil Ltda e o Jornal de Jales.<\/p>\n<p class=\"isSelectedEnd\">A pesquisa recuperou mais de tr\u00eas d\u00e9cadas de produ\u00e7\u00e3o de uvas na regi\u00e3o e reuniu informa\u00e7\u00f5es sobre fam\u00edlias ligadas ao in\u00edcio da atividade, o surgimento das associa\u00e7\u00f5es, a produ\u00e7\u00e3o nos anos 1990, a cria\u00e7\u00e3o da Festa da Uva \u2014 atualmente Feira da Uva \u2014 e a organiza\u00e7\u00e3o da cooperativa.<\/p>\n<p class=\"isSelectedEnd\">Tamb\u00e9m foram sistematizados dados sobre a produ\u00e7\u00e3o atual. Informa\u00e7\u00f5es reunidas na obra mostram que as uvas de Palmeira D\u2019Oeste s\u00e3o comercializadas em diferentes estados brasileiros. Em 2023, considerando os 20 viticultores associados \u00e0 COOAPALM abrangidos pelo levantamento, as receitas registradas com safra, safrinha e vendas para a merenda escolar totalizaram R$ 2.827.779,10.<\/p>\n<p><strong>Conhecimento para os pr\u00f3ximos passos da IG<\/strong><\/p>\n<p class=\"isSelectedEnd\">Al\u00e9m de registrar a mem\u00f3ria da viticultura regional, o trabalho realizado pelo IFSP poder\u00e1 subsidiar etapas futuras relacionadas \u00e0 poss\u00edvel solicita\u00e7\u00e3o de uma Indica\u00e7\u00e3o Geogr\u00e1fica de Proced\u00eancia.<\/p>\n<p class=\"isSelectedEnd\">O estudo prop\u00f5e uma delimita\u00e7\u00e3o territorial formada por Palmeira D\u2019Oeste, Marin\u00f3polis e S\u00e3o Francisco, munic\u00edpios que mant\u00eam rela\u00e7\u00e3o hist\u00f3rica com o desenvolvimento da viticultura na regi\u00e3o.<\/p>\n<p class=\"isSelectedEnd\">\u201cEste material vai servir de base para os pr\u00f3ximos passos no caminho da obten\u00e7\u00e3o de uma IG de Proced\u00eancia para a uva de nossa regi\u00e3o, uma vez que, para a obten\u00e7\u00e3o junto ao INPI, a comprova\u00e7\u00e3o hist\u00f3rica \u00e9 um dos elementos mais importantes\u201d, afirma Alessandro.<\/p>\n<p class=\"isSelectedEnd\">A Indica\u00e7\u00e3o Geogr\u00e1fica \u00e9 utilizada para identificar produtos ou servi\u00e7os vinculados a determinado territ\u00f3rio. Entre os poss\u00edveis efeitos associados ao reconhecimento est\u00e3o a abertura de mercados, a padroniza\u00e7\u00e3o e melhoria dos produtos, a valoriza\u00e7\u00e3o do patrim\u00f4nio cultural, o desenvolvimento rural e o est\u00edmulo ao turismo. A pesquisa ressalta que os benef\u00edcios n\u00e3o se restringem a um eventual aumento no pre\u00e7o do produto.<\/p>\n<p class=\"isSelectedEnd\">Para Alessandro, os resultados concretos para os produtores depender\u00e3o tamb\u00e9m da continuidade do trabalho ap\u00f3s uma eventual conquista da IG. \u201cA mudan\u00e7a concreta na vida dos produtores, uma vez conquistada a IG, depender\u00e1 muito da forma como ser\u00e1 conduzido o processo de orienta\u00e7\u00f5es e acompanhamento junto aos produtores de uva\u201d, avalia.<\/p>\n<p class=\"isSelectedEnd\">Novas etapas poder\u00e3o envolver a COOAPALM, o Sebrae, o IFSP e outras institui\u00e7\u00f5es parceiras, dando continuidade ao processo iniciado com o diagn\u00f3stico.<\/p>\n<p><strong>Pesquisa retorna ao territ\u00f3rio<\/strong><\/p>\n<p class=\"isSelectedEnd\">O lan\u00e7amento durante a 34\u00aa Feira da Uva aproxima o resultado da pesquisa do territ\u00f3rio onde o projeto foi desenvolvido. A publica\u00e7\u00e3o re\u00fane informa\u00e7\u00f5es hist\u00f3ricas, registros, dados sobre a produ\u00e7\u00e3o e elementos relacionados \u00e0 poss\u00edvel Indica\u00e7\u00e3o Geogr\u00e1fica.<\/p>\n<p class=\"isSelectedEnd\">O livro registra ainda a contribui\u00e7\u00e3o de viticultores, ex-viticultores, jornalistas e servidores de diferentes institui\u00e7\u00f5es para a reconstru\u00e7\u00e3o da trajet\u00f3ria da viticultura no Noroeste Paulista.<\/p>\n<p>Assim, a trajet\u00f3ria iniciada a partir de uma demanda regional e apoiada institucionalmente pela Inova-IFSP passa pela pesquisa, pela sistematiza\u00e7\u00e3o e aprova\u00e7\u00e3o dos resultados, pela divulga\u00e7\u00e3o cient\u00edfica e chega \u00e0 publica\u00e7\u00e3o de uma obra que devolve \u00e0 comunidade parte do conhecimento produzido sobre sua pr\u00f3pria hist\u00f3ria.<\/p>\n<\/div>\n","protected":false},"excerpt":{"rendered":"<p>Pesquisa percorreu etapas de diagn\u00f3stico, aprova\u00e7\u00e3o e divulga\u00e7\u00e3o cient\u00edfica e re\u00fane subs\u00eddios para uma futura Indica\u00e7\u00e3o Geogr\u00e1fica Um projeto desenvolvido no Instituto Federal de S\u00e3o Paulo (IFSP), com apoio da Ag\u00eancia de Inova\u00e7\u00e3o e Transfer\u00eancia de Tecnologia (Inova-IFSP), deu origem ao livro Palmeira D\u2019Oeste: onde a uva tem hist\u00f3ria, sabor e identidade. A publica\u00e7\u00e3o ser\u00e1 [&hellip;]<\/p>\n","protected":false},"author":1,"featured_media":0,"comment_status":"","ping_status":"","sticky":false,"template":"","format":"standard","meta":{"footnotes":""},"categories":[1],"tags":[],"class_list":["post-54425","post","type-post","status-publish","format-standard","hentry","category-noticias"],"amp_enabled":true,"_links":{"self":[{"href":"https:\/\/novasdodia.com.br\/index.php\/wp-json\/wp\/v2\/posts\/54425","targetHints":{"allow":["GET"]}}],"collection":[{"href":"https:\/\/novasdodia.com.br\/index.php\/wp-json\/wp\/v2\/posts"}],"about":[{"href":"https:\/\/novasdodia.com.br\/index.php\/wp-json\/wp\/v2\/types\/post"}],"author":[{"embeddable":true,"href":"https:\/\/novasdodia.com.br\/index.php\/wp-json\/wp\/v2\/users\/1"}],"replies":[{"embeddable":true,"href":"https:\/\/novasdodia.com.br\/index.php\/wp-json\/wp\/v2\/comments?post=54425"}],"version-history":[{"count":0,"href":"https:\/\/novasdodia.com.br\/index.php\/wp-json\/wp\/v2\/posts\/54425\/revisions"}],"wp:attachment":[{"href":"https:\/\/novasdodia.com.br\/index.php\/wp-json\/wp\/v2\/media?parent=54425"}],"wp:term":[{"taxonomy":"category","embeddable":true,"href":"https:\/\/novasdodia.com.br\/index.php\/wp-json\/wp\/v2\/categories?post=54425"},{"taxonomy":"post_tag","embeddable":true,"href":"https:\/\/novasdodia.com.br\/index.php\/wp-json\/wp\/v2\/tags?post=54425"}],"curies":[{"name":"wp","href":"https:\/\/api.w.org\/{rel}","templated":true}]}}