{"id":54428,"date":"2026-09-04T00:43:33","date_gmt":"2026-09-04T03:43:33","guid":{"rendered":"https:\/\/novasdodia.com.br\/index.php\/2026\/09\/04\/prefeitura-reforca-zeladoria-em-ipanema-com-instalacao-de-100-novas-papeleiras-e-servicos-de-manutencao-urbana-prefeitura-da-cidade-do-rio-de-janeiro\/"},"modified":"2026-09-04T00:43:33","modified_gmt":"2026-09-04T03:43:33","slug":"prefeitura-reforca-zeladoria-em-ipanema-com-instalacao-de-100-novas-papeleiras-e-servicos-de-manutencao-urbana-prefeitura-da-cidade-do-rio-de-janeiro","status":"publish","type":"post","link":"https:\/\/novasdodia.com.br\/index.php\/2026\/09\/04\/prefeitura-reforca-zeladoria-em-ipanema-com-instalacao-de-100-novas-papeleiras-e-servicos-de-manutencao-urbana-prefeitura-da-cidade-do-rio-de-janeiro\/","title":{"rendered":"Prefeitura refor\u00e7a zeladoria em Ipanema com instala\u00e7\u00e3o de 100 novas papeleiras e servi\u00e7os de manuten\u00e7\u00e3o urbana &#8211; Prefeitura da Cidade do Rio de Janeiro"},"content":{"rendered":"<p><\/p>\n<div id=\"avWBGd-102\">\n<div dir=\"ltr\">\n<p>A Prefeitura do Rio, por meio da Comlurb e da Subprefeitura da Zona Sul, realizou nesta quinta-feira (3\/9) uma a\u00e7\u00e3o integrada de zeladoria em Ipanema, com foco na limpeza, conserva\u00e7\u00e3o e melhoria da estrutura dos espa\u00e7os p\u00fablicos. As equipes atuaram na Pra\u00e7a Nossa Senhora da Paz e em ruas do entorno, incluindo Maria Quit\u00e9ria, Joana Ang\u00e9lica, Visconde de Piraj\u00e1, Bar\u00e3o da Torre e Vin\u00edcius de Moraes. A reorganiza\u00e7\u00e3o da instala\u00e7\u00e3o de papeleiras est\u00e1 sendo feita em todas as regi\u00f5es da cidade.<\/p>\n<p>Entre os servi\u00e7os realizados est\u00e1 a implanta\u00e7\u00e3o de 100 novas papeleiras, ampliando a estrutura dispon\u00edvel para o descarte adequado de pequenos res\u00edduos e refor\u00e7ando as a\u00e7\u00f5es de limpeza urbana na regi\u00e3o. A iniciativa tamb\u00e9m contou com limpeza hidr\u00e1ulica das cal\u00e7adas, capina na Pra\u00e7a Nossa Senhora da Paz, al\u00e9m de pintura e limpeza de postes e totens instalados na localidade.<\/p>\n<\/div>\n<blockquote>\n<p>\u2014 A Comlurb conta com um programa constante de instala\u00e7\u00e3o de papeleiras em grandes corredores comerciais e com maior fluxo de pedestres, em todas as regi\u00f5es da cidade. O servi\u00e7o \u00e9 realizado em parceria com as Subprefeituras \u2014 disse o presidente da Comlurb, Renato Rodrigues.<\/p>\n<\/blockquote>\n<div dir=\"ltr\">A a\u00e7\u00e3o faz parte do trabalho permanente de zeladoria desenvolvido na Zona Sul, com interven\u00e7\u00f5es voltadas \u00e0 conserva\u00e7\u00e3o dos espa\u00e7os p\u00fablicos e \u00e0 melhoria das condi\u00e7\u00f5es de circula\u00e7\u00e3o e conviv\u00eancia para moradores, trabalhadores e visitantes.<\/p>\n<p>Segundo o subprefeito da Zona Sul, Pedro Angelito, a manuten\u00e7\u00e3o dos bairros exige atua\u00e7\u00e3o cont\u00ednua e a integra\u00e7\u00e3o entre os diferentes \u00f3rg\u00e3os municipais.<\/p>\n<\/div>\n<blockquote>\n<p>\u2014 Estamos ampliando as a\u00e7\u00f5es de zeladoria e cuidado com os espa\u00e7os p\u00fablicos em toda a Zona Sul. A instala\u00e7\u00e3o de novas papeleiras pela Comlurb amplia os pontos adequados para o descarte de res\u00edduos e contribui diretamente para manter nossas ruas mais limpas. Tamb\u00e9m contamos com a colabora\u00e7\u00e3o dos moradores para fazer o descarte correto e ajudar a preservar os espa\u00e7os que s\u00e3o de todos \u2014 afirmou o subprefeito.<\/p>\n<\/blockquote>\n<p>Com a a\u00e7\u00e3o, a Prefeitura refor\u00e7a a presen\u00e7a das equipes de zeladoria em uma das \u00e1reas de maior circula\u00e7\u00e3o de Ipanema e mant\u00e9m o trabalho de conserva\u00e7\u00e3o dos espa\u00e7os p\u00fablicos como uma das prioridades para a Zona Sul.<\/p>\n<\/div>\n","protected":false},"excerpt":{"rendered":"<p>A Prefeitura do Rio, por meio da Comlurb e da Subprefeitura da Zona Sul, realizou nesta quinta-feira (3\/9) uma a\u00e7\u00e3o integrada de zeladoria em Ipanema, com foco na limpeza, conserva\u00e7\u00e3o e melhoria da estrutura dos espa\u00e7os p\u00fablicos. As equipes atuaram na Pra\u00e7a Nossa Senhora da Paz e em ruas do entorno, incluindo Maria Quit\u00e9ria, Joana [&hellip;]<\/p>\n","protected":false},"author":1,"featured_media":0,"comment_status":"","ping_status":"","sticky":false,"template":"","format":"standard","meta":{"footnotes":""},"categories":[1],"tags":[],"class_list":["post-54428","post","type-post","status-publish","format-standard","hentry","category-noticias"],"amp_enabled":true,"_links":{"self":[{"href":"https:\/\/novasdodia.com.br\/index.php\/wp-json\/wp\/v2\/posts\/54428","targetHints":{"allow":["GET"]}}],"collection":[{"href":"https:\/\/novasdodia.com.br\/index.php\/wp-json\/wp\/v2\/posts"}],"about":[{"href":"https:\/\/novasdodia.com.br\/index.php\/wp-json\/wp\/v2\/types\/post"}],"author":[{"embeddable":true,"href":"https:\/\/novasdodia.com.br\/index.php\/wp-json\/wp\/v2\/users\/1"}],"replies":[{"embeddable":true,"href":"https:\/\/novasdodia.com.br\/index.php\/wp-json\/wp\/v2\/comments?post=54428"}],"version-history":[{"count":0,"href":"https:\/\/novasdodia.com.br\/index.php\/wp-json\/wp\/v2\/posts\/54428\/revisions"}],"wp:attachment":[{"href":"https:\/\/novasdodia.com.br\/index.php\/wp-json\/wp\/v2\/media?parent=54428"}],"wp:term":[{"taxonomy":"category","embeddable":true,"href":"https:\/\/novasdodia.com.br\/index.php\/wp-json\/wp\/v2\/categories?post=54428"},{"taxonomy":"post_tag","embeddable":true,"href":"https:\/\/novasdodia.com.br\/index.php\/wp-json\/wp\/v2\/tags?post=54428"}],"curies":[{"name":"wp","href":"https:\/\/api.w.org\/{rel}","templated":true}]}}