{"id":54429,"date":"2026-09-04T01:25:33","date_gmt":"2026-09-04T04:25:33","guid":{"rendered":"https:\/\/novasdodia.com.br\/index.php\/2026\/09\/04\/inscricoes-abertas-para-projetos-culturais-prefeitura-estancia-turistica-guaratingueta\/"},"modified":"2026-09-04T01:25:33","modified_gmt":"2026-09-04T04:25:33","slug":"inscricoes-abertas-para-projetos-culturais-prefeitura-estancia-turistica-guaratingueta","status":"publish","type":"post","link":"https:\/\/novasdodia.com.br\/index.php\/2026\/09\/04\/inscricoes-abertas-para-projetos-culturais-prefeitura-estancia-turistica-guaratingueta\/","title":{"rendered":"inscri\u00e7\u00f5es abertas para projetos culturais \u2013 Prefeitura Est\u00e2ncia Tur\u00edstica Guaratinguet\u00e1"},"content":{"rendered":"<p><\/p>\n<div>\n<p>A Prefeitura de Guaratinguet\u00e1, por meio da Secretaria Municipal de Cultura, torna p\u00fablico o Edital n\u00ba 006\/2026 \u2013 Fomento a Projetos Continuados de Pontos de Cultura \u2013 CULTURA VIVA, com recursos da Pol\u00edtica Nacional Aldir Blanc de Fomento \u00e0 Cultura (PNAB).<\/p>\n<p>\u00a0<\/p>\n<p>\u00a0Inscri\u00e7\u00f5es: de 3 a 18 de setembro de 2026.<\/p>\n<p>\u00a0<\/p>\n<p>A iniciativa tem como objetivo fortalecer as a\u00e7\u00f5es culturais do munic\u00edpio, ampliar o acesso a recursos e valorizar iniciativas que contribuem para a diversidade e a identidade cultural de Guaratinguet\u00e1.<\/p>\n<p>\u00a0<\/p>\n<p>O edital busca ainda incentivar a pluralidade art\u00edstica, fortalecer a economia criativa, promover a gera\u00e7\u00e3o de emprego e renda e estimular o interc\u00e2mbio entre diferentes express\u00f5es culturais.<\/p>\n<p>\u00a0<\/p>\n<p>\u00a0Confira o edital, os crit\u00e9rios e saiba como participar:<\/p>\n<blockquote class=\"wp-embedded-content\" data-secret=\"OUyu49P1H4\">\n<p>PNAB<\/p>\n<\/blockquote>\n<p><iframe class=\"wp-embedded-content lazyload\" sandbox=\"allow-scripts\" security=\"restricted\" style=\"position: absolute; clip: rect(1px, 1px, 1px, 1px);\" title=\"\u201cPNAB\u201d \u2014 Prefeitura Est\u00e2ncia Tur\u00edstica Guaratinguet\u00e1\" data-secret=\"OUyu49P1H4\" width=\"600\" height=\"338\" frameborder=\"0\" marginwidth=\"0\" marginheight=\"0\" scrolling=\"no\" data-src=\"https:\/\/guaratingueta.sp.gov.br\/pnab\/embed\/#?secret=ZoiT5HqB8k#?secret=OUyu49P1H4\"><\/iframe><\/p>\n<p>\u00a0<\/p>\n<p style=\"text-align: center;\">A a\u00e7\u00e3o refor\u00e7a o compromisso do munic\u00edpio com o desenvolvimento da cultura e com o fortalecimento de artistas, produtores, coletivos e iniciativas culturais.<\/p>\n<\/p><\/div>\n","protected":false},"excerpt":{"rendered":"<p>A Prefeitura de Guaratinguet\u00e1, por meio da Secretaria Municipal de Cultura, torna p\u00fablico o Edital n\u00ba 006\/2026 \u2013 Fomento a Projetos Continuados de Pontos de Cultura \u2013 CULTURA VIVA, com recursos da Pol\u00edtica Nacional Aldir Blanc de Fomento \u00e0 Cultura (PNAB). \u00a0 \u00a0Inscri\u00e7\u00f5es: de 3 a 18 de setembro de 2026. \u00a0 A iniciativa tem [&hellip;]<\/p>\n","protected":false},"author":1,"featured_media":0,"comment_status":"","ping_status":"","sticky":false,"template":"","format":"standard","meta":{"footnotes":""},"categories":[1],"tags":[],"class_list":["post-54429","post","type-post","status-publish","format-standard","hentry","category-noticias"],"amp_enabled":true,"_links":{"self":[{"href":"https:\/\/novasdodia.com.br\/index.php\/wp-json\/wp\/v2\/posts\/54429","targetHints":{"allow":["GET"]}}],"collection":[{"href":"https:\/\/novasdodia.com.br\/index.php\/wp-json\/wp\/v2\/posts"}],"about":[{"href":"https:\/\/novasdodia.com.br\/index.php\/wp-json\/wp\/v2\/types\/post"}],"author":[{"embeddable":true,"href":"https:\/\/novasdodia.com.br\/index.php\/wp-json\/wp\/v2\/users\/1"}],"replies":[{"embeddable":true,"href":"https:\/\/novasdodia.com.br\/index.php\/wp-json\/wp\/v2\/comments?post=54429"}],"version-history":[{"count":0,"href":"https:\/\/novasdodia.com.br\/index.php\/wp-json\/wp\/v2\/posts\/54429\/revisions"}],"wp:attachment":[{"href":"https:\/\/novasdodia.com.br\/index.php\/wp-json\/wp\/v2\/media?parent=54429"}],"wp:term":[{"taxonomy":"category","embeddable":true,"href":"https:\/\/novasdodia.com.br\/index.php\/wp-json\/wp\/v2\/categories?post=54429"},{"taxonomy":"post_tag","embeddable":true,"href":"https:\/\/novasdodia.com.br\/index.php\/wp-json\/wp\/v2\/tags?post=54429"}],"curies":[{"name":"wp","href":"https:\/\/api.w.org\/{rel}","templated":true}]}}