{"id":54431,"date":"2026-09-04T03:31:35","date_gmt":"2026-09-04T06:31:35","guid":{"rendered":"https:\/\/novasdodia.com.br\/index.php\/2026\/09\/04\/ifsp-integra-oferta-nacional-com-6-125-vagas-gratuitas-em-cursos-de-idiomas-ifsp\/"},"modified":"2026-09-04T03:31:35","modified_gmt":"2026-09-04T06:31:35","slug":"ifsp-integra-oferta-nacional-com-6-125-vagas-gratuitas-em-cursos-de-idiomas-ifsp","status":"publish","type":"post","link":"https:\/\/novasdodia.com.br\/index.php\/2026\/09\/04\/ifsp-integra-oferta-nacional-com-6-125-vagas-gratuitas-em-cursos-de-idiomas-ifsp\/","title":{"rendered":"IFSP integra oferta nacional com 6.125 vagas gratuitas em cursos de idiomas &#8211; IFSP"},"content":{"rendered":"<p><\/p>\n<div>\n<div class=\"subtitle\">\n<p>Comunidade do Instituto pode se inscrever at\u00e9 10 de setembro em cursos de alem\u00e3o, espanhol, franc\u00eas, ingl\u00eas, italiano e japon\u00eas<\/p>\n<\/div>\n<p><!-- fim .content-header-options-1 --><\/p>\n<p class=\"isSelectedEnd\">Estudantes e servidores do Instituto Federal de Educa\u00e7\u00e3o, Ci\u00eancia e Tecnologia de S\u00e3o Paulo (IFSP) t\u00eam acesso a uma nova oportunidade de forma\u00e7\u00e3o em l\u00ednguas estrangeiras. Est\u00e3o abertas as inscri\u00e7\u00f5es para a oferta coletiva de cursos da Rede Andifes Idiomas sem Fronteiras (IsF), que disponibiliza 6.125 vagas gratuitas para estudantes e servidores de institui\u00e7\u00f5es de ensino participantes de todo o pa\u00eds.<\/p>\n<p class=\"isSelectedEnd\">No IFSP, podem participar estudantes de gradua\u00e7\u00e3o e p\u00f3s-gradua\u00e7\u00e3o, docentes e t\u00e9cnicos-administrativos. As inscri\u00e7\u00f5es ficam abertas at\u00e9 10 de setembro de 2026, \u00e0s 12h (hor\u00e1rio de Bras\u00edlia).<\/p>\n<p class=\"isSelectedEnd\">Nesta edi\u00e7\u00e3o, s\u00e3o oferecidos cursos de:<\/p>\n<ul data-spread=\"false\">\n<li>alem\u00e3o;<\/li>\n<li>espanhol;<\/li>\n<li>franc\u00eas;<\/li>\n<li>ingl\u00eas;<\/li>\n<li>italiano;<\/li>\n<li>japon\u00eas.<\/li>\n<\/ul>\n<p class=\"isSelectedEnd\">Os interessados devem consultar o quadro de vagas para verificar os cursos, as turmas e as demais condi\u00e7\u00f5es de participa\u00e7\u00e3o. A inscri\u00e7\u00e3o deve ser realizada dentro do prazo estabelecido no edital.<\/p>\n<p class=\"isSelectedEnd\"><strong>Quadro de vagas e inscri\u00e7\u00f5es:<\/strong><br \/>Acesse o quadro de vagas e fa\u00e7a sua inscri\u00e7\u00e3o<\/p>\n<p class=\"isSelectedEnd\"><strong>Edital da oferta coletiva:<\/strong><br \/>Consulte o edital da oferta coletiva<\/p>\n<p><strong>Parceria amplia participa\u00e7\u00e3o do IFSP na oferta nacional<\/strong><\/p>\n<p class=\"isSelectedEnd\">A participa\u00e7\u00e3o do IFSP na oferta coletiva da Rede Andifes Idiomas sem Fronteiras (IsF) amplia o acesso da comunidade acad\u00eamica do Instituto a oportunidades gratuitas de forma\u00e7\u00e3o em l\u00ednguas estrangeiras.<\/p>\n<p class=\"isSelectedEnd\">A iniciativa integra uma a\u00e7\u00e3o nacional da Rede Andifes IsF voltada \u00e0 promo\u00e7\u00e3o de pol\u00edticas lingu\u00edsticas e \u00e0 amplia\u00e7\u00e3o do acesso ao ensino de idiomas. Por meio da parceria, estudantes e servidores do IFSP podem concorrer \u00e0s vagas disponibilizadas nos cursos de alem\u00e3o, espanhol, franc\u00eas, ingl\u00eas, italiano e japon\u00eas.<\/p>\n<p class=\"isSelectedEnd\">A oferta est\u00e1 alinhada \u00e0s a\u00e7\u00f5es institucionais do IFSP relacionadas \u00e0 internacionaliza\u00e7\u00e3o, ao plurilinguismo e \u00e0 forma\u00e7\u00e3o da comunidade acad\u00eamica, ampliando as possibilidades de acesso ao aprendizado de l\u00ednguas estrangeiras.<\/p>\n<p class=\"isSelectedEnd\">A participa\u00e7\u00e3o na iniciativa tamb\u00e9m fortalece a inser\u00e7\u00e3o do Instituto em a\u00e7\u00f5es nacionais de forma\u00e7\u00e3o lingu\u00edstica e amplia as oportunidades para que estudantes e servidores desenvolvam compet\u00eancias que podem ser utilizadas em diferentes contextos acad\u00eamicos, profissionais e interculturais.<\/p>\n<p class=\"isSelectedEnd\">A iniciativa conta com a participa\u00e7\u00e3o da professora Viviane Cristina Garcia de Stefani, docente do Campus S\u00e3o Carlos, como professora orientadora da Rede Andifes Idiomas sem Fronteiras.<\/p>\n<p><strong>Inclus\u00e3o e reserva de vagas<\/strong><\/p>\n<p class=\"isSelectedEnd\">A oferta tamb\u00e9m prev\u00ea pol\u00edticas de inclus\u00e3o e reserva de vagas. Conforme estabelecido no edital, 20% das vagas s\u00e3o destinadas a candidatos autodeclarados pretos, pardos, ind\u00edgenas, ciganos e quilombolas, enquanto outros 20% s\u00e3o reservados a pessoas com defici\u00eancia, observados os crit\u00e9rios e procedimentos definidos no documento.<\/p>\n<p class=\"isSelectedEnd\">A divulga\u00e7\u00e3o das listas de candidatos deferidos est\u00e1 prevista a partir de 2 de outubro de 2026.<\/p>\n<p><strong>Servi\u00e7o<\/strong><\/p>\n<p class=\"isSelectedEnd\"><strong>O qu\u00ea:<\/strong> cursos gratuitos da Rede Andifes Idiomas sem Fronteiras (IsF)<br \/><strong>P\u00fablico do IFSP:<\/strong> estudantes de gradua\u00e7\u00e3o e p\u00f3s-gradua\u00e7\u00e3o, docentes e t\u00e9cnicos-administrativos<br \/><strong>Idiomas:<\/strong> alem\u00e3o, espanhol, franc\u00eas, ingl\u00eas, italiano e japon\u00eas<br \/><strong>Vagas:<\/strong> 6.125 na oferta coletiva nacional<br \/><strong>Inscri\u00e7\u00f5es:<\/strong> at\u00e9 10 de setembro de 2026, \u00e0s 12h (hor\u00e1rio de Bras\u00edlia)<br \/><strong>Resultado:<\/strong> listas de candidatos deferidos a partir de 2 de outubro de 2026<br \/><strong>Quadro de vagas e inscri\u00e7\u00f5es:<\/strong> Acesse o quadro de vagas e fa\u00e7a sua inscri\u00e7\u00e3o<br \/><strong>Edital:<\/strong> Consulte o edital da oferta coletiva<\/p>\n<p><strong>Mais informa\u00e7\u00f5es:<\/strong> a comunidade do IFSP pode entrar em contato com a <strong>Coordenadoria de Rela\u00e7\u00f5es Internacionais (ARINTER)<\/strong> pelo e-mail <!-- This email address is being protected from spambots. --><span class=\"cloaked_email ep_84949ddb\"><span data-ep-b364b=\"\" data-ep-ae0b8=\"arin\"><span data-ep-b364b=\".br\" data-ep-ae0b8=\"ter@\"><span data-ep-ae0b8=\"ifsp\" data-ep-b364b=\".edu\"\/><\/span><\/span><\/span><span class=\"cloaked_email ep_de252c19\" style=\"display:none;\"><span data-ep-ae0b8=\"arin\" data-ep-b364b=\"\"><span data-ep-b364b=\".br\" data-ep-ae0b8=\"ter@\"><span data-ep-ae0b8=\"ifsp\" data-ep-b364b=\".edu\"\/><\/span><\/span><\/span>.<\/p>\n<\/div>\n","protected":false},"excerpt":{"rendered":"<p>Comunidade do Instituto pode se inscrever at\u00e9 10 de setembro em cursos de alem\u00e3o, espanhol, franc\u00eas, ingl\u00eas, italiano e japon\u00eas Estudantes e servidores do Instituto Federal de Educa\u00e7\u00e3o, Ci\u00eancia e Tecnologia de S\u00e3o Paulo (IFSP) t\u00eam acesso a uma nova oportunidade de forma\u00e7\u00e3o em l\u00ednguas estrangeiras. Est\u00e3o abertas as inscri\u00e7\u00f5es para a oferta coletiva de [&hellip;]<\/p>\n","protected":false},"author":1,"featured_media":0,"comment_status":"","ping_status":"","sticky":false,"template":"","format":"standard","meta":{"footnotes":""},"categories":[1],"tags":[],"class_list":["post-54431","post","type-post","status-publish","format-standard","hentry","category-noticias"],"amp_enabled":true,"_links":{"self":[{"href":"https:\/\/novasdodia.com.br\/index.php\/wp-json\/wp\/v2\/posts\/54431","targetHints":{"allow":["GET"]}}],"collection":[{"href":"https:\/\/novasdodia.com.br\/index.php\/wp-json\/wp\/v2\/posts"}],"about":[{"href":"https:\/\/novasdodia.com.br\/index.php\/wp-json\/wp\/v2\/types\/post"}],"author":[{"embeddable":true,"href":"https:\/\/novasdodia.com.br\/index.php\/wp-json\/wp\/v2\/users\/1"}],"replies":[{"embeddable":true,"href":"https:\/\/novasdodia.com.br\/index.php\/wp-json\/wp\/v2\/comments?post=54431"}],"version-history":[{"count":0,"href":"https:\/\/novasdodia.com.br\/index.php\/wp-json\/wp\/v2\/posts\/54431\/revisions"}],"wp:attachment":[{"href":"https:\/\/novasdodia.com.br\/index.php\/wp-json\/wp\/v2\/media?parent=54431"}],"wp:term":[{"taxonomy":"category","embeddable":true,"href":"https:\/\/novasdodia.com.br\/index.php\/wp-json\/wp\/v2\/categories?post=54431"},{"taxonomy":"post_tag","embeddable":true,"href":"https:\/\/novasdodia.com.br\/index.php\/wp-json\/wp\/v2\/tags?post=54431"}],"curies":[{"name":"wp","href":"https:\/\/api.w.org\/{rel}","templated":true}]}}